{"id":349957,"date":"2025-08-28T11:51:20","date_gmt":"2025-08-28T11:51:20","guid":{"rendered":"https:\/\/www.europesays.com\/fr\/349957\/"},"modified":"2025-08-28T11:51:20","modified_gmt":"2025-08-28T11:51:20","slug":"un-webinaire-pour-les-parents-dun-adolescent-atteint-de-trouble-des-conduites","status":"publish","type":"post","link":"https:\/\/www.europesays.com\/fr\/349957\/","title":{"rendered":"un webinaire pour les parents d&rsquo;un adolescent atteint de trouble des conduites"},"content":{"rendered":"<p>            Par<br \/>\n        <strong><br \/>\n            <a href=\"https:\/\/actu.fr\/auteur\/metropoop\" title=\"Consulter tous les articles de R\u00e9daction M\u00e9tropolitain\" rel=\"nofollow noopener\" target=\"_blank\">R\u00e9daction M\u00e9tropolitain<\/a><br \/>\n        <\/strong><\/p>\n<p>        Publi\u00e9 le<\/p>\n<p>            28 ao\u00fbt 2025 \u00e0 11h36        <\/p>\n<p><strong>Le CHU de Montpellier<\/strong> organise <strong>un webinaire gratuit<\/strong> \u00ab\u00a0Comprendre et accompagner <strong>un adolescent avec un trouble des conduites<\/strong>\u00a0\u00bb \u00e0 destination <strong>des parents concern\u00e9s<\/strong>. Celui-ci se d\u00e9roulera le vendredi 5 septembre de 9h \u00e0 12h30 et de 14h \u00e0 17h. Le nombre de places \u00e9tant limit\u00e9, <strong>une inscription en ligne<\/strong> est n\u00e9cessaire.<\/p>\n<p>Un double regard<\/p>\n<p class=\" wall-content\">Ce webinaire s\u2019adresse aux parents d\u2019adolescents qui pre\u0301sentent des comportements agressifs, qui transgressent les re\u0300gles et ne respectent pas l\u2019autorite\u0301 des adultes. Il s\u2019adresse e\u0301galement aux parents d\u2019adolescents qui ont des soucis de consommations, de trafic, de vols, de vandalisme ou d\u2019autres proble\u0300mes avec la justice.<\/p>\n<p class=\" wall-content\">De nombreux parents font face a\u0300 des situations similaires, de\u0301concertantes et e\u0301puisantes. Ce webinaire, organise\u0301 par l\u2019e\u0301quipe de pe\u0301dopsychiatrie du CHU de Montpellier a e\u0301te\u0301 pense\u0301 pour apporter aux parents des re\u0301ponses concre\u0300tes et bienveillantes. Il apportera un double regard, me\u0301dical et juridique, sur cette proble\u0301matique a\u0300 l\u2019interface du soin et de la justice.<\/p>\n<p>Au programme<\/p>\n<p>&#8211; Qu\u2019est-ce que le trouble des conduites : connaitre les crit\u00e8res, la fr\u00e9quence du trouble, les causes possibles, les facteurs de risque et de protection, savoir rep\u00e9rer les autres troubles qui y sont associ\u00e9s, comprendre l\u2019\u00e9volution et le devenir des jeunes avec trouble des conduites.<br \/>&#8211; Comprendre et g\u00e9rer les crises de col\u00e8re, et \u00e9viter les escalades de violence \u00e0 la maison.<br \/>&#8211; Mettre en place une nouvelle autorit\u00e9 au sein de la famille.<br \/>&#8211; Comprendre les enjeux juridiques des troubles des conduites.<\/p>\n<p>Les intervenants : <br \/>&#8211; Dr Nathalie Franc, p\u00e9dopsychiatre au CHU de Montpellier <br \/>&#8211; Jessica Nesensohn, psychomotricienne au CHU de Montpellier <br \/>&#8211; Ana Maria Garcia Rubio, psychologue au CHU de Montpellier (Service de MPEA1 du Pr Diane Purper-Ouakil).<br \/>&#8211; Maitre Aur\u00e9lien Robert, avocat au Barreau de Montpellier, pr\u00e9sident de l\u2019association \u00ab L\u2019avocat et l\u2019enfant \u00bb.<br \/>&#8211; Ma\u00eetre Maryse Pechevis, avocat au Barreau de Montpellier, droit p\u00e9nal et droit de la famille.<\/p>\n<p>Webinaire gratuit pour les parents concerne\u0301s \u00ab Comprendre et accompagner un adolescent avec un trouble des conduites \u00bb. Vendredi 5 septembre de 9h a\u0300 12h30 et de 14h a\u0300 17h Inscription obligatoire sur <a href=\"https:\/\/forms.cloud.microsoft\/pages\/responsepage.aspx?id=_BPDZ2Q3CUykoYHzXtzvU19SoGvUk_dGjIk82RuIgFZUQjdaWEZNTkxRS09MMzZDTUZUWlMzTDY1Ti4u&amp;route=shorturl\" rel=\"nofollow noopener\" target=\"_blank\">https:\/\/urls.fr\/n9Ewa4<\/a>. Attention, nombre de places limite\u0301.<\/p>\n<p class=\" wall-content\">Personnalisez votre actualit\u00e9 en ajoutant vos villes et m\u00e9dias en favori avec <a href=\"https:\/\/moncompte.actu.fr\" title=\"D\u00e9couvez Mon Actu\" rel=\"nofollow noopener\" data-trk=\"{&quot;cta&quot;:{&quot;action&quot;:&quot;https:\\\/\\\/moncompte.actu.fr&quot;,&quot;category&quot;:&quot;mon compte&quot;,&quot;from&quot;:&quot;article footer&quot;,&quot;name&quot;:&quot;Mon actu&quot;,&quot;type&quot;:&quot;cta&quot;}}\" target=\"_blank\">Mon Actu<\/a>.<\/p>\n","protected":false},"excerpt":{"rendered":"Par R\u00e9daction M\u00e9tropolitain Publi\u00e9 le 28 ao\u00fbt 2025 \u00e0 11h36 Le CHU de Montpellier organise un webinaire gratuit&hellip;\n","protected":false},"author":2,"featured_media":349958,"comment_status":"","ping_status":"","sticky":false,"template":"","format":"standard","meta":{"footnotes":""},"categories":[9599],"tags":[1111,11,1777,674,1011,27,2208,12,2680,25,104],"class_list":{"0":"post-349957","1":"post","2":"type-post","3":"status-publish","4":"format-standard","5":"has-post-thumbnail","7":"category-montpellier","8":"tag-actu","9":"tag-actualites","10":"tag-eu","11":"tag-europe","12":"tag-fr","13":"tag-france","14":"tag-montpellier","15":"tag-news","16":"tag-occitanie","17":"tag-republique-francaise","18":"tag-societe"},"share_on_mastodon":{"url":"https:\/\/pubeurope.com\/@fr\/115106250273807809","error":""},"_links":{"self":[{"href":"https:\/\/www.europesays.com\/fr\/wp-json\/wp\/v2\/posts\/349957","targetHints":{"allow":["GET"]}}],"collection":[{"href":"https:\/\/www.europesays.com\/fr\/wp-json\/wp\/v2\/posts"}],"about":[{"href":"https:\/\/www.europesays.com\/fr\/wp-json\/wp\/v2\/types\/post"}],"author":[{"embeddable":true,"href":"https:\/\/www.europesays.com\/fr\/wp-json\/wp\/v2\/users\/2"}],"replies":[{"embeddable":true,"href":"https:\/\/www.europesays.com\/fr\/wp-json\/wp\/v2\/comments?post=349957"}],"version-history":[{"count":0,"href":"https:\/\/www.europesays.com\/fr\/wp-json\/wp\/v2\/posts\/349957\/revisions"}],"wp:featuredmedia":[{"embeddable":true,"href":"https:\/\/www.europesays.com\/fr\/wp-json\/wp\/v2\/media\/349958"}],"wp:attachment":[{"href":"https:\/\/www.europesays.com\/fr\/wp-json\/wp\/v2\/media?parent=349957"}],"wp:term":[{"taxonomy":"category","embeddable":true,"href":"https:\/\/www.europesays.com\/fr\/wp-json\/wp\/v2\/categories?post=349957"},{"taxonomy":"post_tag","embeddable":true,"href":"https:\/\/www.europesays.com\/fr\/wp-json\/wp\/v2\/tags?post=349957"}],"curies":[{"name":"wp","href":"https:\/\/api.w.org\/{rel}","templated":true}]}}