{"id":349959,"date":"2025-08-28T11:52:13","date_gmt":"2025-08-28T11:52:13","guid":{"rendered":"https:\/\/www.europesays.com\/fr\/349959\/"},"modified":"2025-08-28T11:52:13","modified_gmt":"2025-08-28T11:52:13","slug":"que-faire-a-rouen-et-aux-alentours-ce-week-end-28-aout-30-sept","status":"publish","type":"post","link":"https:\/\/www.europesays.com\/fr\/349959\/","title":{"rendered":"Que faire \u00e0 Rouen et aux alentours ce week-end ? (28 ao\u00fbt &#8211; 30 sept)"},"content":{"rendered":"<p>Besoin d\u2019id\u00e9es pour sortir ce week-end ? Entre shopping, animations sur les quais, ateliers insolites, balades en pleine nature et exp\u00e9riences immersives, Rouen et ses alentours te r\u00e9servent encore de belles surprises. Voici 5 bons plans \u00e0 ne pas manquer !<\/p>\n<p style=\"margin: 0; color: #000000; font-size: 16px; font-weight: bold;\">\u00c0 voir aussi sur Rouen Bouge<\/p>\n<p><strong>\ud83d\udecd\ufe0f Piou Piou Market \u00e0 l\u2019Entrep\u00f4t de Rouen<\/strong><\/p>\n<p>Un march\u00e9 unique en son genre d\u00e9barque \u00e0 Rouen ! Le <strong><a href=\"https:\/\/rouen-bouge.fr\/le-piou-piou-market-debarque-a-rouen-les-30-et-31-aout\/\" rel=\"nofollow noopener\" target=\"_blank\">Piou Piou Market<\/a><\/strong>, c\u2019est :<\/p>\n<ul class=\"wp-block-list\">\n<li>Une friperie g\u00e9ante avec plus d\u2019<strong>1 tonne de v\u00eatements<\/strong> \u00e0 5\u20ac, 10\u20ac et 15\u20ac seulement.<\/li>\n<li>Un march\u00e9 d\u2019artisans locaux pour d\u00e9couvrir des p\u00e9pites.<\/li>\n<li>Plus de <strong>15 stands food<\/strong> pour se r\u00e9galer entre deux trouvailles.<\/li>\n<\/ul>\n<blockquote class=\"instagram-media\" data-instgrm-permalink=\"https:\/\/www.instagram.com\/reel\/DNvk6mL4iC5\/?utm_source=ig_embed&amp;utm_campaign=loading\" data-instgrm-version=\"14\" style=\" background:#FFF; border:0; border-radius:3px; box-shadow:0 0 1px 0 rgba(0,0,0,0.5),0 1px 10px 0 rgba(0,0,0,0.15); margin: 1px; max-width:540px; min-width:326px; padding:0; width:99.375%; width:-webkit-calc(100% - 2px); width:calc(100% - 2px);\"\/>\n<p>\ud83d\udcc5 <strong>30 et 31 ao\u00fbt<\/strong><br \/>\ud83d\udd52 <strong>12h \u2013 20h<\/strong><br \/>\ud83d\udcb8 <strong>Entr\u00e9e gratuite<\/strong><br \/>\ud83d\udccd 5 Quai de Boisguilbert, Hangar E, Rouen<\/p>\n<p><strong>\ud83d\udea4 La Solitaire du Figaro sur les quais de Rouen<\/strong><\/p>\n<p>Ce week-end, Rouen vit \u00e0 l\u2019heure maritime avec la c\u00e9l\u00e8bre course en solitaire. Sur les quais, tu pourras admirer les voiliers, rencontrer les skippers et profiter des animations organis\u00e9es toute la journ\u00e9e.<\/p>\n<p>\ud83d\udcc5 <strong>Tout le week-end<\/strong><br \/>\ud83d\udcb8 <strong>Gratuit<\/strong><br \/>\ud83d\udccd Quais de Rouen<\/p>\n<p><strong>\ud83c\udf38 Cr\u00e9e ton parfum sur mesure avec la parfumerie Damiette<\/strong><\/p>\n<p>Envie d\u2019une exp\u00e9rience unique ? Participe \u00e0 un <a href=\"https:\/\/rouen-bouge.fr\/parfumerie-damiette-votre-parfum-sur-mesure\/\" rel=\"nofollow noopener\" target=\"_blank\"><strong>atelier parfum<\/strong> dans le c\u0153ur historique de Rouen<\/a>. Guid\u00e9 par un professionnel, tu apprendras \u00e0 composer ta fragrance personnalis\u00e9e et tu repartiras avec ton propre flacon.<\/p>\n<p>\ud83d\udcc5 <strong>Sur r\u00e9servation<\/strong><br \/>\ud83d\udd52 <strong>Dur\u00e9e : 1h30<\/strong><br \/>\ud83d\udcb8 <strong>Sur devis (\u2248 50\u20ac)<\/strong><br \/>\ud83d\udccd 35 Rue Damiette, Rouen<\/p>\n<p><strong>\ud83e\udd9a Visite du Parc de Cl\u00e8res<\/strong><\/p>\n<p>\u00c0 seulement 20 minutes de Rouen, le <strong>Parc de Cl\u00e8res<\/strong> est une v\u00e9ritable parenth\u00e8se nature. Entre animaux en libert\u00e9, r\u00e9serve ornithologique et parc botanique historique, c\u2019est une sortie parfaite pour les amoureux des animaux et des balades en famille.<\/p>\n<p>\ud83d\udcc5 <strong>Tous les jours<\/strong><br \/>\ud83d\udd52 <strong>9h30 \u2013 19h30<\/strong><br \/>\ud83d\udcb8 <strong>\u00c0 partir de 8\u20ac<\/strong><br \/>\ud83d\udccd 32 Avenue du Parc, Cl\u00e8res<\/p>\n<p><strong>\ud83d\udd10 Escape Game \u2013 Bomb Squad \u00e0 Rouen<\/strong><\/p>\n<p>Amateurs de sensations fortes, direction le nouvel <strong><a href=\"https:\/\/rouen-bouge.fr\/bomb-squad-lescape-game-survitamine-debarque-a-rouen-et-va-faire-transpirer-vos-neurones-et-vos-abdos\/\" rel=\"nofollow noopener\" target=\"_blank\">escape game Bomb Squad<\/a><\/strong> ! Dans un espace de 70m\u00b2, tu devras relever 5 d\u00e9fis (lasers, sons, \u00e9nigmes, char 3D\u2026) en moins d\u2019une heure pour d\u00e9samorcer une bombe de peinture. Adr\u00e9naline garantie !<\/p>\n<p>\ud83d\udcc5 <strong>Sur r\u00e9servation<\/strong><br \/>\ud83d\udd52 <strong>Dur\u00e9e : 1h<\/strong><br \/>\ud83d\udcb8 <strong>\u00c0 partir de 25\u20ac<\/strong><br \/>\ud83d\udccd 24 Rue Am\u00e9d\u00e9e Dormoy, Rouen<\/p>\n<p>            <script async src=\"\/\/www.instagram.com\/embed.js\"><\/script><\/p>\n","protected":false},"excerpt":{"rendered":"Besoin d\u2019id\u00e9es pour sortir ce week-end ? Entre shopping, animations sur les quais, ateliers insolites, balades en pleine&hellip;\n","protected":false},"author":2,"featured_media":349960,"comment_status":"","ping_status":"","sticky":false,"template":"","format":"standard","meta":{"footnotes":""},"categories":[9587],"tags":[1111,11,1777,674,1011,27,12,5161,25,9590],"class_list":{"0":"post-349959","1":"post","2":"type-post","3":"status-publish","4":"format-standard","5":"has-post-thumbnail","7":"category-rouen","8":"tag-actu","9":"tag-actualites","10":"tag-eu","11":"tag-europe","12":"tag-fr","13":"tag-france","14":"tag-news","15":"tag-normandie","16":"tag-republique-francaise","17":"tag-rouen"},"share_on_mastodon":{"url":"https:\/\/pubeurope.com\/@fr\/115106254225192361","error":""},"_links":{"self":[{"href":"https:\/\/www.europesays.com\/fr\/wp-json\/wp\/v2\/posts\/349959","targetHints":{"allow":["GET"]}}],"collection":[{"href":"https:\/\/www.europesays.com\/fr\/wp-json\/wp\/v2\/posts"}],"about":[{"href":"https:\/\/www.europesays.com\/fr\/wp-json\/wp\/v2\/types\/post"}],"author":[{"embeddable":true,"href":"https:\/\/www.europesays.com\/fr\/wp-json\/wp\/v2\/users\/2"}],"replies":[{"embeddable":true,"href":"https:\/\/www.europesays.com\/fr\/wp-json\/wp\/v2\/comments?post=349959"}],"version-history":[{"count":0,"href":"https:\/\/www.europesays.com\/fr\/wp-json\/wp\/v2\/posts\/349959\/revisions"}],"wp:featuredmedia":[{"embeddable":true,"href":"https:\/\/www.europesays.com\/fr\/wp-json\/wp\/v2\/media\/349960"}],"wp:attachment":[{"href":"https:\/\/www.europesays.com\/fr\/wp-json\/wp\/v2\/media?parent=349959"}],"wp:term":[{"taxonomy":"category","embeddable":true,"href":"https:\/\/www.europesays.com\/fr\/wp-json\/wp\/v2\/categories?post=349959"},{"taxonomy":"post_tag","embeddable":true,"href":"https:\/\/www.europesays.com\/fr\/wp-json\/wp\/v2\/tags?post=349959"}],"curies":[{"name":"wp","href":"https:\/\/api.w.org\/{rel}","templated":true}]}}