{"id":349961,"date":"2025-08-28T11:53:43","date_gmt":"2025-08-28T11:53:43","guid":{"rendered":"https:\/\/www.europesays.com\/fr\/349961\/"},"modified":"2025-08-28T11:53:43","modified_gmt":"2025-08-28T11:53:43","slug":"spectacle-lange-du-foyer-a-rouen-billets-reservations-dates","status":"publish","type":"post","link":"https:\/\/www.europesays.com\/fr\/349961\/","title":{"rendered":"Spectacle L&rsquo;Ange du foyer \u00e0 Rouen, : billets, r\u00e9servations, dates"},"content":{"rendered":"<p class=\"fw-bold font-size-16 my-1\"> Le 23\/01\/2026<\/p>\n<p class=\"fw-bold font-size-16 my-1\"> Th\u00e9\u00e2tre des deux rives &#8211; CDN de Normandie Rouen, 48 rue Louis Ricard | <a href=\"https:\/\/www.jds.fr\/rouen\/\" rel=\"nofollow noopener\" target=\"_blank\">Rouen<\/a><\/p>\n<p class=\"fw-bold font-size-16 my-1\"> <a href=\"https:\/\/www.jds.fr\/artistes\/emma-dante-6742_N\" rel=\"nofollow noopener\" target=\"_blank\">Emma Dante : dates de la tourn\u00e9e<\/a><\/p>\n<p class=\"fw-bold font-size-16 my-1\"> tarif unique 20 \u20ac &#8211; navette \u00e9vreux \/ Rouen incluse <\/p>\n<p>Le CDN de Normandie-Rouen \u2013 Th\u00e9\u00e2tre des deux-rives pr\u00e9sente L\u2019Ange du foyer d\u2019Emma Dante.<\/p>\n<p><a data-lightbox=\"article\" data-title=\"L&#039;Ange du foyer \u00a9 Giulio Monteverde : Ange, monument de la famille Onete, cimeti\u00e8re de Staglieno, G\u00eanes 1882, DR\" class=\"image detail fullwidth  position-relative d-block\" href=\"https:\/\/www.jds.fr\/medias\/image\/0-05491300-1756218263-701689-920-0-F.webp\" title=\"L&#039;Ange du foyer \u00a9 Giulio Monteverde : Ange, monument de la famille Onete, cimeti\u00e8re de Staglieno, G\u00eanes 1882, DR\" rel=\"nofollow noopener\" target=\"_blank\"><br \/>\n<img decoding=\"async\" loading=\"lazy\" src=\"https:\/\/www.europesays.com\/fr\/wp-content\/uploads\/2025\/08\/0-05491300-1756218263-701689-1200-0.webp.webp\"   width=\"685\" alt=\"L'Ange du foyer\" class=\"border\"\/><br \/>\n\u00a9 Giulio Monteverde : Ange, monument de la famille Onete, cimeti\u00e8re de Staglieno, G\u00eanes 1882, DR<br \/>\nL&rsquo;Ange du foyer<br \/>\n<\/a><\/p>\n<p>Emma Dante, figure de la sc\u00e8ne europ\u00e9enne, propose un th\u00e9\u00e2tre du corps \u00e0 la force visuelle et \u00e9motionnelle. Ses spectacles, peu bavards, m\u00ealent langues siciliennes, napolitaines, des Pouilles ou invent\u00e9es. L\u2019Ange du foyer s\u2019inscrit dans cette veine, \u00e0 l\u2019instar de Pupo di zucchero, accueilli par Le Tangram en mars 2023.<\/p>\n<p>L\u2019histoire suit une femme qui succombe sous les coups de couteau de son mari. Chaque matin, ceux qui l\u2019entourent refusent de croire \u00e0 sa mort. Elle doit alors revivre jour apr\u00e8s jour son sort fatal\u00a0: pr\u00e9parer les repas, nettoyer, faire les courses, s\u2019occuper de sa belle-m\u00e8re et de son fils adolescent, tout en subissant de nouveau les agressions de son \u00e9poux. Une routine tragique, symbole de la mis\u00e8re et de la destin\u00e9e f\u00e9minine.<\/p>\n<p>Cette fable intemporelle m\u00eale trag\u00e9die humaine, langue et gestes pour d\u00e9fier la mort et d\u00e9noncer l\u2019insupportable de la vie. La survie de cette femme, ange gardien du foyer, \u00e9claire toute l\u2019ambivalence du mot.<\/p>\n<p>Une navette est pr\u00e9vue, d\u00e9part \u00e0 18h15 devant Le Kubb.<\/p>\n<p>            Renseignements<\/p>\n<p><strong class=\"font-size-18\">O\u00f9\u00a0:<\/strong><br \/> Th\u00e9\u00e2tre des deux rives &#8211; CDN de Normandie Rouen, 48 rue Louis Ricard<a class=\"mt-1 d-block ps-4\" href=\"https:\/\/www.jds.fr\/rouen\/\" rel=\"nofollow noopener\" target=\"_blank\"> 76000 Rouen<\/a><\/p>\n<p>Artiste\u00a0:Dates et horaires\u00a0: <\/p>\n<ul class=\"liste-dates list-unstyled\" id=\"liste-dates-68afbd8b0c28f\">\n<li>Vendredi 23 Janvier 2026 de 20h \u00e0 21h<\/li>\n<\/ul>\n<p>Tarifs\u00a0: <\/p>\n<p>tarif unique 20 \u20ac &#8211; navette \u00e9vreux \/ Rouen incluse<\/p>\n<p>Inscription, billetterie ou r\u00e9servation\u00a0: <\/p>\n<p>Dans la m\u00eame rubrique<\/p>\n<ul class=\"mt-3 list-unstyled list-articles-v2\">\n<li class=\"col-12 pt-4\" data-view-id-type=\"1\" data-view-id=\"945482\" data-view-bc=\"0\"><a class=\"d-block titre text-black mb-1 mb-md-2\" href=\"https:\/\/www.jds.fr\/rouen\/spectacles\/haut-les-pattes-theatre-a-l-ouest-rouen-945482_A\" rel=\"nofollow noopener\" target=\"_blank\">Haut les Pattes\u00a0! &#8211; Th\u00e9\u00e2tre \u00e0 l&rsquo;Ouest, Rouen<\/a>Du 28\/08\/2025 au 31\/08\/2025<a href=\"https:\/\/www.jds.fr\/rouen\/salle-de-concert-et-de-spectacle\/theatre-a-l-ouest-17277_L\" class=\"lieu font-size-14 text-gray-700 d-block lh-sm my-1\" rel=\"nofollow noopener\" target=\"_blank\"> Th\u00e9\u00e2tre \u00e0 l&rsquo;Ouest &#8211; Rouen<\/a>Haut les Pattes\u00a0! &#8211; Th\u00e9\u00e2tre \u00e0 l&rsquo;Ouest, Rouen, un spectacle \u00e0 voir \u00e0 Rouen (Th\u00e9\u00e2tre \u00e0 l&rsquo;Ouest ), du 28 ao\u00fbt 2025 au 31 ao\u00fbt 2025. Toutes les informations pratiques [\u2026]<a class=\"image\" href=\"https:\/\/www.jds.fr\/rouen\/spectacles\/haut-les-pattes-theatre-a-l-ouest-rouen-945482_A\" rel=\"nofollow noopener\" target=\"_blank\"><img decoding=\"async\" loading=\"lazy\" src=\"https:\/\/www.europesays.com\/fr\/wp-content\/uploads\/2025\/08\/1756382015_697_\" width=\"180\" height=\"180\" alt=\"Haut les Pattes ! - Th\u00e9\u00e2tre \u00e0 l'Ouest, Rouen\"\/><\/a><\/li>\n<li class=\"col-12 pt-4\" data-view-id-type=\"1\" data-view-id=\"956027\" data-view-bc=\"0\"><a class=\"d-block titre text-black mb-1 mb-md-2\" href=\"https:\/\/www.jds.fr\/rouen\/spectacles\/professeur-biscoto-vive-le-sport-956027_A\" rel=\"nofollow noopener\" target=\"_blank\">Professeur Biscoto &#8211; Vive le Sport<\/a>Du 28\/08\/2025 au 30\/08\/2025<a href=\"https:\/\/www.jds.fr\/rouen\/salle-de-concert-et-de-spectacle\/theatre-a-l-ouest-17277_L\" class=\"lieu font-size-14 text-gray-700 d-block lh-sm my-1\" rel=\"nofollow noopener\" target=\"_blank\"> Th\u00e9\u00e2tre \u00e0 l&rsquo;Ouest &#8211; Rouen<\/a>Professeur Biscoto &#8211; Vive le Sport, un spectacle \u00e0 voir \u00e0 Rouen (Th\u00e9\u00e2tre \u00e0 l&rsquo;Ouest ), du 28 ao\u00fbt 2025 au 30 ao\u00fbt 2025. Toutes les informations pratiques (tarifs, [\u2026]<a class=\"image\" href=\"https:\/\/www.jds.fr\/rouen\/spectacles\/professeur-biscoto-vive-le-sport-956027_A\" rel=\"nofollow noopener\" target=\"_blank\"><img decoding=\"async\" loading=\"lazy\" src=\"https:\/\/www.europesays.com\/fr\/wp-content\/uploads\/2025\/08\/1756382015_106_\" width=\"180\" height=\"180\" alt=\"Professeur Biscoto - Vive le Sport\"\/><\/a><\/li>\n<li class=\"li_gp_div\">\n<\/li>\n<li class=\"col-12 pt-4\" data-view-id-type=\"1\" data-view-id=\"655070\" data-view-bc=\"0\"><a class=\"d-block titre text-black mb-1 mb-md-2\" href=\"https:\/\/www.jds.fr\/rouen\/spectacles\/atelier-de-creation-de-parfum-655070_A\" rel=\"nofollow noopener\" target=\"_blank\">Atelier de cr\u00e9ation de parfum<\/a>Du 28\/08\/2025 au 28\/09\/2025 RouenAvez-vous des qualit\u00e9s de \u201cnez\u201d insoup\u00e7onn\u00e9es\u00a0? Dans une charmante parfumerie au c\u0153ur du centre historique, venez tester votre cr\u00e9ativit\u00e9 au travers d&rsquo;un atelier de [\u2026]<a class=\"image\" href=\"https:\/\/www.jds.fr\/rouen\/spectacles\/atelier-de-creation-de-parfum-655070_A\" rel=\"nofollow noopener\" target=\"_blank\"><img decoding=\"async\" loading=\"lazy\" src=\"https:\/\/www.europesays.com\/fr\/wp-content\/uploads\/2025\/07\/sorties-culturelles-spectacles-expos-cine-127414-180-180.webp.webp\" width=\"180\" height=\"180\" alt=\"Atelier de cr\u00e9ation de parfum\" class=\"border\"\/><\/a><\/li>\n<li class=\"col-12 pt-4\" data-view-id-type=\"1\" data-view-id=\"959132\" data-view-bc=\"0\"><a class=\"d-block titre text-black mb-1 mb-md-2\" href=\"https:\/\/www.jds.fr\/rouen\/spectacles\/humour\/william-pilet-normal-n-existe-pas-tournee-959132_A\" rel=\"nofollow noopener\" target=\"_blank\">William Pilet &#8211; Normal n&rsquo;Existe Pas &#8211; Tourn\u00e9e<\/a>Du 29\/08\/2025 au 21\/02\/2026<a href=\"https:\/\/www.jds.fr\/rouen\/salle-de-concert-et-de-spectacle\/theatre-a-l-ouest-17277_L\" class=\"lieu font-size-14 text-gray-700 d-block lh-sm my-1\" rel=\"nofollow noopener\" target=\"_blank\"> Th\u00e9\u00e2tre \u00e0 l&rsquo;Ouest &#8211; Rouen<\/a>William Pilet &#8211; Normal n&rsquo;Existe Pas &#8211; Tourn\u00e9e, un spectacle \u00e0 voir \u00e0 Rouen (Th\u00e9\u00e2tre \u00e0 l&rsquo;Ouest ), les 29 ao\u00fbt 2025 et 21 f\u00e9vrier 2026. Toutes les informations pratiques [\u2026]<a class=\"image\" href=\"https:\/\/www.jds.fr\/rouen\/spectacles\/humour\/william-pilet-normal-n-existe-pas-tournee-959132_A\" rel=\"nofollow noopener\" target=\"_blank\"><img decoding=\"async\" loading=\"lazy\" src=\"https:\/\/www.europesays.com\/fr\/wp-content\/uploads\/2025\/08\/1756382017_3_\" width=\"180\" height=\"180\" alt=\"William Pilet - Normal n'Existe Pas - Tourn\u00e9e\"\/><\/a><\/li>\n<li class=\"col-12 pt-4\" data-view-id-type=\"1\" data-view-id=\"961000\" data-view-bc=\"0\"><a class=\"d-block titre text-black mb-1 mb-md-2\" href=\"https:\/\/www.jds.fr\/rouen\/spectacles\/humour\/maxime-et-voila-961000_A\" rel=\"nofollow noopener\" target=\"_blank\">Maxime &#8211; et Voil\u00e0\u00a0!<\/a>Le 30\/08\/2025<a href=\"https:\/\/www.jds.fr\/rouen\/salle-de-concert-et-de-spectacle\/theatre-a-l-ouest-17277_L\" class=\"lieu font-size-14 text-gray-700 d-block lh-sm my-1\" rel=\"nofollow noopener\" target=\"_blank\"> Th\u00e9\u00e2tre \u00e0 l&rsquo;Ouest &#8211; Rouen<\/a>Maxime &#8211; et Voil\u00e0\u00a0!, un spectacle \u00e0 voir \u00e0 Rouen (Th\u00e9\u00e2tre \u00e0 l&rsquo;Ouest ), le 30 ao\u00fbt 2025. Toutes les informations pratiques (tarifs, billetterie, plan de salle) pour ce [\u2026]<a class=\"image\" href=\"https:\/\/www.jds.fr\/rouen\/spectacles\/humour\/maxime-et-voila-961000_A\" rel=\"nofollow noopener\" target=\"_blank\"><img decoding=\"async\" loading=\"lazy\" src=\"https:\/\/www.europesays.com\/fr\/wp-content\/uploads\/2025\/08\/1756382017_62_\" width=\"180\" height=\"180\" alt=\"Maxime - et Voil\u00e0 !\"\/><\/a><\/li>\n<li class=\"li_gp_div li_gp_div_infeed\"\/>\n<li class=\"col-12 pt-4\" data-view-id-type=\"1\" data-view-id=\"945360\" data-view-bc=\"0\"><a class=\"d-block titre text-black mb-1 mb-md-2\" href=\"https:\/\/www.jds.fr\/rouen\/spectacles\/humour\/une-cellule-pour-deux-945360_A\" rel=\"nofollow noopener\" target=\"_blank\">Une Cellule Pour Deux<\/a>Le 31\/08\/2025<a href=\"https:\/\/www.jds.fr\/rouen\/salle-de-concert-et-de-spectacle\/theatre-a-l-ouest-17277_L\" class=\"lieu font-size-14 text-gray-700 d-block lh-sm my-1\" rel=\"nofollow noopener\" target=\"_blank\"> Th\u00e9\u00e2tre \u00e0 l&rsquo;Ouest &#8211; Rouen<\/a>Une Cellule Pour Deux, un spectacle \u00e0 voir \u00e0 Rouen (Th\u00e9\u00e2tre \u00e0 l&rsquo;Ouest ), le 31 ao\u00fbt 2025. Toutes les informations pratiques (tarifs, billetterie, plan de salle) pour ce [\u2026]<a class=\"image\" href=\"https:\/\/www.jds.fr\/rouen\/spectacles\/humour\/une-cellule-pour-deux-945360_A\" rel=\"nofollow noopener\" target=\"_blank\"><img decoding=\"async\" loading=\"lazy\" src=\"https:\/\/www.europesays.com\/fr\/wp-content\/uploads\/2025\/08\/1756382018_129_\" width=\"180\" height=\"180\" alt=\"Une Cellule Pour Deux\"\/><\/a><\/li>\n<li class=\"col-12 pt-4\" data-view-id-type=\"1\" data-view-id=\"945573\" data-view-bc=\"0\"><a class=\"d-block titre text-black mb-1 mb-md-2\" href=\"https:\/\/www.jds.fr\/rouen\/spectacles\/humour\/cheri-faut-qu-on-parle-945573_A\" rel=\"nofollow noopener\" target=\"_blank\">Ch\u00e9ri, Faut qu&rsquo;On Parle\u00a0!<\/a>Du 02\/09\/2025 au 04\/09\/2025<a href=\"https:\/\/www.jds.fr\/rouen\/salle-de-concert-et-de-spectacle\/theatre-a-l-ouest-17277_L\" class=\"lieu font-size-14 text-gray-700 d-block lh-sm my-1\" rel=\"nofollow noopener\" target=\"_blank\"> Th\u00e9\u00e2tre \u00e0 l&rsquo;Ouest &#8211; Rouen<\/a>Ch\u00e9ri, Faut qu&rsquo;On Parle\u00a0!, un spectacle \u00e0 voir \u00e0 Rouen (Th\u00e9\u00e2tre \u00e0 l&rsquo;Ouest ), du 2 septembre 2025 au 4 septembre 2025. Toutes les informations pratiques (tarifs, [\u2026]<a class=\"image\" href=\"https:\/\/www.jds.fr\/rouen\/spectacles\/humour\/cheri-faut-qu-on-parle-945573_A\" rel=\"nofollow noopener\" target=\"_blank\"><img decoding=\"async\" loading=\"lazy\" src=\"https:\/\/www.europesays.com\/fr\/wp-content\/uploads\/2025\/08\/1756382018_885_\" width=\"180\" height=\"180\" alt=\"Ch\u00e9ri, Faut qu'On Parle !\"\/><\/a><\/li>\n<li class=\"col-12 pt-4\" data-view-id-type=\"1\" data-view-id=\"977143\" data-view-bc=\"0\"><a class=\"d-block titre text-black mb-1 mb-md-2\" href=\"https:\/\/www.jds.fr\/rouen\/spectacles\/theatre\/chronos-club-improvisation-977143_A\" rel=\"nofollow noopener\" target=\"_blank\">Chronos Club &#8211; Improvisation<\/a>Du 03\/09\/2025 au 19\/05\/2026<a href=\"https:\/\/www.jds.fr\/rouen\/salle-de-concert-et-de-spectacle\/theatre-a-l-ouest-17277_L\" class=\"lieu font-size-14 text-gray-700 d-block lh-sm my-1\" rel=\"nofollow noopener\" target=\"_blank\"> Th\u00e9\u00e2tre \u00e0 l&rsquo;Ouest &#8211; Rouen<\/a>Chronos Club &#8211; Improvisation, un spectacle \u00e0 voir \u00e0 Rouen (Th\u00e9\u00e2tre \u00e0 l&rsquo;Ouest ), du 3 septembre 2025 au 19 mai 2026. Toutes les informations pratiques (tarifs, billetterie, [\u2026]<a class=\"image\" href=\"https:\/\/www.jds.fr\/rouen\/spectacles\/theatre\/chronos-club-improvisation-977143_A\" rel=\"nofollow noopener\" target=\"_blank\"><img decoding=\"async\" loading=\"lazy\" src=\"https:\/\/www.europesays.com\/fr\/wp-content\/uploads\/2025\/08\/theatre-16668-180-180.webp.webp\" width=\"180\" height=\"180\" alt=\"Chronos Club - Improvisation\" class=\"border\"\/><\/a><\/li>\n<li class=\"col-12 pt-4\" data-view-id-type=\"1\" data-view-id=\"946363\" data-view-bc=\"0\"><a class=\"d-block titre text-black mb-1 mb-md-2\" href=\"https:\/\/www.jds.fr\/rouen\/spectacles\/humour\/le-bonheur-c-est-tout-droit-a-gauche-946363_A\" rel=\"nofollow noopener\" target=\"_blank\">Le Bonheur c&rsquo;Est Tout Droit \u00e0 Gauche\u00a0!<\/a>Du 05\/09\/2025 au 06\/09\/2025<a href=\"https:\/\/www.jds.fr\/rouen\/salle-de-concert-et-de-spectacle\/theatre-a-l-ouest-17277_L\" class=\"lieu font-size-14 text-gray-700 d-block lh-sm my-1\" rel=\"nofollow noopener\" target=\"_blank\"> Th\u00e9\u00e2tre \u00e0 l&rsquo;Ouest &#8211; Rouen<\/a>Le Bonheur c&rsquo;Est Tout Droit \u00e0 Gauche\u00a0!, un spectacle \u00e0 voir \u00e0 Rouen (Th\u00e9\u00e2tre \u00e0 l&rsquo;Ouest ), les 5 septembre 2025 et 6 septembre 2025. Toutes les informations pratiques [\u2026]<a class=\"image\" href=\"https:\/\/www.jds.fr\/rouen\/spectacles\/humour\/le-bonheur-c-est-tout-droit-a-gauche-946363_A\" rel=\"nofollow noopener\" target=\"_blank\"><img decoding=\"async\" loading=\"lazy\" src=\"https:\/\/www.europesays.com\/fr\/wp-content\/uploads\/2025\/08\/1756382019_75_\" width=\"180\" height=\"180\" alt=\"Le Bonheur c'Est Tout Droit \u00e0 Gauche !\"\/><\/a><\/li>\n<li class=\"li_gp_div li_gp_div_infeed\"\/>\n<li class=\"col-12 pt-4\" data-view-id-type=\"1\" data-view-id=\"1111072\" data-view-bc=\"0\"><a class=\"d-block titre text-black mb-1 mb-md-2\" href=\"https:\/\/www.jds.fr\/rouen\/spectacles\/cirque\/cirque-pinder-rouen-1111072_A\" rel=\"nofollow noopener\" target=\"_blank\">Cirque Pinder &#8211; Rouen<\/a>Du 05\/09\/2025 au 14\/09\/2025<a href=\"https:\/\/www.jds.fr\/rouen\/cirque-clown-et-magicien\/chapiteau-17967_L\" class=\"lieu font-size-14 text-gray-700 d-block lh-sm my-1\" rel=\"nofollow noopener\" target=\"_blank\"> Chapiteau &#8211; Rouen<\/a>Cirque Pinder &#8211; Rouen, un spectacle \u00e0 voir \u00e0 Rouen (Chapiteau ), du 5 septembre 2025 au 14 septembre 2025. Toutes les informations pratiques (tarifs, billetterie, plan de salle) [\u2026]<a class=\"image\" href=\"https:\/\/www.jds.fr\/rouen\/spectacles\/cirque\/cirque-pinder-rouen-1111072_A\" rel=\"nofollow noopener\" target=\"_blank\"><img decoding=\"async\" loading=\"lazy\" src=\"https:\/\/www.europesays.com\/fr\/wp-content\/uploads\/2025\/08\/1756382020_306_\" width=\"180\" height=\"180\" alt=\"Cirque Pinder - Rouen\"\/><\/a><\/li>\n<li class=\"col-12 pt-4\" data-view-id-type=\"1\" data-view-id=\"945418\" data-view-bc=\"0\"><a class=\"d-block titre text-black mb-1 mb-md-2\" href=\"https:\/\/www.jds.fr\/rouen\/spectacles\/humour\/au-nom-du-pere-du-flic-du-chat-d-esprit-945418_A\" rel=\"nofollow noopener\" target=\"_blank\">Au Nom du P\u00e8re du Flic du Chat d&rsquo;Esprit<\/a>Du 06\/09\/2025 au 07\/09\/2025<a href=\"https:\/\/www.jds.fr\/rouen\/salle-de-concert-et-de-spectacle\/theatre-a-l-ouest-17277_L\" class=\"lieu font-size-14 text-gray-700 d-block lh-sm my-1\" rel=\"nofollow noopener\" target=\"_blank\"> Th\u00e9\u00e2tre \u00e0 l&rsquo;Ouest &#8211; Rouen<\/a>Au Nom du P\u00e8re du Flic du Chat d&rsquo;Esprit, un spectacle \u00e0 voir \u00e0 Rouen (Th\u00e9\u00e2tre \u00e0 l&rsquo;Ouest ), les 6 septembre 2025 et 7 septembre 2025. Toutes les informations pratiques [\u2026]<a class=\"image\" href=\"https:\/\/www.jds.fr\/rouen\/spectacles\/humour\/au-nom-du-pere-du-flic-du-chat-d-esprit-945418_A\" rel=\"nofollow noopener\" target=\"_blank\"><img decoding=\"async\" loading=\"lazy\" src=\"https:\/\/www.europesays.com\/fr\/wp-content\/uploads\/2025\/08\/1756382020_365_\" width=\"180\" height=\"180\" alt=\"Au Nom du P\u00e8re du Flic du Chat d'Esprit\"\/><\/a><\/li>\n<li class=\"col-12 pt-4\" data-view-id-type=\"1\" data-view-id=\"675233\" data-view-bc=\"0\"><a class=\"d-block titre text-black mb-1 mb-md-2\" href=\"https:\/\/www.jds.fr\/rouen\/spectacles\/atelier-vitrail-675233_A\" rel=\"nofollow noopener\" target=\"_blank\">Atelier vitrail<\/a>Du 07\/09\/2025 au 28\/09\/2025 RouenStage de r\u00e9alisation d&rsquo;un mobile \u00e0 suspendre, d\u00e9couvrez les rudiments de la d\u00e9coupe de verre et du sertissage au cuivre.<br \/>\nPoints cl\u00e9s\u00a0:<\/p>\n<p>    Cr\u00e9ez de vos mains\u00a0!<br \/>\n    [\u2026]<a class=\"image\" href=\"https:\/\/www.jds.fr\/rouen\/spectacles\/atelier-vitrail-675233_A\" rel=\"nofollow noopener\" target=\"_blank\"><img decoding=\"async\" loading=\"lazy\" src=\"https:\/\/www.europesays.com\/fr\/wp-content\/uploads\/2025\/07\/sorties-culturelles-spectacles-expos-cine-127414-180-180.webp.webp\" width=\"180\" height=\"180\" alt=\"Atelier vitrail\" class=\"border\"\/><\/a><\/li>\n<li class=\"col-12 pt-4\" data-view-id-type=\"1\" data-view-id=\"945385\" data-view-bc=\"0\"><a class=\"d-block titre text-black mb-1 mb-md-2\" href=\"https:\/\/www.jds.fr\/rouen\/spectacles\/humour\/ce-que-les-hommes-pensent-du-couple-945385_A\" rel=\"nofollow noopener\" target=\"_blank\">Ce que les Hommes Pensent du Couple<\/a>Du 09\/09\/2025 au 10\/09\/2025<a href=\"https:\/\/www.jds.fr\/rouen\/salle-de-concert-et-de-spectacle\/theatre-a-l-ouest-17277_L\" class=\"lieu font-size-14 text-gray-700 d-block lh-sm my-1\" rel=\"nofollow noopener\" target=\"_blank\"> Th\u00e9\u00e2tre \u00e0 l&rsquo;Ouest &#8211; Rouen<\/a>Ce que les Hommes Pensent du Couple, un spectacle \u00e0 voir \u00e0 Rouen (Th\u00e9\u00e2tre \u00e0 l&rsquo;Ouest ), les 9 septembre 2025 et 10 septembre 2025. Toutes les informations pratiques (tarifs, [\u2026]<a class=\"image\" href=\"https:\/\/www.jds.fr\/rouen\/spectacles\/humour\/ce-que-les-hommes-pensent-du-couple-945385_A\" rel=\"nofollow noopener\" target=\"_blank\"><img decoding=\"async\" loading=\"lazy\" src=\"https:\/\/www.europesays.com\/fr\/wp-content\/uploads\/2025\/08\/1756382020_36_\" width=\"180\" height=\"180\" alt=\"Ce que les Hommes Pensent du Couple\"\/><\/a><\/li>\n<li class=\"li_gp_div li_gp_div_infeed\"\/>\n<li class=\"col-12 pt-4\" data-view-id-type=\"1\" data-view-id=\"989843\" data-view-bc=\"0\"><a class=\"d-block titre text-black mb-1 mb-md-2\" href=\"https:\/\/www.jds.fr\/rouen\/spectacles\/humour\/adrien-schneider-989843_A\" rel=\"nofollow noopener\" target=\"_blank\">Adrien Schneider<\/a>Le 09\/09\/2025<a href=\"https:\/\/www.jds.fr\/rouen\/salle-de-concert-et-de-spectacle\/theatre-a-l-ouest-17277_L\" class=\"lieu font-size-14 text-gray-700 d-block lh-sm my-1\" rel=\"nofollow noopener\" target=\"_blank\"> Th\u00e9\u00e2tre \u00e0 l&rsquo;Ouest &#8211; Rouen<\/a>Adrien Schneider, un spectacle \u00e0 voir \u00e0 Rouen (Th\u00e9\u00e2tre \u00e0 l&rsquo;Ouest ), le 9 septembre 2025. Toutes les informations pratiques (tarifs, billetterie, plan de salle) pour ce [\u2026]<a class=\"image\" href=\"https:\/\/www.jds.fr\/rouen\/spectacles\/humour\/adrien-schneider-989843_A\" rel=\"nofollow noopener\" target=\"_blank\"><img decoding=\"async\" loading=\"lazy\" src=\"https:\/\/www.europesays.com\/fr\/wp-content\/uploads\/2025\/08\/1756382021_156_\" width=\"180\" height=\"180\" alt=\"Adrien Schneider\"\/><\/a><\/li>\n<li class=\"col-12 pt-4\" data-view-id-type=\"1\" data-view-id=\"945384\" data-view-bc=\"0\"><a class=\"d-block titre text-black mb-1 mb-md-2\" href=\"https:\/\/www.jds.fr\/rouen\/spectacles\/humour\/louis-xvi-ils-me-prennent-la-tete-tournee-945384_A\" rel=\"nofollow noopener\" target=\"_blank\">Louis Xvi, Ils Me Prennent la T\u00eate\u00a0! (tourn\u00e9e)<\/a>Le 10\/09\/2025<a href=\"https:\/\/www.jds.fr\/rouen\/salle-de-concert-et-de-spectacle\/theatre-a-l-ouest-17277_L\" class=\"lieu font-size-14 text-gray-700 d-block lh-sm my-1\" rel=\"nofollow noopener\" target=\"_blank\"> Th\u00e9\u00e2tre \u00e0 l&rsquo;Ouest &#8211; Rouen<\/a>Louis Xvi, Ils Me Prennent la T\u00eate\u00a0! (tourn\u00e9e), un spectacle \u00e0 voir \u00e0 Rouen (Th\u00e9\u00e2tre \u00e0 l&rsquo;Ouest ), le 10 septembre 2025. Toutes les informations pratiques (tarifs, [\u2026]<a class=\"image\" href=\"https:\/\/www.jds.fr\/rouen\/spectacles\/humour\/louis-xvi-ils-me-prennent-la-tete-tournee-945384_A\" rel=\"nofollow noopener\" target=\"_blank\"><img decoding=\"async\" loading=\"lazy\" src=\"https:\/\/www.europesays.com\/fr\/wp-content\/uploads\/2025\/08\/1756382021_498_\" width=\"180\" height=\"180\" alt=\"Louis Xvi, Ils Me Prennent la T\u00eate ! (tourn\u00e9e)\"\/><\/a><\/li>\n<li class=\"col-12 pt-4\" data-view-id-type=\"1\" data-view-id=\"1015656\" data-view-bc=\"0\"><a class=\"d-block titre text-black mb-1 mb-md-2\" href=\"https:\/\/www.jds.fr\/rouen\/spectacles\/theatre\/la-comic-match-d-improvisation-1015656_A\" rel=\"nofollow noopener\" target=\"_blank\">La Comic &#8211; Match d&rsquo;Improvisation<\/a>Le 13\/09\/2025<a href=\"https:\/\/www.jds.fr\/rouen\/maromme\/centres-de-loisirs-et-de-culture\/espace-culturel-beaumarchais-16413_L\" class=\"lieu font-size-14 text-gray-700 d-block lh-sm my-1\" rel=\"nofollow noopener\" target=\"_blank\"> Espace Culturel Beaumarchais &#8211; Maromme<\/a>La Comic &#8211; Match d&rsquo;Improvisation, un spectacle \u00e0 voir \u00e0 Rouen (Espace Culturel Beaumarchais Maromme), le 13 septembre 2025. Toutes les informations pratiques (tarifs, [\u2026]<a class=\"image\" href=\"https:\/\/www.jds.fr\/rouen\/spectacles\/theatre\/la-comic-match-d-improvisation-1015656_A\" rel=\"nofollow noopener\" target=\"_blank\"><img decoding=\"async\" loading=\"lazy\" src=\"https:\/\/www.europesays.com\/fr\/wp-content\/uploads\/2025\/08\/1756382022_972_\" width=\"180\" height=\"180\" alt=\"La Comic - Match d'Improvisation\"\/><\/a><\/li>\n<li class=\"col-12 pt-4\" data-view-id-type=\"1\" data-view-id=\"998690\" data-view-bc=\"0\"><a class=\"d-block titre text-black mb-1 mb-md-2\" href=\"https:\/\/www.jds.fr\/rouen\/spectacles\/theatre\/arnaud-cosson-le-syndrome-de-la-page-blanche-tournee-998690_A\" rel=\"nofollow noopener\" target=\"_blank\">Arnaud Cosson &#8211; Le Syndrome de la Page Blanche ( Tourn\u00e9e\u00a0)<\/a>Le 06\/02\/2026<a href=\"https:\/\/www.jds.fr\/rouen\/salle-de-concert-et-de-spectacle\/theatre-a-l-ouest-17277_L\" class=\"lieu font-size-14 text-gray-700 d-block lh-sm my-1\" rel=\"nofollow noopener\" target=\"_blank\"> Th\u00e9\u00e2tre \u00e0 l&rsquo;Ouest &#8211; Rouen<\/a>Arnaud Cosson &#8211; Le Syndrome de la Page Blanche ( Tourn\u00e9e ), un spectacle \u00e0 voir \u00e0 Rouen (Th\u00e9\u00e2tre \u00e0 l&rsquo;Ouest ), le 6 f\u00e9vrier 2026. Toutes les informations pratiques (tarifs, [\u2026]<a class=\"image\" href=\"https:\/\/www.jds.fr\/rouen\/spectacles\/theatre\/arnaud-cosson-le-syndrome-de-la-page-blanche-tournee-998690_A\" rel=\"nofollow noopener\" target=\"_blank\"><img decoding=\"async\" loading=\"lazy\" src=\"https:\/\/www.europesays.com\/fr\/wp-content\/uploads\/2025\/08\/1756382022_876_\" width=\"180\" height=\"180\" alt=\"Arnaud Cosson - Le Syndrome de la Page Blanche ( Tourn\u00e9e )\"\/><\/a><\/li>\n<li class=\"li_gp_div li_gp_div_infeed\"\/>\n<li class=\"col-12 pt-4\" data-view-id-type=\"1\" data-view-id=\"1004851\" data-view-bc=\"0\"><a class=\"d-block titre text-black mb-1 mb-md-2\" href=\"https:\/\/www.jds.fr\/rouen\/spectacles\/theatre\/blabla-drive-tournee-1004851_A\" rel=\"nofollow noopener\" target=\"_blank\">Blabla Drive &#8211; Tourn\u00e9e<\/a>Du 20\/03\/2026 au 21\/03\/2026<a href=\"https:\/\/www.jds.fr\/rouen\/salle-de-concert-et-de-spectacle\/theatre-a-l-ouest-17277_L\" class=\"lieu font-size-14 text-gray-700 d-block lh-sm my-1\" rel=\"nofollow noopener\" target=\"_blank\"> Th\u00e9\u00e2tre \u00e0 l&rsquo;Ouest &#8211; Rouen<\/a>Blabla Drive &#8211; Tourn\u00e9e, un spectacle \u00e0 voir \u00e0 Rouen (Th\u00e9\u00e2tre \u00e0 l&rsquo;Ouest ), les 20 mars 2026 et 21 mars 2026. Toutes les informations pratiques (tarifs, billetterie, plan de [\u2026]<a class=\"image\" href=\"https:\/\/www.jds.fr\/rouen\/spectacles\/theatre\/blabla-drive-tournee-1004851_A\" rel=\"nofollow noopener\" target=\"_blank\"><img decoding=\"async\" loading=\"lazy\" src=\"https:\/\/www.europesays.com\/fr\/wp-content\/uploads\/2025\/08\/1756382022_629_\" width=\"180\" height=\"180\" alt=\"Blabla Drive - Tourn\u00e9e\"\/><\/a><\/li>\n<\/ul>\n<p class=\"font-size-30 fw-bold lh-1 mt-0 mb-4\">Je trouve les meilleures sorties dans ma ville<\/p>\n<p>Les actualit\u00e9s \u00e0  Rouen<\/p>\n<ul class=\"mt-3 list-unstyled list-articles-v2\">\n<li class=\"col-12 pt-4\" data-view-id-type=\"1\" data-view-id=\"1140435\" data-view-bc=\"0\"><a class=\"image\" href=\"https:\/\/www.jds.fr\/rouen\/magazine\/sorties-du-week-end\/ou-aller-a-rouen-ce-week-end-du-29-au-31-aout-3-idees-sorties-1140435_A\" rel=\"nofollow noopener\" target=\"_blank\"><img decoding=\"async\" loading=\"lazy\" src=\"https:\/\/www.europesays.com\/fr\/wp-content\/uploads\/2025\/08\/candlelight-les-4-saisons-de-vivaldi-702201-180-180.webp.webp\" width=\"180\" height=\"180\" alt=\"O\u00f9 aller \u00e0 Rouen ce week-end du 29 au 31 ao\u00fbt ? 3 id\u00e9es sorties\" class=\"border\"\/><\/a><\/li>\n<\/ul>\n<p><a href=\"https:\/\/www.jds.fr\/rouen\/magazine\/\" class=\"btn btn-outline-primary py-2 px-4\" rel=\"nofollow noopener\" target=\"_blank\">Voir toutes les actualit\u00e9s \u00e0  Rouen<\/a><\/p>\n<p class=\"mt-0 mb-3 h2\">Newsletter JDS Rouen<\/p>\n<p class=\"font-size-18 fw-normal lh-sm\">Pr\u00eat pour un week-end de folie\u00a0? Chaque jeudi tous les bons plans sorties<\/p>\n","protected":false},"excerpt":{"rendered":"Le 23\/01\/2026 Th\u00e9\u00e2tre des deux rives &#8211; CDN de Normandie Rouen, 48 rue Louis Ricard | Rouen Emma&hellip;\n","protected":false},"author":2,"featured_media":349962,"comment_status":"","ping_status":"","sticky":false,"template":"","format":"standard","meta":{"footnotes":""},"categories":[9587],"tags":[1111,11,1777,674,1011,27,12,5161,25,9590],"class_list":{"0":"post-349961","1":"post","2":"type-post","3":"status-publish","4":"format-standard","5":"has-post-thumbnail","7":"category-rouen","8":"tag-actu","9":"tag-actualites","10":"tag-eu","11":"tag-europe","12":"tag-fr","13":"tag-france","14":"tag-news","15":"tag-normandie","16":"tag-republique-francaise","17":"tag-rouen"},"share_on_mastodon":{"url":"https:\/\/pubeurope.com\/@fr\/115106258352481517","error":""},"_links":{"self":[{"href":"https:\/\/www.europesays.com\/fr\/wp-json\/wp\/v2\/posts\/349961","targetHints":{"allow":["GET"]}}],"collection":[{"href":"https:\/\/www.europesays.com\/fr\/wp-json\/wp\/v2\/posts"}],"about":[{"href":"https:\/\/www.europesays.com\/fr\/wp-json\/wp\/v2\/types\/post"}],"author":[{"embeddable":true,"href":"https:\/\/www.europesays.com\/fr\/wp-json\/wp\/v2\/users\/2"}],"replies":[{"embeddable":true,"href":"https:\/\/www.europesays.com\/fr\/wp-json\/wp\/v2\/comments?post=349961"}],"version-history":[{"count":0,"href":"https:\/\/www.europesays.com\/fr\/wp-json\/wp\/v2\/posts\/349961\/revisions"}],"wp:featuredmedia":[{"embeddable":true,"href":"https:\/\/www.europesays.com\/fr\/wp-json\/wp\/v2\/media\/349962"}],"wp:attachment":[{"href":"https:\/\/www.europesays.com\/fr\/wp-json\/wp\/v2\/media?parent=349961"}],"wp:term":[{"taxonomy":"category","embeddable":true,"href":"https:\/\/www.europesays.com\/fr\/wp-json\/wp\/v2\/categories?post=349961"},{"taxonomy":"post_tag","embeddable":true,"href":"https:\/\/www.europesays.com\/fr\/wp-json\/wp\/v2\/tags?post=349961"}],"curies":[{"name":"wp","href":"https:\/\/api.w.org\/{rel}","templated":true}]}}