{"id":349965,"date":"2025-08-28T11:55:15","date_gmt":"2025-08-28T11:55:15","guid":{"rendered":"https:\/\/www.europesays.com\/fr\/349965\/"},"modified":"2025-08-28T11:55:15","modified_gmt":"2025-08-28T11:55:15","slug":"alain-carignon-recoit-un-soutien-de-taille-pour-les-municipales-de-2026","status":"publish","type":"post","link":"https:\/\/www.europesays.com\/fr\/349965\/","title":{"rendered":"Alain Carignon re\u00e7oit un soutien de taille pour les municipales de 2026"},"content":{"rendered":"<p itemprop=\"description\"><strong>L\u2019avocat Bernard Boulloud a affich\u00e9 publiquement son soutien.<\/strong><\/p>\n<p>En juin dernier, l\u2019ancien maire de Grenoble, Alain Carignon, a annonc\u00e9 qu\u2019il serait candidat aux municipales de 2026 pour reprendre les pouvoirs de la capitale des Alpes. Comme en 2020, il ne se pr\u00e9sentera pas avec l\u2019\u00e9tiquette des R\u00e9publicains, mais avec celle de R\u00e9concilier Grenoble.<\/p>\n<p><strong>\u00ab\u00a0Restaurer la fiert\u00e9 des Grenoblois\u00a0\u00bb<\/strong><\/p>\n<p>Comme soutien de taille, il pourra compter sur l\u2019avocat Bernard Boulloud, bien connu dans la ville. Ce dernier a, par le biais du collectif R\u00e9concilier Grenoble, tenu \u00e0 apporter son renfort au candidat, en martelant le fait de s\u2019engager personnellement dans un \u00ab\u00a0projet de redressement\u00a0\u00bb.<\/p>\n<p>\u00ab\u00a0Mon soutien se porte sur Alain Carignon et son projet, la seule alternative s\u00e9rieuse pour r\u00e9pondre aux besoins r\u00e9els de notre ville. Sa vision humaniste, pragmatique et courageuse, se distingue des positions personnelles, opportunistes, d\u00e9connect\u00e9es de la r\u00e9alit\u00e9, et vise \u00e0 mettre un terme \u00e0 une gestion calamiteuse qui a ab\u00eem\u00e9 Grenoble sur tous les plans\u00a0\u00bb, a-t-il \u00e9crit.<\/p>\n<p>Ma\u00eetre Boulloud esp\u00e8re d\u00e9sormais que son acolyte sera choisi par les Grenoblois pour obtenir \u00ab\u00a0une ville plus s\u00fbre, plus propre, plus solidaire et plus fi\u00e8re\u00a0\u00bb. \u00ab\u00a0Ensemble, nous aurons la capacit\u00e9 de redonner un nouveau souffle \u00e0 Grenoble et de restaurer la fiert\u00e9 des Grenoblois\u00a0\u00bb, a-t-il conclu.<\/p>\n","protected":false},"excerpt":{"rendered":"L\u2019avocat Bernard Boulloud a affich\u00e9 publiquement son soutien. En juin dernier, l\u2019ancien maire de Grenoble, Alain Carignon, a&hellip;\n","protected":false},"author":2,"featured_media":349966,"comment_status":"","ping_status":"","sticky":false,"template":"","format":"standard","meta":{"footnotes":""},"categories":[9566],"tags":[1111,11,7733,8279,2430,7736,650,7734,2889,2263,1777,674,1011,27,2731,8280,6417,1114,108,4662,12,3725,1825,25,7737],"class_list":{"0":"post-349965","1":"post","2":"type-post","3":"status-publish","4":"format-standard","5":"has-post-thumbnail","7":"category-grenoble","8":"tag-actu","9":"tag-actualites","10":"tag-alpes","11":"tag-alpes1","12":"tag-auvergne-rhone-alpes","13":"tag-cds","14":"tag-cinema","15":"tag-ecoute","16":"tag-emission","17":"tag-equipe","18":"tag-eu","19":"tag-europe","20":"tag-fr","21":"tag-france","22":"tag-grenoble","23":"tag-haute","24":"tag-information","25":"tag-infos","26":"tag-isere","27":"tag-journal","28":"tag-news","29":"tag-podcast","30":"tag-radio","31":"tag-republique-francaise","32":"tag-winamp"},"share_on_mastodon":{"url":"https:\/\/pubeurope.com\/@fr\/115106265435857553","error":""},"_links":{"self":[{"href":"https:\/\/www.europesays.com\/fr\/wp-json\/wp\/v2\/posts\/349965","targetHints":{"allow":["GET"]}}],"collection":[{"href":"https:\/\/www.europesays.com\/fr\/wp-json\/wp\/v2\/posts"}],"about":[{"href":"https:\/\/www.europesays.com\/fr\/wp-json\/wp\/v2\/types\/post"}],"author":[{"embeddable":true,"href":"https:\/\/www.europesays.com\/fr\/wp-json\/wp\/v2\/users\/2"}],"replies":[{"embeddable":true,"href":"https:\/\/www.europesays.com\/fr\/wp-json\/wp\/v2\/comments?post=349965"}],"version-history":[{"count":0,"href":"https:\/\/www.europesays.com\/fr\/wp-json\/wp\/v2\/posts\/349965\/revisions"}],"wp:featuredmedia":[{"embeddable":true,"href":"https:\/\/www.europesays.com\/fr\/wp-json\/wp\/v2\/media\/349966"}],"wp:attachment":[{"href":"https:\/\/www.europesays.com\/fr\/wp-json\/wp\/v2\/media?parent=349965"}],"wp:term":[{"taxonomy":"category","embeddable":true,"href":"https:\/\/www.europesays.com\/fr\/wp-json\/wp\/v2\/categories?post=349965"},{"taxonomy":"post_tag","embeddable":true,"href":"https:\/\/www.europesays.com\/fr\/wp-json\/wp\/v2\/tags?post=349965"}],"curies":[{"name":"wp","href":"https:\/\/api.w.org\/{rel}","templated":true}]}}