{"id":349967,"date":"2025-08-28T11:56:09","date_gmt":"2025-08-28T11:56:09","guid":{"rendered":"https:\/\/www.europesays.com\/fr\/349967\/"},"modified":"2025-08-28T11:56:09","modified_gmt":"2025-08-28T11:56:09","slug":"en-travaux-pendant-deux-mois-cet-axe-tres-emprunte-de-rennes-va-rouvrir-a-la-circulation","status":"publish","type":"post","link":"https:\/\/www.europesays.com\/fr\/349967\/","title":{"rendered":"En travaux pendant deux mois, cet axe tr\u00e8s emprunt\u00e9 de Rennes va rouvrir \u00e0 la circulation"},"content":{"rendered":"<p>            Par<br \/>\n        <strong><br \/>\n            <a href=\"https:\/\/actu.fr\/auteur\/laurene-fertin\" title=\"Consulter tous les articles de Laur\u00e8ne Fertin\" target=\"_blank\" rel=\"noopener\">Laur\u00e8ne Fertin<\/a><br \/>\n        <\/strong><\/p>\n<p>        Publi\u00e9 le<\/p>\n<p>            28 ao\u00fbt 2025 \u00e0 12h46        <\/p>\n<p>Pendant la p\u00e9riode estivale, <strong>depuis le lundi 7\u00a0juillet 2025<\/strong>, la rue de Ch\u00e2teaugiron \u00e9tait ferm\u00e9e \u00e0 la circulation, \u00e0 la limite de la commune de Chantepie. Nous vous en parlions dans <a href=\"https:\/\/actu.fr\/bretagne\/rennes_35238\/route-fermee-deviations-acces-a-la-rocade-impacte-cette-entree-de-rennes-en-travaux-pendant-deux-mois_62868059.html\" target=\"_blank\" rel=\"noopener\">cet article<\/a>\u2009: <strong>cet axe tr\u00e8s emprunt\u00e9<\/strong> par les usagers de la route, <strong>aux abords de la rocade sud<\/strong> de Rennes, avait surpris de nombreuses voitures, contraintes de faire demi-tour.<\/p>\n<p>Un retour \u00e0 la normale d\u00e8s samedi 30\u00a0ao\u00fbt<\/p>\n<p class=\" wall-content\">\u00ab\u2009La fermeture, d\u2019une dur\u00e9e de huit semaines, a \u00e9t\u00e9 programm\u00e9e [\u2026]<strong> afin de profiter de la baisse de trafic pendant l\u2019\u00e9t\u00e9<\/strong> et<strong> limiter l\u2019impact sur les activit\u00e9s \u00e9conomiques\u2009\u00bb,<\/strong> indiquait alors Rennes M\u00e9tropole.<\/p>\n<p class=\" wall-content\">Ces travaux ont pour but de <strong>poursuivre le d\u00e9veloppement du <a href=\"https:\/\/actu.fr\/bretagne\/rennes_35238\/reseau-express-velo-a-rennes-de-nouvelles-lignes-attendues-en-2025-ou-en-sont-les-travaux_62228153.html\" target=\"_blank\" rel=\"noopener\">R\u00e9seau Express V\u00e9lo<\/a><\/strong> de la M\u00e9tropole. La piste cyclable bidirectionnelle, mise en place, sera s\u00e9curis\u00e9e par <strong>des barri\u00e8res<\/strong> et une <strong>signalisation automatique lumineuse.<\/strong><\/p>\n<p>D&rsquo;autres travaux<\/p>\n<p>De la m\u00eame fa\u00e7on, la piste cyclable bidirectionnelle manquante entre les num\u00e9ros 124 et 134 en raison de travaux r\u00e9alis\u00e9s par une entreprise priv\u00e9e sera r\u00e9habilit\u00e9e pour la rentr\u00e9e scolaire. La circulation \u00e9tait jusqu&rsquo;alors altern\u00e9e jusqu&rsquo;au jeudi 27 ao\u00fbt.<\/p>\n<p class=\" wall-content\"><strong>Une d\u00e9viation<\/strong> a \u00e9t\u00e9 mise en place par le boulevard Paul-Hutin Desgr\u00e9es, la rue de Vern et la rocade sud.<\/p>\n<p class=\" wall-content\">Comme le confirme la Ville de Rennes, <strong>les travaux prendront fin ce vendredi 29\u00a0ao\u00fbt 2025.<\/strong><\/p>\n<p class=\" wall-content\">Personnalisez votre actualit\u00e9 en ajoutant vos villes et m\u00e9dias en favori avec <a href=\"https:\/\/moncompte.actu.fr\" title=\"D\u00e9couvez Mon Actu\" rel=\"nofollow noopener\" data-trk=\"{&quot;cta&quot;:{&quot;action&quot;:&quot;https:\\\/\\\/moncompte.actu.fr&quot;,&quot;category&quot;:&quot;mon compte&quot;,&quot;from&quot;:&quot;article footer&quot;,&quot;name&quot;:&quot;Mon actu&quot;,&quot;type&quot;:&quot;cta&quot;}}\" target=\"_blank\">Mon Actu<\/a>.<\/p>\n","protected":false},"excerpt":{"rendered":"Par Laur\u00e8ne Fertin Publi\u00e9 le 28 ao\u00fbt 2025 \u00e0 12h46 Pendant la p\u00e9riode estivale, depuis le lundi 7\u00a0juillet&hellip;\n","protected":false},"author":2,"featured_media":349968,"comment_status":"","ping_status":"","sticky":false,"template":"","format":"standard","meta":{"footnotes":""},"categories":[2821],"tags":[1111,11,829,1777,674,1011,27,12,4798,584,25,104,2086,208],"class_list":{"0":"post-349967","1":"post","2":"type-post","3":"status-publish","4":"format-standard","5":"has-post-thumbnail","7":"category-rennes","8":"tag-actu","9":"tag-actualites","10":"tag-bretagne","11":"tag-eu","12":"tag-europe","13":"tag-fr","14":"tag-france","15":"tag-news","16":"tag-pistes-cyclables","17":"tag-rennes","18":"tag-republique-francaise","19":"tag-societe","20":"tag-travaux","21":"tag-velo"},"share_on_mastodon":{"url":"https:\/\/pubeurope.com\/@fr\/115106269382806901","error":""},"_links":{"self":[{"href":"https:\/\/www.europesays.com\/fr\/wp-json\/wp\/v2\/posts\/349967","targetHints":{"allow":["GET"]}}],"collection":[{"href":"https:\/\/www.europesays.com\/fr\/wp-json\/wp\/v2\/posts"}],"about":[{"href":"https:\/\/www.europesays.com\/fr\/wp-json\/wp\/v2\/types\/post"}],"author":[{"embeddable":true,"href":"https:\/\/www.europesays.com\/fr\/wp-json\/wp\/v2\/users\/2"}],"replies":[{"embeddable":true,"href":"https:\/\/www.europesays.com\/fr\/wp-json\/wp\/v2\/comments?post=349967"}],"version-history":[{"count":0,"href":"https:\/\/www.europesays.com\/fr\/wp-json\/wp\/v2\/posts\/349967\/revisions"}],"wp:featuredmedia":[{"embeddable":true,"href":"https:\/\/www.europesays.com\/fr\/wp-json\/wp\/v2\/media\/349968"}],"wp:attachment":[{"href":"https:\/\/www.europesays.com\/fr\/wp-json\/wp\/v2\/media?parent=349967"}],"wp:term":[{"taxonomy":"category","embeddable":true,"href":"https:\/\/www.europesays.com\/fr\/wp-json\/wp\/v2\/categories?post=349967"},{"taxonomy":"post_tag","embeddable":true,"href":"https:\/\/www.europesays.com\/fr\/wp-json\/wp\/v2\/tags?post=349967"}],"curies":[{"name":"wp","href":"https:\/\/api.w.org\/{rel}","templated":true}]}}