{"id":34997,"date":"2025-04-18T22:04:15","date_gmt":"2025-04-18T22:04:15","guid":{"rendered":"https:\/\/www.europesays.com\/fr\/34997\/"},"modified":"2025-04-18T22:04:15","modified_gmt":"2025-04-18T22:04:15","slug":"la-date-mystere-de-la-fin-de-la-treve-et-la-france-invitee-a-la-table-des-negociations-2","status":"publish","type":"post","link":"https:\/\/www.europesays.com\/fr\/34997\/","title":{"rendered":"La date myst\u00e8re de la fin de la \u00ab\u00a0tr\u00eave\u00a0\u00bb et la France invit\u00e9e \u00e0 la table des n\u00e9gociations"},"content":{"rendered":"<p>Vous avez rat\u00e9 les derniers \u00e9v\u00e9nements sur la <a href=\"https:\/\/www.20minutes.fr\/monde\/ukraine\/\" class=\"color-ultramarine c-link\" rel=\"nofollow noopener\" target=\"_blank\">guerre en Ukraine<\/a>\u00a0? 20 Minutes fait le point pour vous tous les soirs. Entre les d\u00e9clarations fortes, les avanc\u00e9es sur le front et le bilan des combats, voici l\u2019essentiel de ce mercredi 16\u00a0avril 2025, au 1.148e jour de la guerre.<\/p>\n<p>Le fait du jour<\/p>\n<p>Le 18 mars, quand <a href=\"https:\/\/www.20minutes.fr\/monde\/vladimir_poutine\/\" class=\"color-ultramarine c-link\" rel=\"nofollow noopener\" target=\"_blank\">Vladimir Poutine<\/a> en a donn\u00e9 l\u2019ordre \u00e0 ses soldats apr\u00e8s son coup de fil avec <a href=\"https:\/\/www.20minutes.fr\/dossier\/donald_trump\" class=\"color-ultramarine c-link\" rel=\"nofollow noopener\" target=\"_blank\">Donald Trump<\/a>, ou le 25\u00a0mars, lorsque <a href=\"https:\/\/www.20minutes.fr\/monde\/volodymyr-zelensky\/\" class=\"color-ultramarine c-link\" rel=\"nofollow noopener\" target=\"_blank\">Volodymyr Zelensky<\/a> s\u2019est joint \u00e0 l\u2019accord am\u00e9ricain\u00a0? Quand donc a d\u00e9but\u00e9 la tr\u00eave de \u00ab\u00a030 jours\u00a0\u00bb des frappes sur les infrastructures \u00e9nerg\u00e9tiques arrach\u00e9e par Donald Trump\u00a0? Peu importe, diront les plus cyniques, vu qu\u2019elle n\u2019a jamais \u00e9t\u00e9 vraiment respect\u00e9e. Kiev accuse la Russie d\u2019avoir viol\u00e9 le moratoire \u00ab\u00a0plus de 30 fois\u00a0\u00bb. Le Kremlin prof\u00e8re les m\u00eames accusations \u00e0 l\u2019encontre des Ukrainiens, sans toutefois donner de chiffres.<\/p>\n<p>Il n\u2019emp\u00eache, la date, forc\u00e9ment imminente, de la fin de cette pause toute relative a agit\u00e9 les chancelleries ce mercredi, sans que le myst\u00e8re ne soit \u00e9lucid\u00e9. \u00ab\u00a0Nous vous tiendrons inform\u00e9s, mais je ne suis pas pr\u00eat \u00e0 vous communiquer la d\u00e9cision prise\u00a0\u00bb, a dit Dmitri Peskov, le porte-parole du Kremlin interrog\u00e9 \u00e0 ce sujet. Rien de plus probant du c\u00f4t\u00e9 de Kiev\u00a0: Gu\u00e9orgui\u00ef Tykhy, le chef de la diplomatie ukrainienne, qui consid\u00e8re que la tr\u00eave a commenc\u00e9 le 25\u00a0mars, a expliqu\u00e9 ne pas pouvoir donner de \u00ab\u00a0date sp\u00e9cifique\u00a0\u00bb apr\u00e8s laquelle l\u2019accord sera caduc. Mais il a indiqu\u00e9 que cet accord, tout comme celui \u2013 peu clair \u2013 sur le cessez-le-feu en mer Noire, devait \u00eatre \u00ab\u00a0prolong\u00e9\u00a0\u00bb et que l\u2019Ukraine aspirait de toute fa\u00e7on \u00e0 \u00ab\u00a0un cessez-le-feu complet\u00a0\u00bb.<\/p>\n<\/p>\n<p>La d\u00e9claration du jour<\/p>\n<blockquote class=\"mx-m@xs mx-xxl@md color-ultramarine c-citation\">\n<p class=\"font-weight-regular@xs text-italic font-source-serif-pro text-l@xs c-citation__content\">\u00ab\u00a0La France appelle \u00e0 la lib\u00e9ration imm\u00e9diate et inconditionnelle de tous ceux poursuivis pour motifs politiques et au respect par la Russie de ses engagements internationaux en mati\u00e8re de droit \u00e0 l\u2019information et d\u2019acc\u00e8s \u00e0 l\u2019information\u00a0\u00bb<\/p>\n<\/blockquote>\n<p>Cette d\u00e9claration du Quai d\u2019Orsay arrive au lendemain de la condamnation \u00e0 cinq ans et demi de prison de quatre journalistes russes accus\u00e9s de \u00ab\u00a0proximit\u00e9\u00a0\u00bb avec l\u2019organisation de l\u2019opposant Alexe\u00ef Navalny, mort myst\u00e9rieusement dans sa colonie p\u00e9nitentiaire de l\u2019Arctique en f\u00e9vrier\u00a02024. Sa fondation est consid\u00e9r\u00e9e en Russie comme une organisation \u00ab\u00a0extr\u00e9miste\u00a0\u00bb.<\/p>\n<p>Le chiffre du jour<\/p>\n<p>2. Encore une double frappe russe, apr\u00e8s celle qui a fait 35 morts dimanche \u00e0 Soumy. Cette fois, c\u2019est Kherson, au sud de l\u2019Ukraine, qui \u00e9tait cibl\u00e9e. Un premier bombardement a eu lieu t\u00f4t ce mercredi matin, a expliqu\u00e9 sur Telegram le chef de l\u2019administration militaire de la ville, Roman Mrotchko. Quand les sauveteurs sont arriv\u00e9s sur place afin d\u2019aider les victimes, les forces russes \u00ab\u00a0les ont bombard\u00e9s avec de l\u2019artillerie\u00a0\u00bb, a-t-il ajout\u00e9.<\/p>\n<p>Un homme est d\u00e9c\u00e9d\u00e9 et \u00ab\u00a0trois autres personnes ont \u00e9t\u00e9 bless\u00e9es\u00a0\u00bb, a indiqu\u00e9 le gouverneur de la r\u00e9gion de Kherson, Oleksandre Prokoudine, ajoutant que l\u2019attaque visait un secteur r\u00e9sidentiel.<\/p>\n<p>La tendance<\/p>\n<p>La France aura-t-elle son mot \u00e0 dire, alors que les n\u00e9gociations bilat\u00e9rales entre Donald Trump et Vladimir Poutine, endeuill\u00e9es par le massacre de Soumy, semblent patiner\u00a0? Marco Rubio, le chef de la diplomatie am\u00e9ricaine a en tout cas annonc\u00e9 ce mercredi son arriv\u00e9e \u00e0 Paris. Le secr\u00e9taire d\u2019Etat am\u00e9ricain sera accompagn\u00e9 de l\u2019\u00e9missaire sp\u00e9cial Steve Witkoff, pour des \u00ab\u00a0discussions avec leurs homologues europ\u00e9ens afin d\u2019avancer l\u2019objectif du pr\u00e9sident Trump de mettre fin \u00e0 la guerre entre l\u2019Ukraine et la Russie et d\u2019arr\u00eater la tuerie\u00a0\u00bb, selon un communiqu\u00e9 du D\u00e9partement d\u2019Etat.<\/p>\n<p><a href=\"https:\/\/www.20minutes.fr\/monde\/ukraine\/\" class=\"c-link c-btn c-btn--primary\" rel=\"nofollow noopener\" target=\"_blank\">Notre dossier sur la guerre en Ukraine<\/a><\/p>\n<p>Les deux diplomates de Donald Trump seront re\u00e7us jeudi \u00e0 l\u2019Elys\u00e9e par <a href=\"https:\/\/www.20minutes.fr\/politique\/emmanuel-macron\/\" class=\"color-ultramarine c-link\" rel=\"nofollow noopener\" target=\"_blank\">Emmanuel Macron<\/a>. Marco Rubio aura \u00e9galement des entretiens avec son homologue fran\u00e7ais Jean-No\u00ebl Barrot au cours desquels \u00ab\u00a0ils aborderont ensemble plusieurs crises internationales\u00a0: guerre en Ukraine, situation au Proche-Orient, dossier nucl\u00e9aire iranien\u00a0\u00bb, selon une source diplomatique.<\/p>\n<p>Il s\u2019agit du troisi\u00e8me d\u00e9placement en Europe du chef de la diplomatie am\u00e9ricaine depuis sa prise de fonctions apr\u00e8s sa participation \u00e0 la conf\u00e9rence sur la s\u00e9curit\u00e9 \u00e0 Munich mi-f\u00e9vrier et une r\u00e9union de l\u2019Otan \u00e0 Bruxelles en mars.<\/p>\n<p>Parall\u00e8lement, le ministre fran\u00e7ais des Arm\u00e9es S\u00e9bastien Lecornu sera, lui, \u00e0 Washington o\u00f9 il s\u2019entretiendra avec le ministre am\u00e9ricain de la D\u00e9fense, Pete Hegseth.<\/p>\n","protected":false},"excerpt":{"rendered":"Vous avez rat\u00e9 les derniers \u00e9v\u00e9nements sur la guerre en Ukraine\u00a0? 20 Minutes fait le point pour vous&hellip;\n","protected":false},"author":2,"featured_media":34998,"comment_status":"","ping_status":"","sticky":false,"template":"","format":"standard","meta":{"footnotes":""},"categories":[5],"tags":[11,75,1073,73,1011,27,131,14,74,12,132,135,134,28],"class_list":{"0":"post-34997","1":"post","2":"type-post","3":"status-publish","4":"format-standard","5":"has-post-thumbnail","7":"category-international","8":"tag-actualites","9":"tag-donald-trump","10":"tag-emmanuel-macron","11":"tag-etats-unis","12":"tag-fr","13":"tag-france","14":"tag-guerre-en-ukraine","15":"tag-international","16":"tag-monde","17":"tag-news","18":"tag-russie","19":"tag-vladimir-poutine","20":"tag-volodymyr-zelensky","21":"tag-world"},"share_on_mastodon":{"url":"https:\/\/pubeurope.com\/@fr\/114361235081042611","error":""},"_links":{"self":[{"href":"https:\/\/www.europesays.com\/fr\/wp-json\/wp\/v2\/posts\/34997","targetHints":{"allow":["GET"]}}],"collection":[{"href":"https:\/\/www.europesays.com\/fr\/wp-json\/wp\/v2\/posts"}],"about":[{"href":"https:\/\/www.europesays.com\/fr\/wp-json\/wp\/v2\/types\/post"}],"author":[{"embeddable":true,"href":"https:\/\/www.europesays.com\/fr\/wp-json\/wp\/v2\/users\/2"}],"replies":[{"embeddable":true,"href":"https:\/\/www.europesays.com\/fr\/wp-json\/wp\/v2\/comments?post=34997"}],"version-history":[{"count":0,"href":"https:\/\/www.europesays.com\/fr\/wp-json\/wp\/v2\/posts\/34997\/revisions"}],"wp:featuredmedia":[{"embeddable":true,"href":"https:\/\/www.europesays.com\/fr\/wp-json\/wp\/v2\/media\/34998"}],"wp:attachment":[{"href":"https:\/\/www.europesays.com\/fr\/wp-json\/wp\/v2\/media?parent=34997"}],"wp:term":[{"taxonomy":"category","embeddable":true,"href":"https:\/\/www.europesays.com\/fr\/wp-json\/wp\/v2\/categories?post=34997"},{"taxonomy":"post_tag","embeddable":true,"href":"https:\/\/www.europesays.com\/fr\/wp-json\/wp\/v2\/tags?post=34997"}],"curies":[{"name":"wp","href":"https:\/\/api.w.org\/{rel}","templated":true}]}}