{"id":349973,"date":"2025-08-28T11:59:26","date_gmt":"2025-08-28T11:59:26","guid":{"rendered":"https:\/\/www.europesays.com\/fr\/349973\/"},"modified":"2025-08-28T11:59:26","modified_gmt":"2025-08-28T11:59:26","slug":"cap-au-nord-pour-les-reseaux-de-chaleur","status":"publish","type":"post","link":"https:\/\/www.europesays.com\/fr\/349973\/","title":{"rendered":"Cap au nord pour les r\u00e9seaux de chaleur\u00a0"},"content":{"rendered":"<p class=\"st-surtitre\">\n            L\u2019Eurom\u00e9tropole et les d\u00e9l\u00e9gataires choisis pour cr\u00e9er un nouveau r\u00e9seau de chaleur dans les communes du nord de l\u2019agglom\u00e9ration pr\u00e9sentaient leur projet mardi. Il comporte plusieurs nouveaut\u00e9s dont une centrale solaire thermique, avec un m\u00eame but : parvenir aux 100% d\u2019\u00e9nergie renouvelable ou r\u00e9cup\u00e9r\u00e9e.\n        <\/p>\n<p><img decoding=\"async\" alt=\"\" src=\"https:\/\/www.europesays.com\/fr\/wp-content\/uploads\/2025\/08\/reseau-chaleur_interieurstp6211-jpg.jpeg\" style=\"margin:10px; float:left\"\/>\u00ab\u00a0C\u2019est une \u00e9tape majeure de notre transition \u00e9nerg\u00e9tique\u00a0\u00bb, a d\u00e9clar\u00e9 la pr\u00e9sidente de l\u2019Eurom\u00e9tropole, Pia Imbs, soulignant que pour la premi\u00e8re fois, l\u2019Eurom\u00e9tropole faisait franchir les portes de Strasbourg aux r\u00e9seaux de chaleur publics. Et de rappeler les ambitions du plan Climat : \u00ab\u00a0Couvrir 100% des besoins \u00e9nerg\u00e9tiques \u00e0 l\u2019horizon 2050 avec des sources renouvelables et d\u00e9carbon\u00e9es.\u00a0\u00bb Avec, pour les usagers, un prix raisonnable et stable.<br \/>Le 27 juin dernier, les conseillers m\u00e9tropolitains votaient \u00e0 l\u2019unanimit\u00e9 la d\u00e9l\u00e9gation de service public confi\u00e9e \u00e0 R-CUA (R\u00e9seaux de chaleur urbains d\u2019Alsace) \u2013 dont l\u2019actionnariat unit Gaz de Strasbourg et la coop\u00e9rative suisse Prim\u00e9o Energie -, associ\u00e9 \u00e0 la Banque des territoires. Baptis\u00e9 Eden (pour Energies d\u00e9carbon\u00e9es Eurom\u00e9tropole nord), ce nouveau r\u00e9seau concerne Schiltigheim, Bischheim, Hoenheim, Mundolsheim et Souffelweyersheim. Il entrera progressivement en service \u00e0 l\u2019automne 2026 pour d\u00e9livrer pr\u00e8s de 110 GWh par an en 2031 \u00e0 l\u2019\u00e9quivalent de 11 000 logements, avec un taux d\u2019\u00e9nergie renouvelable et de r\u00e9cup\u00e9ration de 90%.<br \/>Mundolsheim et Souffelweyersheim, n\u2019ayant pas la densit\u00e9 des communes de la premi\u00e8re couronne, b\u00e9n\u00e9ficieront de leur propre r\u00e9seau. \u00ab\u00a0Cela va nous permettre d\u2019exp\u00e9rimenter des solutions de r\u00e9seaux de chaleur pour des communes de deuxi\u00e8me couronne\u00a0\u00bb, a expliqu\u00e9 Marc Hoffsess, conseiller m\u00e9tropolitain d\u00e9l\u00e9gu\u00e9 en charge de la transition \u00e9nerg\u00e9tique. Elles seront aliment\u00e9es par diverses installations, telles que pompes \u00e0 chaleur, panneaux solaires ou chaudi\u00e8res \u00e0 pellets.<\/p>\n<p>Champ solaire<\/p>\n<p>Autre innovation, un parc solaire thermique sera associ\u00e9 \u00e0 un r\u00e9seau de chaleur urbaine. \u00ab\u00a0Nos mod\u00e8les ont \u00e9t\u00e9 danois et finlandais\u00a0\u00bb, indique l\u2019adjoint pour \u00e9voquer les 2650 panneaux solaires thermiques coupl\u00e9s \u00e0 un ballon de stockage de 7000 m3 qui seront install\u00e9s \u00e0 Bischheim. Avec une puissance de 16,5 GWh, ce champ solaire contribuera pour 15% au mix \u00e9nerg\u00e9tique. C\u2019est toutefois la chaleur \u00abfatale \u00bb (perdue) g\u00e9n\u00e9r\u00e9e par les industriels du port autonome qui apportera le plus de kilowatts (40%), suivie par celle de l\u2019incin\u00e9ration des boues de la station d\u2019\u00e9puration de La Wantzenau (35%) o\u00f9 avait lieu la pr\u00e9sentation, le gaz ne venant jouer l\u2019int\u00e9rimaire que pour 10%.<br \/>Le co\u00fbt du projet se monte \u00e0 89 millions d\u2019euros, dont 47 \u00e0 la charge du d\u00e9l\u00e9gataire. \u00a0Les subventions, notamment de l\u2019Ademe, s\u2019\u00e9l\u00e8vent \u00e0 41 millions. \u00ab\u00a0La prochaine \u00e9tape, c\u2019est les communes du sud\u00a0\u00bb, a conclu Marc Hoffsess. L\u2019Eurom\u00e9tropole ambitionne de d\u00e9velopper les r\u00e9seaux de chaleur publics jusqu\u2019\u00e0 80 000 \u00e9quivalents logements en 2030 contre un peu moins de 45 000 actuellement.<\/p>\n<p>Gilbert Reilhac<\/p>\n<p>Photos Philippe Stirnweiss<\/p>\n","protected":false},"excerpt":{"rendered":"L\u2019Eurom\u00e9tropole et les d\u00e9l\u00e9gataires choisis pour cr\u00e9er un nouveau r\u00e9seau de chaleur dans les communes du nord de&hellip;\n","protected":false},"author":2,"featured_media":349974,"comment_status":"","ping_status":"","sticky":false,"template":"","format":"standard","meta":{"footnotes":""},"categories":[2820],"tags":[1111,11,13205,33,436,1777,674,1011,27,775,15899,3264,12,25,5512,16322,640],"class_list":{"0":"post-349973","1":"post","2":"type-post","3":"status-publish","4":"format-standard","5":"has-post-thumbnail","7":"category-strasbourg","8":"tag-actu","9":"tag-actualites","10":"tag-bischheim","11":"tag-economie","12":"tag-environnement","13":"tag-eu","14":"tag-europe","15":"tag-fr","16":"tag-france","17":"tag-grand-est","18":"tag-hoenheim","19":"tag-mundolsheim","20":"tag-news","21":"tag-republique-francaise","22":"tag-schiltigheim","23":"tag-souffelweyersheim","24":"tag-strasbourg"},"share_on_mastodon":{"url":"https:\/\/pubeurope.com\/@fr\/115106281541310069","error":""},"_links":{"self":[{"href":"https:\/\/www.europesays.com\/fr\/wp-json\/wp\/v2\/posts\/349973","targetHints":{"allow":["GET"]}}],"collection":[{"href":"https:\/\/www.europesays.com\/fr\/wp-json\/wp\/v2\/posts"}],"about":[{"href":"https:\/\/www.europesays.com\/fr\/wp-json\/wp\/v2\/types\/post"}],"author":[{"embeddable":true,"href":"https:\/\/www.europesays.com\/fr\/wp-json\/wp\/v2\/users\/2"}],"replies":[{"embeddable":true,"href":"https:\/\/www.europesays.com\/fr\/wp-json\/wp\/v2\/comments?post=349973"}],"version-history":[{"count":0,"href":"https:\/\/www.europesays.com\/fr\/wp-json\/wp\/v2\/posts\/349973\/revisions"}],"wp:featuredmedia":[{"embeddable":true,"href":"https:\/\/www.europesays.com\/fr\/wp-json\/wp\/v2\/media\/349974"}],"wp:attachment":[{"href":"https:\/\/www.europesays.com\/fr\/wp-json\/wp\/v2\/media?parent=349973"}],"wp:term":[{"taxonomy":"category","embeddable":true,"href":"https:\/\/www.europesays.com\/fr\/wp-json\/wp\/v2\/categories?post=349973"},{"taxonomy":"post_tag","embeddable":true,"href":"https:\/\/www.europesays.com\/fr\/wp-json\/wp\/v2\/tags?post=349973"}],"curies":[{"name":"wp","href":"https:\/\/api.w.org\/{rel}","templated":true}]}}