{"id":349975,"date":"2025-08-28T12:00:11","date_gmt":"2025-08-28T12:00:11","guid":{"rendered":"https:\/\/www.europesays.com\/fr\/349975\/"},"modified":"2025-08-28T12:00:11","modified_gmt":"2025-08-28T12:00:11","slug":"bill-gates-la-deja-loue-pour-son-anniversaire-quel-est-donc-ce-superyacht-de-107-metres-visible-en-ce-moment-a-saint-jean-cap-ferrat","status":"publish","type":"post","link":"https:\/\/www.europesays.com\/fr\/349975\/","title":{"rendered":"Bill Gates l&rsquo;a d\u00e9j\u00e0 lou\u00e9 pour son anniversaire&#8230; Quel est donc ce superyacht de 107 m\u00e8tres visible en ce moment \u00e0 Saint-Jean-Cap-Ferrat?"},"content":{"rendered":"<p>Les promeneurs de la presqu\u2019\u00eele de Saint-Jean-Cap-Ferrat <a href=\"https:\/\/www.superyachtfan.com\/fr\/yacht\/lana\/location\/\" target=\"_blank\" rel=\"noopener nofollow\">n\u2019ont pas manqu\u00e9 de l\u2019apercevoir ces derniers jours<\/a>: <strong>un imposant navire blanc mouille au large<\/strong>, attirant les regards curieux.<\/p>\n<p><strong>Selon <a href=\"https:\/\/www.superyachtfan.com\/fr\/yacht\/mar\/#google_vignette\" target=\"_blank\" rel=\"noopener nofollow\">le site SuperYachtFan<\/a>, il s\u2019agit du MAR<\/strong>, \u00ab\u00a0un yacht d\u2019exception sign\u00e9 par le chantier italien Benetti, v\u00e9ritable symbole du luxe flottant contemporain\u00a0\u00bb.<\/p>\n<p>Construit en 2020 par la Benetti Design Team, <strong>ce superyacht de 107 m\u00e8tres de long<\/strong> fait partie des fleurons de ce type de bateau.<\/p>\n<p>MAR partage ses origines avec le projet Lana, l\u2019un des fleurons du constructeur, et \u00ab\u00a0affiche des performances \u00e0 la hauteur de son allure spectaculaire\u00a0\u00bb: <strong>propulsion diesel-\u00e9lectrique Rolls Royce,<\/strong> 18 n\u0153uds en vitesse maximale et une autonomie de plus de 4.000 milles marins.<\/p>\n<p><strong>Avec pr\u00e8s de 3.900 tonnes de volume<\/strong>, il s\u2019impose parmi les g\u00e9ants des mers actuellement en service.<\/p>\n<p>Sa valeur est\u00a0<strong>\u00ab\u00a0estim\u00e9e \u00e0 200 millions de dollars\u00a0\u00bb<\/strong> et ses frais d\u2019affr\u00e8tement chiffr\u00e9s \u00e0 pr\u00e8s de \u00ab\u00a01,8 million par semaine\u00a0\u00bb.<\/p>\n<p>                                Famille royale d&rsquo;Abu Dhabi, Bill Gates, Jeff Bezos&#8230;<\/p>\n<p>\u00c0 bord, tout est pens\u00e9 pour le confort et la d\u00e9mesure. <strong>\u00ab\u00a0MAR peut accueillir 16 invit\u00e9s\u00a0\u00bb<\/strong>, r\u00e9partis dans huit suites somptueuses, servis par <strong>un \u00e9quipage de 34 professionnels. <\/strong><\/p>\n<p>D\u00e9coration raffin\u00e9e, espaces de d\u00e9tente immenses, \u00e9quipements nautiques dernier cri&#8230; Benetti, fond\u00e9 en 1873, est devenu<strong> l\u2019une des r\u00e9f\u00e9rences mondiales dans la construction de yachts de prestige, <\/strong>pr\u00e9cise SuperYatchFan.<\/p>\n<p>Mais au-del\u00e0 de sa silhouette, <strong>c\u2019est son propri\u00e9taire qui nourrit les conversations.<\/strong><\/p>\n<p>Apr\u00e8s avoir appartenu \u00e0 un magnat russe de l\u2019automobile, le navire a \u00e9t\u00e9 acquis en 2023 par <strong>la famille royale d\u2019Abu Dhabi. <\/strong><\/p>\n<p>Il est aujourd\u2019hui <strong>associ\u00e9 au cheikh Suroor bin Mohammed al Nahyan<\/strong>, figure de premier plan aux \u00c9mirats.<\/p>\n<p>Son prestige attire aussi les personnalit\u00e9s internationales. En 2021, <strong>le yacht avait \u00e9t\u00e9 lou\u00e9 par Bill Gates pour c\u00e9l\u00e9brer son anniversaire<\/strong>, <a href=\"https:\/\/www.nicematin.com\/environnement\/c-est-le-plus-grand-voilier-du-monde-le-mega-yacht-de-jeff-bezos-apercu-au-large-des-iles-de-lerins-le-couple-de-jeunes-maries-profite-de-la-cote-d-azur-995082\" rel=\"nofollow noopener\" target=\"_blank\">en pr\u00e9sence d\u2019invit\u00e9s de marque comme Jeff Bezos<\/a>.<\/p>\n","protected":false},"excerpt":{"rendered":"Les promeneurs de la presqu\u2019\u00eele de Saint-Jean-Cap-Ferrat n\u2019ont pas manqu\u00e9 de l\u2019apercevoir ces derniers jours: un imposant navire&hellip;\n","protected":false},"author":2,"featured_media":349976,"comment_status":"","ping_status":"","sticky":false,"template":"","format":"standard","meta":{"footnotes":""},"categories":[2819],"tags":[1111,11,33,1777,674,1011,27,12,2401,973,882,25,602],"class_list":{"0":"post-349975","1":"post","2":"type-post","3":"status-publish","4":"format-standard","5":"has-post-thumbnail","7":"category-nice","8":"tag-actu","9":"tag-actualites","10":"tag-economie","11":"tag-eu","12":"tag-europe","13":"tag-fr","14":"tag-france","15":"tag-news","16":"tag-nice","17":"tag-people","18":"tag-provence-alpes-cote-dazur","19":"tag-republique-francaise","20":"tag-tourisme"},"share_on_mastodon":{"url":"https:\/\/pubeurope.com\/@fr\/115106285082601989","error":""},"_links":{"self":[{"href":"https:\/\/www.europesays.com\/fr\/wp-json\/wp\/v2\/posts\/349975","targetHints":{"allow":["GET"]}}],"collection":[{"href":"https:\/\/www.europesays.com\/fr\/wp-json\/wp\/v2\/posts"}],"about":[{"href":"https:\/\/www.europesays.com\/fr\/wp-json\/wp\/v2\/types\/post"}],"author":[{"embeddable":true,"href":"https:\/\/www.europesays.com\/fr\/wp-json\/wp\/v2\/users\/2"}],"replies":[{"embeddable":true,"href":"https:\/\/www.europesays.com\/fr\/wp-json\/wp\/v2\/comments?post=349975"}],"version-history":[{"count":0,"href":"https:\/\/www.europesays.com\/fr\/wp-json\/wp\/v2\/posts\/349975\/revisions"}],"wp:featuredmedia":[{"embeddable":true,"href":"https:\/\/www.europesays.com\/fr\/wp-json\/wp\/v2\/media\/349976"}],"wp:attachment":[{"href":"https:\/\/www.europesays.com\/fr\/wp-json\/wp\/v2\/media?parent=349975"}],"wp:term":[{"taxonomy":"category","embeddable":true,"href":"https:\/\/www.europesays.com\/fr\/wp-json\/wp\/v2\/categories?post=349975"},{"taxonomy":"post_tag","embeddable":true,"href":"https:\/\/www.europesays.com\/fr\/wp-json\/wp\/v2\/tags?post=349975"}],"curies":[{"name":"wp","href":"https:\/\/api.w.org\/{rel}","templated":true}]}}