{"id":349977,"date":"2025-08-28T12:01:11","date_gmt":"2025-08-28T12:01:11","guid":{"rendered":"https:\/\/www.europesays.com\/fr\/349977\/"},"modified":"2025-08-28T12:01:11","modified_gmt":"2025-08-28T12:01:11","slug":"a-nice-cagnes-et-antibes-le-secours-populaire-collecte-des-fournitures-scolaires-avant-la-rentree","status":"publish","type":"post","link":"https:\/\/www.europesays.com\/fr\/349977\/","title":{"rendered":"A Nice, Cagnes et Antibes, le secours populaire collecte des fournitures scolaires avant la rentr\u00e9e"},"content":{"rendered":"<p class=\"PopSlotParagraph qg-tx2 qg-xtra-lh svelte-1r0pyek\">Alors que la rentr\u00e9e du 1er septembre approche, les rayons de fournitures scolaires sont remplis de parents et enfants avec des listes \u00e0 la main. Mais devant les Cultura d&rsquo;Antibes, de Cagnes-sur-Mer et de Nice, ils croisent aussi des b\u00e9n\u00e9voles du secours populaire qui r\u00e9coltent des fournitures pour leurs b\u00e9n\u00e9ficiaires.<\/p>\n<p class=\"PopSlotParagraph qg-tx2 qg-xtra-lh svelte-1r0pyek\">A l&rsquo;entr\u00e9e du Cultura du centre commercial Nice Lingosti\u00e8re, Matthieu distribue des flyers aux clients. \u00ab\u00a0Il y a la liste de ce dont on a besoin dessus, donc cartables, dictionnaires, gouache, feuilles, classeurs etc. On re\u00e7oit beaucoup de feutres et stylos donc on ne l&rsquo;a pas \u00e9crit sur le flyer. A contrario, le plus difficile \u00e0 collecter ce sont les calculatrices parce que \u00e7a co\u00fbte tr\u00e8s cher.\u00a0\u00bb<\/p>\n<p>  <img decoding=\"async\" class=\"Image-preview  svelte-1b9cmvl\" data-testid=\"image-preview\" src=\"data:image\/jpeg;charset=utf-8;base64, \/9j\/2wBDACgcHiMeGSgjISMtKygwPGRBPDc3PHtYXUlkkYCZlo+AjIqgtObDoKrarYqMyP\/L2u71\/\/\/\/m8H\/\/\/\/6\/+b9\/\/j\/2wBDASstLTw1PHZBQXb4pYyl+Pj4+Pj4+Pj4+Pj4+Pj4+Pj4+Pj4+Pj4+Pj4+Pj4+Pj4+Pj4+Pj4+Pj4+Pj4+Pj4+Pj\/wAARCAAfACoDASIAAhEBAxEB\/8QAGAAAAwEBAAAAAAAAAAAAAAAAAAECAwT\/xAAXEAEBAQEAAAAAAAAAAAAAAAAAAREC\/8QAFgEBAQEAAAAAAAAAAAAAAAAAAQAC\/8QAFhEBAQEAAAAAAAAAAAAAAAAAABEB\/9oADAMBAAIRAxEAPwCdGs5T1HVCA4gqHqYbKc0qpWfNXGoq0hxMXDBTAIbhr\/\/Z\" alt=\"\" aria-hidden=\"false\"\/>     <img decoding=\"async\" src=\"https:\/\/www.europesays.com\/fr\/wp-content\/uploads\/2025\/08\/860_sc_img-8088.jpg\" loading=\"lazy\" fetchpriority=\"low\" width=\"860\" height=\"645\" class=\"Image-main  svelte-1b9cmvl rounded\" data-testid=\"image-src\" alt=\"La collecte se fait en partenariat avec les magasins Cultura jusqu'au 6 septembre.\" aria-hidden=\"false\" onload=\"this.__e=event\" onerror=\"this.__e=event\"\/> La collecte se fait en partenariat avec les magasins Cultura jusqu&rsquo;au 6 septembre. \u00a9 Radio France &#8211; Anne-Lyvia Tollinchi <\/p>\n<p class=\"PopSlotParagraph qg-tx2 qg-xtra-lh svelte-1r0pyek\">La collecte, entam\u00e9e le 18 ao\u00fbt, est tr\u00e8s fructueuse jusque l\u00e0. \u00ab\u00a0Les gens sont g\u00e9n\u00e9reux, explique Matthieu, et on vient aussi \u00e0 Cultura pour capter une client\u00e8le qui a un peu plus de moyens qu&rsquo;ailleurs.\u00a0\u00bb Le but est de pouvoir assembler des kits pour les familles recens\u00e9es parmi les b\u00e9n\u00e9ficiaires du secours populaire. L&rsquo;an dernier, 688 kits ont \u00e9t\u00e9 distribu\u00e9s dans les Alpes Maritimes.<\/p>\n","protected":false},"excerpt":{"rendered":"Alors que la rentr\u00e9e du 1er septembre approche, les rayons de fournitures scolaires sont remplis de parents et&hellip;\n","protected":false},"author":2,"featured_media":349978,"comment_status":"","ping_status":"","sticky":false,"template":"","format":"standard","meta":{"footnotes":""},"categories":[2819],"tags":[1111,11,1777,674,1011,27,12,2401,882,25],"class_list":{"0":"post-349977","1":"post","2":"type-post","3":"status-publish","4":"format-standard","5":"has-post-thumbnail","7":"category-nice","8":"tag-actu","9":"tag-actualites","10":"tag-eu","11":"tag-europe","12":"tag-fr","13":"tag-france","14":"tag-news","15":"tag-nice","16":"tag-provence-alpes-cote-dazur","17":"tag-republique-francaise"},"share_on_mastodon":{"url":"https:\/\/pubeurope.com\/@fr\/115106289020365771","error":""},"_links":{"self":[{"href":"https:\/\/www.europesays.com\/fr\/wp-json\/wp\/v2\/posts\/349977","targetHints":{"allow":["GET"]}}],"collection":[{"href":"https:\/\/www.europesays.com\/fr\/wp-json\/wp\/v2\/posts"}],"about":[{"href":"https:\/\/www.europesays.com\/fr\/wp-json\/wp\/v2\/types\/post"}],"author":[{"embeddable":true,"href":"https:\/\/www.europesays.com\/fr\/wp-json\/wp\/v2\/users\/2"}],"replies":[{"embeddable":true,"href":"https:\/\/www.europesays.com\/fr\/wp-json\/wp\/v2\/comments?post=349977"}],"version-history":[{"count":0,"href":"https:\/\/www.europesays.com\/fr\/wp-json\/wp\/v2\/posts\/349977\/revisions"}],"wp:featuredmedia":[{"embeddable":true,"href":"https:\/\/www.europesays.com\/fr\/wp-json\/wp\/v2\/media\/349978"}],"wp:attachment":[{"href":"https:\/\/www.europesays.com\/fr\/wp-json\/wp\/v2\/media?parent=349977"}],"wp:term":[{"taxonomy":"category","embeddable":true,"href":"https:\/\/www.europesays.com\/fr\/wp-json\/wp\/v2\/categories?post=349977"},{"taxonomy":"post_tag","embeddable":true,"href":"https:\/\/www.europesays.com\/fr\/wp-json\/wp\/v2\/tags?post=349977"}],"curies":[{"name":"wp","href":"https:\/\/api.w.org\/{rel}","templated":true}]}}