{"id":349987,"date":"2025-08-28T12:06:11","date_gmt":"2025-08-28T12:06:11","guid":{"rendered":"https:\/\/www.europesays.com\/fr\/349987\/"},"modified":"2025-08-28T12:06:11","modified_gmt":"2025-08-28T12:06:11","slug":"les-producteurs-sexpliquent-les-spectateurs-rembourses","status":"publish","type":"post","link":"https:\/\/www.europesays.com\/fr\/349987\/","title":{"rendered":"les producteurs s&rsquo;expliquent, les spectateurs rembours\u00e9s"},"content":{"rendered":"<p>            Par<br \/>\n        <strong><br \/>\n            <a href=\"https:\/\/actu.fr\/auteur\/david-saint-sernin\" title=\"Consulter tous les articles de David Saint-Sernin\" target=\"_blank\" rel=\"noopener\">David Saint-Sernin<\/a><br \/>\n        <\/strong><\/p>\n<p>        Publi\u00e9 le<\/p>\n<p>            28 ao\u00fbt 2025 \u00e0 10h55        <\/p>\n<p>Jeudi 28\u00a0ao\u00fbt 2025, les producteurs de la com\u00e9die musicale \u00ab\u2009Les 10 Commandements l\u2019envie d\u2019aimer\u2009\u00bb annoncent<strong> l\u2019annulation de toutes les dates de la tourn\u00e9e<\/strong>. Ce grand \u00e9v\u00e9nement \u00e9tait programm\u00e9 au<a href=\"https:\/\/actu.fr\/tag\/zenith-de-toulouse\" target=\"_blank\" rel=\"noopener\"> Z\u00e9nith de Toulouse<\/a> pour le mercredi 7\u00a0janvier 2026.<\/p>\n<p>Les spectateurs rembours\u00e9s<\/p>\n<p class=\" wall-content\">\u00ab\u2009Malgr\u00e9 tous nos efforts, les pertes accumul\u00e9es sur les premi\u00e8res exploitations et notre impossibilit\u00e9 \u00e0 trouver un mod\u00e8le \u00e9conomique viable avec les diff\u00e9rentes parties prenantes, nous contraignent \u00e0 prendre cette lourde et p\u00e9nible d\u00e9cision\u2009\u00bb, expliquent les producteurs dans un communiqu\u00e9. Ils poursuivent\u2009:<\/p>\n<p class=\" wall-content\">\u00ab\u2009Nous allons donc arr\u00eater les ventes de billets et rembourser les spectateurs ayant d\u00e9j\u00e0 acquis leurs places\u2009\u00bb.<\/p>\n<p class=\" wall-content\">La com\u00e9die musicale \u00ab\u2009Les 10 Commandements, l\u2019envie d\u2019aimer\u2009\u00bb avait \u00e9t\u00e9 relanc\u00e9e par Pascal Obispo en juin\u00a02024.<\/p>\n<p class=\" wall-content\">Personnalisez votre actualit\u00e9 en ajoutant vos villes et m\u00e9dias en favori avec <a href=\"https:\/\/moncompte.actu.fr\" title=\"D\u00e9couvez Mon Actu\" rel=\"nofollow noopener\" data-trk=\"{&quot;cta&quot;:{&quot;action&quot;:&quot;https:\\\/\\\/moncompte.actu.fr&quot;,&quot;category&quot;:&quot;mon compte&quot;,&quot;from&quot;:&quot;article footer&quot;,&quot;name&quot;:&quot;Mon actu&quot;,&quot;type&quot;:&quot;cta&quot;}}\" target=\"_blank\">Mon Actu<\/a>.<\/p>\n","protected":false},"excerpt":{"rendered":"Par David Saint-Sernin Publi\u00e9 le 28 ao\u00fbt 2025 \u00e0 10h55 Jeudi 28\u00a0ao\u00fbt 2025, les producteurs de la com\u00e9die&hellip;\n","protected":false},"author":2,"featured_media":349988,"comment_status":"","ping_status":"","sticky":false,"template":"","format":"standard","meta":{"footnotes":""},"categories":[2816],"tags":[1111,11,1777,674,1011,27,1652,12,2680,25,853,2312],"class_list":{"0":"post-349987","1":"post","2":"type-post","3":"status-publish","4":"format-standard","5":"has-post-thumbnail","7":"category-toulouse","8":"tag-actu","9":"tag-actualites","10":"tag-eu","11":"tag-europe","12":"tag-fr","13":"tag-france","14":"tag-loisirs-culture","15":"tag-news","16":"tag-occitanie","17":"tag-republique-francaise","18":"tag-spectacles","19":"tag-toulouse"},"share_on_mastodon":{"url":"https:\/\/pubeurope.com\/@fr\/115106308657566683","error":""},"_links":{"self":[{"href":"https:\/\/www.europesays.com\/fr\/wp-json\/wp\/v2\/posts\/349987","targetHints":{"allow":["GET"]}}],"collection":[{"href":"https:\/\/www.europesays.com\/fr\/wp-json\/wp\/v2\/posts"}],"about":[{"href":"https:\/\/www.europesays.com\/fr\/wp-json\/wp\/v2\/types\/post"}],"author":[{"embeddable":true,"href":"https:\/\/www.europesays.com\/fr\/wp-json\/wp\/v2\/users\/2"}],"replies":[{"embeddable":true,"href":"https:\/\/www.europesays.com\/fr\/wp-json\/wp\/v2\/comments?post=349987"}],"version-history":[{"count":0,"href":"https:\/\/www.europesays.com\/fr\/wp-json\/wp\/v2\/posts\/349987\/revisions"}],"wp:featuredmedia":[{"embeddable":true,"href":"https:\/\/www.europesays.com\/fr\/wp-json\/wp\/v2\/media\/349988"}],"wp:attachment":[{"href":"https:\/\/www.europesays.com\/fr\/wp-json\/wp\/v2\/media?parent=349987"}],"wp:term":[{"taxonomy":"category","embeddable":true,"href":"https:\/\/www.europesays.com\/fr\/wp-json\/wp\/v2\/categories?post=349987"},{"taxonomy":"post_tag","embeddable":true,"href":"https:\/\/www.europesays.com\/fr\/wp-json\/wp\/v2\/tags?post=349987"}],"curies":[{"name":"wp","href":"https:\/\/api.w.org\/{rel}","templated":true}]}}