{"id":350005,"date":"2025-08-28T12:16:14","date_gmt":"2025-08-28T12:16:14","guid":{"rendered":"https:\/\/www.europesays.com\/fr\/350005\/"},"modified":"2025-08-28T12:16:14","modified_gmt":"2025-08-28T12:16:14","slug":"parfois-plus-de-1-000-demandes-pour-un-studio-le-calvaire-des-etudiants-en-recherche-dun-logement-a-paris","status":"publish","type":"post","link":"https:\/\/www.europesays.com\/fr\/350005\/","title":{"rendered":"Parfois plus de 1.000 demandes pour un studio&#8230; le calvaire des \u00e9tudiants en recherche d&rsquo;un logement \u00e0 Paris"},"content":{"rendered":"<ul class=\"jsx-862013697 ArticleChapo__List\">\n<li class=\"jsx-862013697 ArticleChapo__List_Item flex\">Le site Particulier \u00e0 Particulier a publi\u00e9 jeudi 28 ao\u00fbt une nouvelle \u00e9tude sur le logement \u00e9tudiant, \u00e0 quelques jours de la rentr\u00e9e 2025.<\/li>\n<li class=\"jsx-862013697 ArticleChapo__List_Item flex\">Il en ressort que la pression n&rsquo;a jamais \u00e9t\u00e9 aussi forte dans la capitale, et m\u00eame dans la petite couronne.<\/li>\n<\/ul>\n<p data-module=\"article-paragraph\" class=\"jsx-3046738180 Paragraph Paragraph__End\">Un casse-t\u00eate sans solution ? Dans une nouvelle \u00e9tude parue ce jeudi 28 ao\u00fbt, le site d&rsquo;annonces immobili\u00e8res <a href=\"https:\/\/www.pap.fr\/blog\/logement-etudiants-en-galere-proprietaires-debordes-une-rentree-2025-sous-pression\/a28309\" rel=\"nofollow noopener\" target=\"_blank\">Particulier \u00e0 Particulier<\/a> \u00e9met un \u00e9ni\u00e8me avertissement sur la situation du march\u00e9 du logement \u00e0 Paris, notamment pour les \u00e9tudiants. La demande est tellement plus importante que l&rsquo;offre que le moindre bien est pris d&rsquo;assaut et fait l&rsquo;objet d&rsquo;\u00e9norm\u00e9ment de sollicitations. Le tout, malgr\u00e9 une offre de logements \u00e9tudiants en hausse de 14% par rapport \u00e0 la rentr\u00e9e 2024, gr\u00e2ce au retour des primo-acc\u00e9dants sur le march\u00e9 de l\u2019achat (ce qui lib\u00e8re des biens en location). \u00ab\u00a0Cette embellie reste surtout statistique : sur le terrain, les \u00e9tudiants ne voient pas la diff\u00e9rence\u00a0\u00bb, note PAP, \u00e9voquant une \u00ab\u00a0demande structurellement trop forte (qui) absorbe imm\u00e9diatement ces logements suppl\u00e9mentaires\u00a0\u00bb et une \u00ab\u00a0v\u00e9ritable ru\u00e9e sur les petites surfaces\u00a0\u00bb.\u00a0<\/p>\n<p>La petite couronne aussi prise d&rsquo;assaut&#8230;<\/p>\n<p data-module=\"article-paragraph\" class=\"jsx-3046738180 Paragraph\">Dans le d\u00e9tail, \u00ab\u00a0l\u2019analyse des 200 annonces les plus demand\u00e9es montre qu\u2019un logement (T1, T2 ou T3) re\u00e7oit en moyenne 743 demandes\u00a0\u00bb. \u00ab\u00a0Certains biens d\u00e9passent m\u00eame les 1.000 contacts en quelques jours\u00a0\u00bb, r\u00e9v\u00e8le l&rsquo;\u00e9tude. Selon le rapport, \u00ab\u00a0les annonces qui d\u00e9passent les 1.000 contacts en quelques jours ont toutes le m\u00eame profil : de tr\u00e8s petites surfaces (16 m\u00b2 en moyenne), les loyers les plus accessibles et une localisation intra-muros\u00a0\u00bb. Autant dire que, pour un \u00e9tudiant, r\u00e9ussir \u00e0 mettre la main sur un <a href=\"https:\/\/www.tf1info.fr\/immobilier\/catastrophe-naturelle-degat-des-eaux-que-faire-si-le-logement-que-vous-achetez-est-degrade-entre-la-signature-du-compromis-et-celle-de-la-vente-2389602.html\" target=\"_blank\" rel=\"noopener\">logement<\/a> d\u00e9cent dans la capitale rel\u00e8ve quasiment du miracle.\u00a0<\/p>\n<p data-module=\"article-paragraph\" class=\"jsx-3046738180 Paragraph Paragraph__End\">Face \u00e0 ce parcours du combattant dans la capitale intra-muros, de plus en plus d\u2019\u00e9tudiants se tournent vers la petite couronne. \u00ab\u00a0Mais ce repli n\u2019est pas pour autant synonyme de facilit\u00e9 : l\u2019analyse des 200 annonces les plus demand\u00e9es montre une moyenne de 278 contacts par annonce, preuve que la pression s\u2019y installe aussi\u00a0\u00bb, explique Particulier \u00e0 Particulier. Point encourageant tout de m\u00eame, les surfaces plus grandes de ces habitations \u00ab\u00a0permettent d\u2019envisager la colocation dans des conditions plus confortables\u00a0\u00bb, sans trop s&rsquo;\u00e9loigner.\u00a0<\/p>\n<p>&#8230; les grandes villes de r\u00e9gions aussi<\/p>\n<p data-module=\"article-paragraph\" class=\"jsx-3046738180 Paragraph Paragraph__End\">En parall\u00e8le, de plus en plus de grandes villes de l&rsquo;Hexagone sont confront\u00e9es \u00e0 des difficult\u00e9s similaires. Marseille, <a href=\"https:\/\/www.tf1info.fr\/justice-faits-divers\/enquete-ouverte-apres-une-plainte-pour-agression-d-un-adolescent-juif-a-lyon-2390896.html\" target=\"_blank\" rel=\"noopener\">Lyon<\/a>, Toulouse, Bordeaux ou Montpellier concentrent ainsi une partie importante et toujours plus grande de la demande locative. En r\u00e9gions, les 200 annonces les plus demand\u00e9es comptent en moyenne 142 contacts par logement. \u00ab\u00a0Dans un march\u00e9 tendu, le co\u00fbt du loyer, et la facilit\u00e9 \u00e0 trouver un logement orientent de plus en plus le choix des parcours d\u2019\u00e9tudes\u00a0\u00bb, soulignent les auteurs de l&rsquo;\u00e9tude.\u00a0<\/p>\n<p><a href=\"https:\/\/www.tf1info.fr\/conso\/logement-en-location-ces-conseils-pour-trouver-la-perle-rare-et-dejouer-les-nombreuses-arnaques-2390788.html\" rel=\"noopener\" class=\"jsx-3308031228 Link flex\" target=\"_blank\"><img decoding=\"async\" src=\"https:\/\/www.europesays.com\/fr\/wp-content\/uploads\/2025\/08\/avance-loyer-1216bd-0@1x.jpeg\" alt=\"Getty Images\" loading=\"lazy\" importance=\"low\" fetchpriority=\"low\" class=\"\" aria-hidden=\"true\"\/><\/p>\n<p class=\"jsx-3657663356 ReadMoreArticle__Title\">Lire aussi<\/p>\n<p class=\"jsx-3657663356\">Logement en location : ces conseils pour trouver la perle rare et d\u00e9jouer les (nombreuses) arnaques<\/p>\n<p><\/a><\/p>\n<p data-module=\"article-paragraph\" class=\"jsx-3046738180 Paragraph Paragraph__End\">Pour tenter de desserrer l&rsquo;\u00e9tau, le site immobilier propose diverses solutions, dont nombre d&rsquo;entre elles figurent au sein du rapport parlementaire Daubresse-Cosson. Parmi les pistes \u00e9voqu\u00e9es figure notamment la cr\u00e9ation du statut du bailleur priv\u00e9.\u00a0<\/p>\n<p>M.G<\/p>\n","protected":false},"excerpt":{"rendered":"Le site Particulier \u00e0 Particulier a publi\u00e9 jeudi 28 ao\u00fbt une nouvelle \u00e9tude sur le logement \u00e9tudiant, \u00e0&hellip;\n","protected":false},"author":2,"featured_media":350006,"comment_status":"","ping_status":"","sticky":false,"template":"","format":"standard","meta":{"footnotes":""},"categories":[1888],"tags":[1111,1928,11,1927,1921,36120,1777,674,1011,27,1922,12,1926,626,1925,2922,25,133,26987],"class_list":{"0":"post-350005","1":"post","2":"type-post","3":"status-publish","4":"format-standard","5":"has-post-thumbnail","7":"category-paris","8":"tag-actu","9":"tag-actu-paris","10":"tag-actualites","11":"tag-actualites-paris","12":"tag-article-video","13":"tag-etudes-superieures","14":"tag-eu","15":"tag-europe","16":"tag-fr","17":"tag-france","18":"tag-info","19":"tag-news","20":"tag-news-paris","21":"tag-paris","22":"tag-paris-news","23":"tag-pouvoir-dachat","24":"tag-republique-francaise","25":"tag-video","26":"tag-video-logement-et-immobilier"},"share_on_mastodon":{"url":"https:\/\/pubeurope.com\/@fr\/115106348097476722","error":""},"_links":{"self":[{"href":"https:\/\/www.europesays.com\/fr\/wp-json\/wp\/v2\/posts\/350005","targetHints":{"allow":["GET"]}}],"collection":[{"href":"https:\/\/www.europesays.com\/fr\/wp-json\/wp\/v2\/posts"}],"about":[{"href":"https:\/\/www.europesays.com\/fr\/wp-json\/wp\/v2\/types\/post"}],"author":[{"embeddable":true,"href":"https:\/\/www.europesays.com\/fr\/wp-json\/wp\/v2\/users\/2"}],"replies":[{"embeddable":true,"href":"https:\/\/www.europesays.com\/fr\/wp-json\/wp\/v2\/comments?post=350005"}],"version-history":[{"count":0,"href":"https:\/\/www.europesays.com\/fr\/wp-json\/wp\/v2\/posts\/350005\/revisions"}],"wp:featuredmedia":[{"embeddable":true,"href":"https:\/\/www.europesays.com\/fr\/wp-json\/wp\/v2\/media\/350006"}],"wp:attachment":[{"href":"https:\/\/www.europesays.com\/fr\/wp-json\/wp\/v2\/media?parent=350005"}],"wp:term":[{"taxonomy":"category","embeddable":true,"href":"https:\/\/www.europesays.com\/fr\/wp-json\/wp\/v2\/categories?post=350005"},{"taxonomy":"post_tag","embeddable":true,"href":"https:\/\/www.europesays.com\/fr\/wp-json\/wp\/v2\/tags?post=350005"}],"curies":[{"name":"wp","href":"https:\/\/api.w.org\/{rel}","templated":true}]}}