{"id":350013,"date":"2025-08-28T12:20:17","date_gmt":"2025-08-28T12:20:17","guid":{"rendered":"https:\/\/www.europesays.com\/fr\/350013\/"},"modified":"2025-08-28T12:20:17","modified_gmt":"2025-08-28T12:20:17","slug":"ukraine-17-morts-dont-quatre-enfants-dans-des-frappes-russes-sur-kiev-28-08-2025-a-1408","status":"publish","type":"post","link":"https:\/\/www.europesays.com\/fr\/350013\/","title":{"rendered":"Ukraine : 17 morts, dont quatre enfants, dans des frappes russes sur Kiev &#8211; 28\/08\/2025 \u00e0 14:08"},"content":{"rendered":"<p>        <img fetchpriority=\"high\" decoding=\"async\" src=\"https:\/\/www.europesays.com\/fr\/wp-content\/uploads\/2025\/08\/6611e01669c91c80e3c009d0c0724696-760x507.jpg\" alt=\"La d\u00e9fense a\u00e9rienne ukrainienne tire sur des drones russes lors d'une attaque nocturne massive sur Kiev ,le 28 ao\u00fbt 2025 ( AFP \/ Sergei SUPINSKY )\" loading=\"eager\" width=\"760\" height=\"507\" style=\"max-width: 100%!important; height: auto;\"\/><\/p>\n<p class=\"c-image-news__legend\">La d\u00e9fense a\u00e9rienne ukrainienne tire sur des drones russes lors d&rsquo;une attaque nocturne massive sur Kiev ,le 28 ao\u00fbt 2025 ( AFP \/ Sergei SUPINSKY )<\/p>\n<p>\n Des missiles et des drones russes ont \u00e9ventr\u00e9 des immeubles d&rsquo;habitation \u00e0 Kiev, causant la mort d&rsquo;au moins 17 personnes, dont quatre enfants, au cours d&rsquo;une des plus importantes attaques a\u00e9riennes russes contre l&rsquo;Ukraine.\n<\/p>\n<p>\n Le chef de l&rsquo;Etat ukrainien Volodymyr Zelensky a dans la foul\u00e9e accus\u00e9 Moscou de pr\u00e9f\u00e9rer \u00ab\u00a0continuer \u00e0 tuer\u00a0\u00bb plut\u00f4t que n\u00e9gocier la paix.\n<\/p>\n<p>\n Les d\u00e9marches diplomatiques se sont acc\u00e9l\u00e9r\u00e9es ces derni\u00e8res semaines sous la houlette du pr\u00e9sident am\u00e9ricain Donald Trump. Mais elles n&rsquo;ont pas donn\u00e9 de r\u00e9sultats concrets et l&rsquo;arm\u00e9e russe a intensifi\u00e9 ses bombardements.\n<\/p>\n<p>\n La Russie, qui envahit l&rsquo;Ukraine depuis f\u00e9vrier 2022, \u00ab\u00a0ne recule devant rien\u00a0\u00bb pour la \u00ab\u00a0terroriser\u00a0\u00bb, a r\u00e9agi la pr\u00e9sidente de la Commission europ\u00e9enne Ursula von der Leyen, tandis que les locaux de la d\u00e9l\u00e9gation de l&rsquo;UE dans le centre de la capitale ukrainienne ont \u00e9t\u00e9 endommag\u00e9s pendant cette attaque nocturne.\n<\/p>\n<p>\n Situ\u00e9 \u00e0 proximit\u00e9, le bureau du British Council a \u00e9galement subi des d\u00e9g\u00e2ts.\n<\/p>\n<p>\n Cons\u00e9quence, l&rsquo;Union europ\u00e9enne et le Royaume-Uni ont respectivement convoqu\u00e9 les ambassadeurs russes \u00e0 Bruxelles et \u00e0 Londres.\n<\/p>\n<p>\n Le chef de l&rsquo;Etat russe Vladimir Poutine \u00ab\u00a0tue des enfants et des civils et sabote les espoirs de paix\u00a0\u00bb, s&rsquo;est de son c\u00f4t\u00e9 emport\u00e9 le Premier ministre Britannique Keir Starmer.\n<\/p>\n<p>\n Cependant que le pr\u00e9sident fran\u00e7ais Emmanuel Macron a condamn\u00e9 la \u00ab\u00a0terreur\u00a0\u00bb et la \u00ab\u00a0barbarie\u00a0\u00bb de la Russie avec ces \u00ab\u00a0attaques insens\u00e9es d&rsquo;une grande cruaut\u00e9\u00a0\u00bb.\n<\/p>\n<p> &#8211; \u00ab\u00a0Un massacre de civils d\u00e9lib\u00e9r\u00e9\u00a0\u00bb &#8211;<\/p>\n<p>\n Dans un quartier oriental de Kiev, les secouristes ont d\u00e9gag\u00e9 plusieurs corps des gravats d&rsquo;un b\u00e2timent r\u00e9sidentiel totalement d\u00e9truit, ont constat\u00e9 des journalistes de l&rsquo;AFP sur place.\n<\/p>\n<p>\n \u00ab\u00a0Si j&rsquo;\u00e9tais all\u00e9 \u00e0 l&rsquo;abri une minute plus tard, je ne serais pas l\u00e0 aujourd&rsquo;hui, j&rsquo;aurais \u00e9t\u00e9 enseveli\u00a0\u00bb, a racont\u00e9 \u00e0 l&rsquo;AFP Andri\u00ef, bless\u00e9 \u00e0 l&rsquo;\u0153il et dont l&rsquo;appartement a \u00e9t\u00e9 souffl\u00e9.\n<\/p>\n<p>\n Pendant cette attaque nocturne, les forces russes ont tir\u00e9 598 drones et 31 missiles sur l&rsquo;Ukraine, selon l&rsquo;arm\u00e9e de l&rsquo;air ukrainienne.\n<\/p>\n<p>\n La Russie \u00ab\u00a0choisit de continuer \u00e0 tuer et non de mettre fin \u00e0 la guerre\u00a0\u00bb et \u00ab\u00a0n&rsquo;a toujours pas peur de cons\u00e9quences\u00a0\u00bb de ses actes, a lanc\u00e9 le Volodymyr Zelensky, parlant de \u00ab\u00a0massacre de civils horrible et d\u00e9lib\u00e9r\u00e9\u00a0\u00bb.\n<\/p>\n<p>\n Il a dit esp\u00e9rer de nouvelles sanctions contre ce pays et appel\u00e9 les alli\u00e9s de celui-ci, tels que la Chine et la Hongrie, membre de l&rsquo;Union europ\u00e9enne, \u00e0 adopter une positions ferme vis-\u00e0-vis de la Russie, qui occupe 20% du territoire ukrainien dans l&rsquo;est et le sud.\n<\/p>\n<p>\n \u00ab\u00a0Toutes les \u00e9ch\u00e9ances ont d\u00e9j\u00e0 \u00e9t\u00e9 d\u00e9pass\u00e9es, des dizaines d&rsquo;opportunit\u00e9s diplomatiques ont \u00e9t\u00e9 g\u00e2ch\u00e9es\u00a0\u00bb, a ajout\u00e9 M. Zelensky.\n<\/p>\n<p>\n Le porte-parole du Kremlin Dmitri Peskov a pour sa part assur\u00e9 jeudi que la Russie restait \u00ab\u00a0int\u00e9ress\u00e9e\u00a0\u00bb par des n\u00e9gociations de paix avec l&rsquo;Ukraine mais qu&rsquo;elle continuerait de bombarder son voisin.\n<\/p>\n<p>        <img decoding=\"async\" src=\"https:\/\/www.europesays.com\/fr\/wp-content\/uploads\/2025\/08\/895150a244061c72c2a5572cd1866b2b-760x517.jpg\" alt=\"Un nuage de fum\u00e9e lors d'une attaque nocturne massive de drones et de missiles russes sur Kiev, le 28 ao\u00fbt 2025 en Ukraine ( AFP \/ Sergei SUPINSKY )\" loading=\"eager\" width=\"760\" height=\"517\" style=\"max-width: 100%!important; height: auto;\"\/><\/p>\n<p class=\"c-image-news__legend\">Un nuage de fum\u00e9e lors d&rsquo;une attaque nocturne massive de drones et de missiles russes sur Kiev, le 28 ao\u00fbt 2025 en Ukraine ( AFP \/ Sergei SUPINSKY )<\/p>\n<p>\n L&rsquo;arm\u00e9e russe a affirm\u00e9 avoir cibl\u00e9 les \u00ab\u00a0entreprises du complexe militaro-industriel\u00a0\u00bb, n&rsquo;ayant jamais admis avoir vis\u00e9 des civils ukrainiens.\n<\/p>\n<p>\n Apr\u00e8s trois ans et demi du conflit le plus sanglant en Europe depuis la fin de la Deuxi\u00e8me guerre mondiale, plusieurs quartiers de la capitale ukrainienne, \u00e9pargn\u00e9e pendant plusieurs semaines, ont v\u00e9cu une nuit d&rsquo;intenses frappes.\n<\/p>\n<p>\n Des reporters de l&rsquo;AFP ont entendu de fortes explosions et vu un missile \u00eatre abattu.\n<\/p>\n<p> &#8211; Rencontre \u00e0 New York &#8211;<\/p>\n<p>        <img decoding=\"async\" src=\"https:\/\/www.europesays.com\/fr\/wp-content\/uploads\/2025\/08\/365cd735b3bb5c663d047e6428956ca7-760x507.jpg\" alt=\"Le pr\u00e9sident am\u00e9ricain Donald Trump (d) et son homologue russe Vladimir Poutine, \u00e0 Anchorage, en Alaska, le 15 ao\u00fbt 2025 ( AFP \/ ANDREW CABALLERO-REYNOLDS )\" loading=\"eager\" width=\"760\" height=\"507\" style=\"max-width: 100%!important; height: auto;\"\/><\/p>\n<p class=\"c-image-news__legend\">Le pr\u00e9sident am\u00e9ricain Donald Trump (d) et son homologue russe Vladimir Poutine, \u00e0 Anchorage, en Alaska, le 15 ao\u00fbt 2025 ( AFP \/ ANDREW CABALLERO-REYNOLDS )<\/p>\n<p>\n Fin juillet, des bombardements russes avaient fait plus de 30 morts \u00e0 Kiev, l&rsquo;une des attaques les plus meurtri\u00e8res qu&rsquo;ait subies cette ville.\n<\/p>\n<p>\n Ces frappes avaient pouss\u00e9 Donald Trump \u00e0 accro\u00eetre la pression sur Moscou pour accepter une tr\u00eave et conduit \u00e0 sa rencontre avec son homologue russe en Alaska le 15 ao\u00fbt.\n<\/p>\n<p>\n Apr\u00e8s ce sommet, suivi par une visite \u00e0 Washington de M. Zelensky accompagn\u00e9 de ses alli\u00e9s europ\u00e9ens, le pr\u00e9sident am\u00e9ricain a dit vouloir pr\u00e9parer une r\u00e9union en face-\u00e0-face entre les chefs d&rsquo;Etat russe et ukrainien.\n<\/p>\n<p>        <img decoding=\"async\" src=\"https:\/\/www.europesays.com\/fr\/wp-content\/uploads\/2025\/08\/3060ad196de82e290a447af5e4fd823f-760x602.jpg\" alt=\"Carte de l'Ukraine indiquant les territoires revendiqu\u00e9s par la Russie dans le pays (Donetsk, Lougansk, Zaporijjia et Kherson) et en Crim\u00e9e (annex\u00e9e en 2014), ainsi que l'avanc\u00e9e des troupes russes, selon les donn\u00e9es de l'Institute for the Study of War and AEI's Critical Threats Project au 17 ao\u00fbt 2025 ( AFP \/ Guillermo RIVAS PACHECO )\" loading=\"eager\" width=\"760\" height=\"602\" style=\"max-width: 100%!important; height: auto;\"\/><\/p>\n<p class=\"c-image-news__legend\">Carte de l&rsquo;Ukraine indiquant les territoires revendiqu\u00e9s par la Russie dans le pays (Donetsk, Lougansk, Zaporijjia et Kherson) et en Crim\u00e9e (annex\u00e9e en 2014), ainsi que l&rsquo;avanc\u00e9e des troupes russes, selon les donn\u00e9es de l&rsquo;Institute for the Study of War and AEI&rsquo;s Critical Threats Project au 17 ao\u00fbt 2025 ( AFP \/ Guillermo RIVAS PACHECO )<\/p>\n<p>\n La perspective d&rsquo;une telle rencontre semble depuis s&rsquo;\u00e9loigner, la Russie ayant fait comprendre qu&rsquo;elle n&rsquo;\u00e9tait pas \u00e0 l&rsquo;ordre du jour.\n<\/p>\n<p>\n Avant la conclusion d&rsquo;un hypoth\u00e9tique accord de paix, l&rsquo;Ukraine veut obtenir des garanties de s\u00e9curit\u00e9 des Occidentaux pour dissuader Moscou de toute nouvelle attaque.\n<\/p>\n<p>        <img decoding=\"async\" src=\"https:\/\/www.europesays.com\/fr\/wp-content\/uploads\/2025\/08\/91ba1dd7e189cfd1b02f38dcddc5aa11-760x507.jpg\" alt=\"Le pr\u00e9sident ukrainien Volodymyr Zelensky lors d'une conf\u00e9rence de presse \u00e0 Kiev, le 25 ao\u00fbt 2025 ( AFP \/ Genya SAVILOV )\" loading=\"eager\" width=\"760\" height=\"507\" style=\"max-width: 100%!important; height: auto;\"\/><\/p>\n<p class=\"c-image-news__legend\">Le pr\u00e9sident ukrainien Volodymyr Zelensky lors d&rsquo;une conf\u00e9rence de presse \u00e0 Kiev, le 25 ao\u00fbt 2025 ( AFP \/ Genya SAVILOV )<\/p>\n<p>\n M. Zelensky a annonc\u00e9 que des membres de son \u00e9quipe allaient rencontrer vendredi \u00e0 New York des repr\u00e9sentants du gouvernement a\u00e9mricain.\n<\/p>\n<p>\n Pour mettre fin \u00e0 son assaut, la Russie r\u00e9clame notamment que l&rsquo;Ukraine lui c\u00e8de quatre r\u00e9gions partiellement occup\u00e9es, en plus de la Crim\u00e9e annex\u00e9e en 2014, et renonce \u00e0 int\u00e9grer l&rsquo;Alliance atlantique. Ce que Kiev juge inacceptable.\n<\/p>\n<p>\n L&rsquo;arm\u00e9e russe a de son c\u00f4t\u00e9 dit avoir intercept\u00e9 102 drones ukrainiens, \u00e0 un moment o\u00f9 les attaques a\u00e9riennes contre les raffineries de p\u00e9trole en Russie ont fait s&rsquo;envoler le prix de l&rsquo;essence.<\/p>\n","protected":false},"excerpt":{"rendered":"La d\u00e9fense a\u00e9rienne ukrainienne tire sur des drones russes lors d&rsquo;une attaque nocturne massive sur Kiev ,le 28&hellip;\n","protected":false},"author":2,"featured_media":350014,"comment_status":"","ping_status":"","sticky":false,"template":"","format":"standard","meta":{"footnotes":""},"categories":[1591],"tags":[400,11,398,408,405,1887,403,402,399,404,12,1885,1886,132,401,406,407],"class_list":{"0":"post-350013","1":"post","2":"type-post","3":"status-publish","4":"format-standard","5":"has-post-thumbnail","7":"category-russie","8":"tag-action-cac-40","9":"tag-actualites","10":"tag-bourse-de-paris","11":"tag-boursorama","12":"tag-cotations","13":"tag-federation-de-russie","14":"tag-indices-devises","15":"tag-investir","16":"tag-investissement","17":"tag-marche-boursier","18":"tag-news","19":"tag-russia","20":"tag-russian-federation","21":"tag-russie","22":"tag-sicav","23":"tag-trackers","24":"tag-warrants"},"share_on_mastodon":{"url":"https:\/\/pubeurope.com\/@fr\/115106363969444558","error":""},"_links":{"self":[{"href":"https:\/\/www.europesays.com\/fr\/wp-json\/wp\/v2\/posts\/350013","targetHints":{"allow":["GET"]}}],"collection":[{"href":"https:\/\/www.europesays.com\/fr\/wp-json\/wp\/v2\/posts"}],"about":[{"href":"https:\/\/www.europesays.com\/fr\/wp-json\/wp\/v2\/types\/post"}],"author":[{"embeddable":true,"href":"https:\/\/www.europesays.com\/fr\/wp-json\/wp\/v2\/users\/2"}],"replies":[{"embeddable":true,"href":"https:\/\/www.europesays.com\/fr\/wp-json\/wp\/v2\/comments?post=350013"}],"version-history":[{"count":0,"href":"https:\/\/www.europesays.com\/fr\/wp-json\/wp\/v2\/posts\/350013\/revisions"}],"wp:featuredmedia":[{"embeddable":true,"href":"https:\/\/www.europesays.com\/fr\/wp-json\/wp\/v2\/media\/350014"}],"wp:attachment":[{"href":"https:\/\/www.europesays.com\/fr\/wp-json\/wp\/v2\/media?parent=350013"}],"wp:term":[{"taxonomy":"category","embeddable":true,"href":"https:\/\/www.europesays.com\/fr\/wp-json\/wp\/v2\/categories?post=350013"},{"taxonomy":"post_tag","embeddable":true,"href":"https:\/\/www.europesays.com\/fr\/wp-json\/wp\/v2\/tags?post=350013"}],"curies":[{"name":"wp","href":"https:\/\/api.w.org\/{rel}","templated":true}]}}