{"id":350018,"date":"2025-08-28T12:23:10","date_gmt":"2025-08-28T12:23:10","guid":{"rendered":"https:\/\/www.europesays.com\/fr\/350018\/"},"modified":"2025-08-28T12:23:10","modified_gmt":"2025-08-28T12:23:10","slug":"le-prince-harry-sera-au-royaume-uni-le-8-septembre-prochain","status":"publish","type":"post","link":"https:\/\/www.europesays.com\/fr\/350018\/","title":{"rendered":"Le prince Harry sera au Royaume-Uni le 8 septembre prochain"},"content":{"rendered":"<p>Harry, qui vit en Californie depuis sa rupture avec la famille royale en 2020, \u00abva assister \u00e0 la c\u00e9r\u00e9monie du 20\u00e8me anniversaire des WellChild Awards\u00bb, a indiqu\u00e9 sur son site cette organisation, qui aide les enfants malades.<\/p>\n<p>Le prince est parrain de cette organisation caritative depuis 17 ans. Lors de la c\u00e9r\u00e9monie le 8 septembre, il est pr\u00e9vu qu\u2019il rencontre des enfants gravement malades et leurs familles, et qu\u2019il remette un prix \u00e0 un jeune \u00abenfant inspirant\u00bb.<\/p>\n<p>\u00abJe me sens toujours privil\u00e9gi\u00e9 d\u2019assister aux WellChild Awards\u00bb, a-t-il d\u00e9clar\u00e9, cit\u00e9 par cette organisation caritative.<\/p>\n<p>\u00a0<\/p>\n<p>Sa venue au Royaume-Uni promet d\u2019alimenter des sp\u00e9culations sur une \u00e9ventuelle r\u00e9conciliation avec la famille royale.<\/p>\n<p>Le prince de 40 ans a assur\u00e9 en mai vouloir se r\u00e9concilier avec son p\u00e8re, le roi Charles III, dans un entretien \u00e0 la BBC.<\/p>\n<p>Harry a \u00e9t\u00e9 vu pour la derni\u00e8re fois au Royaume-Uni en mai, \u00e0 l\u2019occasion d\u2019une audience judiciaire sur la prise responsable de sa s\u00e9curit\u00e9.<\/p>\n<p>Mais en juillet, le journal Mail on Sunday a publi\u00e9 des photos d\u2019une r\u00e9union de conseillers du roi et de Harry, pr\u00e9sent\u00e9e comme une premi\u00e8re \u00e9tape vers un rapprochement.<\/p>\n<p>\u00a0<\/p>\n<p>La reine Elizabeth II est morte le 8 septembre 2022 dans sa r\u00e9sidence de Balmoral en \u00c9cosse.<\/p>\n<p>Quelques jours plus tard, les princes William et Harry, avec leurs \u00e9pouses Kate et Meghan, \u00e9taient apparus c\u00f4te \u00e0 c\u00f4te mais distants, en habits de deuil au ch\u00e2teau de Windsor. C\u2019est la derni\u00e8re fois qu\u2019ils ont \u00e9t\u00e9 vus ensemble.<\/p>\n<p>Le froid entre Harry et la famille royale s\u2019est encore aggrav\u00e9 d\u00e9but 2023, quand le prince a publi\u00e9 ses m\u00e9moires \u00abLe Suppl\u00e9ant\u00bb, dans lesquels il cible particuli\u00e8rement son fr\u00e8re et la princesse Kate.\u00a0<\/p>\n","protected":false},"excerpt":{"rendered":"Harry, qui vit en Californie depuis sa rupture avec la famille royale en 2020, \u00abva assister \u00e0 la&hellip;\n","protected":false},"author":2,"featured_media":350019,"comment_status":"","ping_status":"","sticky":false,"template":"","format":"standard","meta":{"footnotes":""},"categories":[1588],"tags":[11,1777,674,12,473,1853,1851,1850,1852],"class_list":{"0":"post-350018","1":"post","2":"type-post","3":"status-publish","4":"format-standard","5":"has-post-thumbnail","7":"category-royaume-uni","8":"tag-actualites","9":"tag-eu","10":"tag-europe","11":"tag-news","12":"tag-royaume-uni","13":"tag-royaume-uni-de-grande-bretagne-et-dirlande-du-nord","14":"tag-uk","15":"tag-united-kingdom","16":"tag-united-kingdom-of-great-britain-and-northern-ireland"},"share_on_mastodon":{"url":"https:\/\/pubeurope.com\/@fr\/115106375570269414","error":""},"_links":{"self":[{"href":"https:\/\/www.europesays.com\/fr\/wp-json\/wp\/v2\/posts\/350018","targetHints":{"allow":["GET"]}}],"collection":[{"href":"https:\/\/www.europesays.com\/fr\/wp-json\/wp\/v2\/posts"}],"about":[{"href":"https:\/\/www.europesays.com\/fr\/wp-json\/wp\/v2\/types\/post"}],"author":[{"embeddable":true,"href":"https:\/\/www.europesays.com\/fr\/wp-json\/wp\/v2\/users\/2"}],"replies":[{"embeddable":true,"href":"https:\/\/www.europesays.com\/fr\/wp-json\/wp\/v2\/comments?post=350018"}],"version-history":[{"count":0,"href":"https:\/\/www.europesays.com\/fr\/wp-json\/wp\/v2\/posts\/350018\/revisions"}],"wp:featuredmedia":[{"embeddable":true,"href":"https:\/\/www.europesays.com\/fr\/wp-json\/wp\/v2\/media\/350019"}],"wp:attachment":[{"href":"https:\/\/www.europesays.com\/fr\/wp-json\/wp\/v2\/media?parent=350018"}],"wp:term":[{"taxonomy":"category","embeddable":true,"href":"https:\/\/www.europesays.com\/fr\/wp-json\/wp\/v2\/categories?post=350018"},{"taxonomy":"post_tag","embeddable":true,"href":"https:\/\/www.europesays.com\/fr\/wp-json\/wp\/v2\/tags?post=350018"}],"curies":[{"name":"wp","href":"https:\/\/api.w.org\/{rel}","templated":true}]}}