{"id":350020,"date":"2025-08-28T12:24:12","date_gmt":"2025-08-28T12:24:12","guid":{"rendered":"https:\/\/www.europesays.com\/fr\/350020\/"},"modified":"2025-08-28T12:24:12","modified_gmt":"2025-08-28T12:24:12","slug":"drones-chars-avions-pourquoi-les-projets-de-cooperation-militaire-entre-la-france-et-lallemagne-patinent","status":"publish","type":"post","link":"https:\/\/www.europesays.com\/fr\/350020\/","title":{"rendered":"Drones, chars, avions\u2026 Pourquoi les projets de coop\u00e9ration militaire entre la France et l\u2019Allemagne patinent"},"content":{"rendered":"<p>Paris et Berlin <a target=\"_self\" href=\"https:\/\/www.lanouvellerepublique.fr\/a-la-une\/rencontre-entre-macron-et-merz-le-duo-s-affiche-uni-mais-ne-s-accorde-pas-sur-l-avion-de-combat-du-futur-1753352547\" rel=\"nofollow noopener\">multiplient les projets de coop\u00e9ration dans la d\u00e9fense<\/a>, qui ont pris une nouvelle ampleur depuis l\u2019invasion de l\u2019Ukraine par la Russie et l\u2019\u00e9lection du pr\u00e9sident am\u00e9ricain Donald Trump. Mais ils butent souvent sur des int\u00e9r\u00eats divergents.<\/p>\n<p>Face \u00e0 la crainte d\u2019un d\u00e9sengagement am\u00e9ricain d\u2019Europe, le chancelier allemand, Friedrich Merz, a appel\u00e9 apr\u00e8s son \u00e9lection \u00e0 une discussion avec Londres et Paris sur la dissuasion nucl\u00e9aire. Il souhaite que l\u2019Allemagne puisse \u00ab\u00a0b\u00e9n\u00e9ficier du partage nucl\u00e9aire, au moins de la s\u00e9curit\u00e9 nucl\u00e9aire\u00a0\u00bb.<\/p>\n<p>Si <a target=\"_self\" href=\"https:\/\/www.lanouvellerepublique.fr\/a-la-une\/avec-ses-290-tetes-la-france-a-t-elle-un-arsenal-nucleaire-suffisant-pour-proteger-l-europe-1742394396\" rel=\"nofollow noopener\">la dissuasion fran\u00e7aise reste ind\u00e9pendante<\/a>, Emmanuel Macron a r\u00e9affirm\u00e9 en juillet \u00eatre pr\u00eat \u00e0 \u00ab\u00a0engager un dialogue strat\u00e9gique\u00a0\u00bb sur le sujet. \u00ab\u00a0Pour l\u2019instant, \u00e7a reste des discussions tr\u00e8s abstraites et pr\u00e9liminaires\u00a0\u00bb, temp\u00e8re Jacob Ross, du Conseil allemand sur les relations internationales (DGAP). Selon lui, les responsables militaires allemands sont \u00ab\u00a0pouss\u00e9s\u00a0\u00bb par le pouvoir politique \u00e0 \u00ab\u00a0discuter avec les Fran\u00e7ais, parfois contre leur gr\u00e9\u00a0\u00bb. \u00ab\u00a0Ils ont extr\u00eamement peur que ce soit mal interpr\u00e9t\u00e9, comme une sorte de trahison, par les Am\u00e9ricains\u00a0\u00bb, explique-t-il.<\/p>\n<p>Achats d\u2019armements<\/p>\n<p>Le r\u00e9armement dans lequel se sont engag\u00e9s les pays europ\u00e9ens depuis l\u2019invasion de l\u2019Ukraine par la Russie, d\u00e9but 2022, a mis en lumi\u00e8re des tensions entre France et Allemagne, entre <a target=\"_self\" href=\"https:\/\/www.lanouvellerepublique.fr\/a-la-une\/arme-nucleaire-nouveaux-missiles-la-france-et-le-royaume-uni-renforcent-leur-alliance-militaire-1752127099\" rel=\"nofollow noopener\">volont\u00e9 de d\u00e9velopper l\u2019industrie europ\u00e9enne de d\u00e9fense<\/a> au nom de la souverainet\u00e9 et n\u00e9cessit\u00e9 de s\u2019\u00e9quiper rapidement. \u00ab\u00a0Les d\u00e9lais courts et la disponibilit\u00e9 sur le march\u00e9 sont devenus les justifications centrales des pratiques d\u2019approvisionnement allemandes. Cela a motiv\u00e9 l\u2019acquisition de syst\u00e8mes disponibles sur le march\u00e9, principalement aux \u00c9tats-Unis\u00a0\u00bb, pointe le chercheur Noah Heinemann, dans une note pour le Groupe europ\u00e9en de recherche dans l\u2019industrie de l\u2019armement (Ares).<\/p>\n<p>Ces tensions ont \u00e9t\u00e9 illustr\u00e9es par le projet de \u00ab\u00a0bouclier du ciel europ\u00e9en\u00a0\u00bb lanc\u00e9 par l\u2019Allemagne et auquel se sont joints une vingtaine de pays. Celui-ci entend notamment s\u2019appuyer sur des syst\u00e8mes antia\u00e9riens am\u00e9ricains, au grand dam de Paris, qui promeut le syst\u00e8me franco-italien SAMP-T face au Patriot am\u00e9ricain.<\/p>\n<p>Elles se retrouvent aussi dans les discussions au sein de l\u2019Union europ\u00e9enne sur le programme EDIP de soutien \u00e0 l\u2019industrie de d\u00e9fense europ\u00e9enne. Paris insiste notamment pour que l\u2019autorit\u00e9 de conception d\u2019un produit soit europ\u00e9enne, afin que les lignes de production en Europe de mat\u00e9riels am\u00e9ricains ne puissent b\u00e9n\u00e9ficier de financements europ\u00e9ens.<\/p>\n<p>Des programmes en coop\u00e9ration<\/p>\n<p>En 2017, lors du premier mandat de Donald Trump, Emmanuel Macron et l\u2019ex-chanceli\u00e8re allemande Angela Merkel (2005-2021) avaient lanc\u00e9 plusieurs programmes de coop\u00e9ration. Quelques ann\u00e9es plus tard, certains ont \u00e9t\u00e9 abandonn\u00e9s (avion de patrouille maritime commun, modernisation de l\u2019h\u00e9licopt\u00e8re d\u2019attaque, projet d\u2019artillerie du futur). Les autres peinent \u00e0 avancer, qu\u2019il s\u2019agisse du projet de drone Eurodrone, du syst\u00e8me de combat a\u00e9rien futur (Scaf) ou du char de combat (MGCS).<\/p>\n<p>S\u2019agissant du MGCS, programme dirig\u00e9 par l\u2019Allemagne, les deux capitales sont parvenues l\u2019an dernier \u00e0 trouver au forceps un accord sur la r\u00e9partition des t\u00e2ches entre industriels fran\u00e7ais et allemand pour le d\u00e9velopper. Mais l\u2019objectif officiel d\u2019avoir \u00ab\u00a0le premier contrat d\u2019ici \u00e0 la fin janvier\u00a02025\u00a0\u00bb n\u2019est toujours pas rempli, selon une source proche du dossier.<\/p>\n<p>Le Scaf est quant \u00e0 lui encalmin\u00e9 dans les tensions entre <a target=\"_self\" href=\"https:\/\/www.lanouvellerepublique.fr\/a-la-une\/rearmement-europeen-dassault-envisage-de-livrer-jusqu-a-cinq-rafale-par-mois-dans-les-annees-a-venir-1742741602\" rel=\"nofollow noopener\">le fran\u00e7ais Dassault<\/a> et Airbus, qui repr\u00e9sente les int\u00e9r\u00eats de Berlin et de Madrid. Les n\u00e9gociations sur la construction du d\u00e9monstrateur, sorte de pr\u00e9-prototype du futur avion, sont bloqu\u00e9es. Dassault veut revoir les accords conclus en r\u00e9clamant d\u2019avoir la libert\u00e9 de choisir lui-m\u00eame ses sous-traitants.<\/p>\n<p>Un difficile alignement strat\u00e9gique<\/p>\n<p>Cette exigence \u00ab\u00a0ne rend pas les choses plus simples\u00a0\u00bb, a jug\u00e9 Friedrich Merz, selon qui le sujet \u00ab\u00a0ne sera pas discut\u00e9\u00a0\u00bb lors du <a target=\"_self\" href=\"https:\/\/www.lanouvellerepublique.fr\/a-la-une\/emmanuel-macron-recevra-friedrich-merz-a-bregancon-avant-le-conseil-des-ministres-franco-allemand-1756145528\" rel=\"nofollow noopener\">conseil des ministres franco-allemand de vendredi<\/a>. Avec Emmanuel Macron, \u00ab\u00a0nous prendrons ensemble une d\u00e9cision sur l\u2019avenir du projet Scaf\u00a0\u00bb au \u00ab\u00a0dernier trimestre\u00a0\u00bb, a-t-il ajout\u00e9. \u00ab\u00a0\u00c9tant donn\u00e9 leur aspect politique et symbolique, il y a de fortes chances qu\u2019un compromis au plus haut niveau puisse \u00eatre trouv\u00e9\u00a0\u00bb sur les deux projets, estime Johanna M\u00f6hring, chercheuse associ\u00e9e \u00e0 l\u2019Universit\u00e9 de Bonn, en Allemagne.<\/p>\n<p>Malgr\u00e9 la densit\u00e9 des contacts entre les deux pays, \u00ab\u00a0l\u2019\u00e9cart entre les ambitions en mati\u00e8re de coop\u00e9ration de d\u00e9fense et les r\u00e9sultats concrets reste important\u00a0\u00bb, pointe Johanna M\u00f6hring. En cause, selon elle\u00a0: \u00ab\u00a0Les orientations strat\u00e9giques de longue dur\u00e9e de l\u2019Allemagne et de la France\u00a0\u00bb, qui \u00ab\u00a0constituent des obstacles formidables \u00e0 une coop\u00e9ration renforc\u00e9e\u00a0\u00bb, entre transatlantisme allemand et volont\u00e9 fran\u00e7aise de miser sur l\u2019autonomie europ\u00e9enne. Pour Jacob Ross \u00e9galement, \u00ab\u00a0on touche \u00e0 des questions tellement proches du c\u0153ur de l\u2019identit\u00e9 fran\u00e7aise et de l\u2019identit\u00e9 allemande que c\u2019est tr\u00e8s, tr\u00e8s dur d\u2019avancer\u00a0\u00bb.<\/p>\n","protected":false},"excerpt":{"rendered":"Paris et Berlin multiplient les projets de coop\u00e9ration dans la d\u00e9fense, qui ont pris une nouvelle ampleur depuis&hellip;\n","protected":false},"author":2,"featured_media":350021,"comment_status":"","ping_status":"","sticky":false,"template":"","format":"standard","meta":{"footnotes":""},"categories":[1587],"tags":[328,11,672,1924,1804,1805,1803,75,1073,1777,674,27,329,1801,12,316,1802,220],"class_list":{"0":"post-350020","1":"post","2":"type-post","3":"status-publish","4":"format-standard","5":"has-post-thumbnail","7":"category-allemagne","8":"tag-a-la-une","9":"tag-actualites","10":"tag-allemagne","11":"tag-armement","12":"tag-bundesrepublik-deutschland","13":"tag-de","14":"tag-deutschland","15":"tag-donald-trump","16":"tag-emmanuel-macron","17":"tag-eu","18":"tag-europe","19":"tag-france","20":"tag-france-monde","21":"tag-germany","22":"tag-news","23":"tag-politique","24":"tag-republique-federale-dallemagne","25":"tag-ukraine"},"share_on_mastodon":{"url":"https:\/\/pubeurope.com\/@fr\/115106379537079617","error":""},"_links":{"self":[{"href":"https:\/\/www.europesays.com\/fr\/wp-json\/wp\/v2\/posts\/350020","targetHints":{"allow":["GET"]}}],"collection":[{"href":"https:\/\/www.europesays.com\/fr\/wp-json\/wp\/v2\/posts"}],"about":[{"href":"https:\/\/www.europesays.com\/fr\/wp-json\/wp\/v2\/types\/post"}],"author":[{"embeddable":true,"href":"https:\/\/www.europesays.com\/fr\/wp-json\/wp\/v2\/users\/2"}],"replies":[{"embeddable":true,"href":"https:\/\/www.europesays.com\/fr\/wp-json\/wp\/v2\/comments?post=350020"}],"version-history":[{"count":0,"href":"https:\/\/www.europesays.com\/fr\/wp-json\/wp\/v2\/posts\/350020\/revisions"}],"wp:featuredmedia":[{"embeddable":true,"href":"https:\/\/www.europesays.com\/fr\/wp-json\/wp\/v2\/media\/350021"}],"wp:attachment":[{"href":"https:\/\/www.europesays.com\/fr\/wp-json\/wp\/v2\/media?parent=350020"}],"wp:term":[{"taxonomy":"category","embeddable":true,"href":"https:\/\/www.europesays.com\/fr\/wp-json\/wp\/v2\/categories?post=350020"},{"taxonomy":"post_tag","embeddable":true,"href":"https:\/\/www.europesays.com\/fr\/wp-json\/wp\/v2\/tags?post=350020"}],"curies":[{"name":"wp","href":"https:\/\/api.w.org\/{rel}","templated":true}]}}