{"id":350022,"date":"2025-08-28T12:25:11","date_gmt":"2025-08-28T12:25:11","guid":{"rendered":"https:\/\/www.europesays.com\/fr\/350022\/"},"modified":"2025-08-28T12:25:11","modified_gmt":"2025-08-28T12:25:11","slug":"face-a-la-menace-russe-le-ministere-de-la-sante-se-prepare-a-un-scenario-de-guerre-en-europe","status":"publish","type":"post","link":"https:\/\/www.europesays.com\/fr\/350022\/","title":{"rendered":"Face \u00e0 la menace russe, le minist\u00e8re de la Sant\u00e9 se pr\u00e9pare \u00e0 un sc\u00e9nario de guerre en Europe"},"content":{"rendered":"<p>Quatre-vingts ans apr\u00e8s la fin de la <a href=\"https:\/\/www.20minutes.fr\/dossier\/seconde_guerre_mondiale\" target=\"_blank\" class=\"c-link c-link--is-underlined\" rel=\"nofollow noopener\">Seconde Guerre mondiale<\/a>, le spectre d\u2019une nouvelle guerre frappant l\u2019<a href=\"https:\/\/www.20minutes.fr\/dossier\/europe\" target=\"_blank\" class=\"c-link c-link--is-underlined\" rel=\"nofollow noopener\">Europe<\/a>, et notamment la France, n\u2019est plus de l\u2019ordre de l\u2019imaginaire. Pour preuve\u00a0: le <a href=\"https:\/\/www.20minutes.fr\/dossier\/ministere_de_la_sante\" target=\"_blank\" class=\"c-link c-link--is-underlined\" rel=\"nofollow noopener\">minist\u00e8re de la Sant\u00e9<\/a> se met en ordre de bataille pour \u00eatre pr\u00eat en cas de conflit qui aurait des r\u00e9percussions sur le territoire.<\/p>\n<p>Dans une instruction r\u00e9v\u00e9l\u00e9e cette semaine par le Canard encha\u00een\u00e9, et consult\u00e9e par l\u2019AFP, le minist\u00e8re demande aux agences r\u00e9gionales de sant\u00e9 (ARS) de pr\u00e9parer l\u2019installation, en cas de besoin, de centres m\u00e9dicaux de transit (CMT), sorte de gares de triage r\u00e9gionales de patients arrivant du front.<\/p>\n<\/p>\n<p>Ces plateformes auront pour mission d\u2019orienter au mieux les bless\u00e9s dans les h\u00f4pitaux civils &#8211; et \u00e9galement de les rapatrier vers leur nation d\u2019origine lorsque les soins sont termin\u00e9s.<\/p>\n<p>Jusqu\u2019\u00e0 100 patients par jour<\/p>\n<p>Au niveau national, l\u2019Etat qui agit en coordination avec l\u2019<a href=\"https:\/\/www.20minutes.fr\/monde\/otan\/\" target=\"_blank\" class=\"c-link c-link--is-underlined\" rel=\"nofollow noopener\">Otan<\/a> et l\u2019<a href=\"https:\/\/www.20minutes.fr\/dossier\/ue\" target=\"_blank\" class=\"c-link c-link--is-underlined\" rel=\"nofollow noopener\">Union europ\u00e9enne<\/a>, se pr\u00e9pare \u00e0 un sc\u00e9nario permettant la prise en charge \u00ab\u00a0de 100 patients par jour pendant 60 jours cons\u00e9cutifs sur l\u2019ensemble du territoire\u00a0\u00bb, avec des \u00ab\u00a0pics d\u2019activit\u00e9 atteignant 250 patients par jour pendant trois jours cons\u00e9cutifs\u00a0\u00bb, rappelle le document.<\/p>\n<p>La d\u00e9marche \u00ab\u00a0fait partie de l\u2019anticipation, comme les stocks strat\u00e9giques, comme les \u00e9pid\u00e9mies\u00a0\u00bb, a expliqu\u00e9 la ministre du Travail et de la Sant\u00e9, Catherine Vautrin cette semaine sur RMC.<\/p>\n<p>\u00ab\u00a0Souvenez-vous\u00a0\u00bb, au moment du <a href=\"https:\/\/www.20minutes.fr\/societe\/covid-19\/\" target=\"_blank\" class=\"c-link c-link--is-underlined\" rel=\"nofollow noopener\">Covid-19<\/a> \u00ab\u00a0il n\u2019y avait pas de mots assez durs sur l\u2019impr\u00e9paration du pays. Il est tout \u00e0 fait normal que le pays anticipe les crises, les cons\u00e9quences de ce qui se passe. Cela fait partie de la responsabilit\u00e9 des administrations centrales, et heureusement\u00a0\u00bb, a-t-elle ajout\u00e9.<\/p>\n<p>Sensibiliser les \u00e9quipes soignantes<\/p>\n<p>Infrastructures d\u2019eau, de transport, d\u2019\u00e9nergie ou de sant\u00e9, \u00ab\u00a0de plus en plus, la <a href=\"https:\/\/www.20minutes.fr\/monde\/russie\/\" target=\"_blank\" class=\"c-link c-link--is-underlined\" rel=\"nofollow noopener\">Russie<\/a> s\u2019en prendra \u00e0 nous [\u2026] c\u2019est une forme d\u2019\u00e9tat d\u2019alerte permanent\u00a0\u00bb, a observ\u00e9 jeudi le ministre des Arm\u00e9es <a href=\"https:\/\/www.20minutes.fr\/politique\/sebastien-lecornu\/\" target=\"_blank\" class=\"c-link c-link--is-underlined\" rel=\"nofollow noopener\">S\u00e9bastien Lecornu<\/a> devant le Medef.<\/p>\n<p><a href=\"https:\/\/www.sgdsn.gouv.fr\/publications\/revue-nationale-strategique-2025\" rel=\"nofollow noopener\" target=\"_blank\" class=\"c-link c-link--is-underlined\">La revue strat\u00e9gique 2025<\/a> pr\u00e9voit \u00e9galement que \u00ab\u00a0le renforcement du service de sant\u00e9 des arm\u00e9es et la modernisation de ses capacit\u00e9s de soutien et de ravitaillement seront effectifs d\u00e8s\u00a02026\u00a0\u00bb, selon la source proche de l\u2019ex\u00e9cutif.<\/p>\n<p><a href=\"https:\/\/www.20minutes.fr\/monde\/russie\/\" target=\"_blank\" class=\"c-link c-btn c-btn--primary\" rel=\"nofollow noopener\">Nos derniers articles sur la Russie<\/a><\/p>\n<p>Par ailleurs le document appelle les ARS \u00e0 faire \u00ab\u00a0une large sensibilisation de la communaut\u00e9 soignante aux contraintes d\u2019un temps de guerre, marqu\u00e9 par la rar\u00e9faction des ressources, l\u2019augmentation des besoins, et la survenue d\u2019\u00e9ventuelles r\u00e9troactions sur notre territoire\u00a0\u00bb.<\/p>\n<p>\u00ab\u00a0Les tensions majeures g\u00e9n\u00e9r\u00e9es par ces afflux de patients dans un contexte d\u00e9grad\u00e9 appelleront une mobilisation massive des professionnels de sant\u00e9\u00a0\u00bb, y compris des lib\u00e9raux, souligne le document sign\u00e9 par le directeur g\u00e9n\u00e9ral de la Sant\u00e9, Didier Lepelletier.<\/p>\n","protected":false},"excerpt":{"rendered":"Quatre-vingts ans apr\u00e8s la fin de la Seconde Guerre mondiale, le spectre d\u2019une nouvelle guerre frappant l\u2019Europe, et&hellip;\n","protected":false},"author":2,"featured_media":350023,"comment_status":"","ping_status":"","sticky":false,"template":"","format":"standard","meta":{"footnotes":""},"categories":[1586],"tags":[47,11,6970,1777,674,1011,27,1146,1876,125,6971,74,12,136,25,132,11067],"class_list":{"0":"post-350022","1":"post","2":"type-post","3":"status-publish","4":"format-standard","5":"has-post-thumbnail","7":"category-europe","8":"tag-actualite","9":"tag-actualites","10":"tag-catherine-vautrin","11":"tag-eu","12":"tag-europe","13":"tag-fr","14":"tag-france","15":"tag-guerre","16":"tag-ministere-de-la-defense","17":"tag-ministere-de-la-sante","18":"tag-ministre-de-la-sante","19":"tag-monde","20":"tag-news","21":"tag-otan","22":"tag-republique-francaise","23":"tag-russie","24":"tag-sebastien-lecornu"},"share_on_mastodon":{"url":"https:\/\/pubeurope.com\/@fr\/115106383396082416","error":""},"_links":{"self":[{"href":"https:\/\/www.europesays.com\/fr\/wp-json\/wp\/v2\/posts\/350022","targetHints":{"allow":["GET"]}}],"collection":[{"href":"https:\/\/www.europesays.com\/fr\/wp-json\/wp\/v2\/posts"}],"about":[{"href":"https:\/\/www.europesays.com\/fr\/wp-json\/wp\/v2\/types\/post"}],"author":[{"embeddable":true,"href":"https:\/\/www.europesays.com\/fr\/wp-json\/wp\/v2\/users\/2"}],"replies":[{"embeddable":true,"href":"https:\/\/www.europesays.com\/fr\/wp-json\/wp\/v2\/comments?post=350022"}],"version-history":[{"count":0,"href":"https:\/\/www.europesays.com\/fr\/wp-json\/wp\/v2\/posts\/350022\/revisions"}],"wp:featuredmedia":[{"embeddable":true,"href":"https:\/\/www.europesays.com\/fr\/wp-json\/wp\/v2\/media\/350023"}],"wp:attachment":[{"href":"https:\/\/www.europesays.com\/fr\/wp-json\/wp\/v2\/media?parent=350022"}],"wp:term":[{"taxonomy":"category","embeddable":true,"href":"https:\/\/www.europesays.com\/fr\/wp-json\/wp\/v2\/categories?post=350022"},{"taxonomy":"post_tag","embeddable":true,"href":"https:\/\/www.europesays.com\/fr\/wp-json\/wp\/v2\/tags?post=350022"}],"curies":[{"name":"wp","href":"https:\/\/api.w.org\/{rel}","templated":true}]}}