{"id":350024,"date":"2025-08-28T12:26:10","date_gmt":"2025-08-28T12:26:10","guid":{"rendered":"https:\/\/www.europesays.com\/fr\/350024\/"},"modified":"2025-08-28T12:26:10","modified_gmt":"2025-08-28T12:26:10","slug":"frappes-sur-kyiv-lue-convoque-lambassadeur-de-russie-a-bruxelles","status":"publish","type":"post","link":"https:\/\/www.europesays.com\/fr\/350024\/","title":{"rendered":"Frappes sur Kyiv : l&rsquo;UE convoque l&rsquo;ambassadeur de Russie \u00e0 Bruxelles"},"content":{"rendered":"<p>\n                    Publi\u00e9 le                 28\/08\/2025 &#8211; 13:51 UTC+2<br \/>\n                \u2022Mis \u00e0 jour<br \/>\n                                     13:51\n                                        <\/p>\n<p>          <img decoding=\"async\" class=\"c-ad__placeholder__logo\" src=\"https:\/\/static.euronews.com\/website\/images\/logos\/logo-euronews-stacked-outlined-72x72-grey-9.svg\" width=\"72\" height=\"72\" alt=\"\" loading=\"lazy\"\/><br \/>\n          PUBLICIT\u00c9<\/p>\n<p>En r\u00e9ponse \u00e0 la frappe russe qui a gravement <a href=\"https:\/\/fr.euronews.com\/my-europe\/2025\/08\/28\/la-representation-de-lue-a-kyiv-gravement-endommagee-par-londe-de-choc-de-la-frappe-russe\" rel=\"nofollow noopener\" target=\"_blank\"><strong>endommag\u00e9 le b\u00e2timent de la mission de l&rsquo;UE \u00e0 Kyiv<\/strong><\/a>, la cheffe de la diplomatie europ\u00e9enne Kaja Kallas a officiellement jeudi convoqu\u00e9 l&rsquo;ambassadeur de Russie \u00e0 Bruxelles. <\/p>\n<p>\u00ab\u00a0Aucune mission diplomatique ne devrait jamais \u00eatre une cible\u00a0\u00bb, a d\u00e9clar\u00e9 la haute repr\u00e9sentante de l&rsquo;UE. <\/p>\n<p>L&rsquo;attaque perp\u00e9tr\u00e9e par les forces russes dans la capitale ukrainienne dans la nuit de mercredi \u00e0 jeudi a fait au moins 14 morts dont 3 enfants et des dizaines de bless\u00e9s. <\/p>\n<p>Plusieurs b\u00e2timents ont \u00e9t\u00e9 d\u00e9truits et deux missiles russes se sont abattus \u00e0 moins de 50 m\u00e8tres des bureaux de la mission de l&rsquo;UE en l&rsquo;espace de 20 secondes.<\/p>\n<p>\u00ab\u00a0Alors que le monde cherche la voie de la paix, la Russie r\u00e9pond par des missiles. L&rsquo;attaque perp\u00e9tr\u00e9e cette nuit contre Kyiv montre que la Russie a d\u00e9lib\u00e9r\u00e9ment choisi l&rsquo;escalade et se moque des efforts de paix. La Russie doit cesser de tuer et n\u00e9gocier\u00a0\u00bb, \u00ab\u00a0, a poursuivi Kaja Kallas. <\/p>\n<p>La convention de Vienne de 1961 pr\u00e9voit la protection des locaux diplomatiques et consulaires contre les intrusions ou les dommages, bien qu&rsquo;il ne soit pas rare que ces b\u00e2timents soient touch\u00e9s en temps de guerre.<\/p>\n<p>De son c\u00f4t\u00e9, Ursula von der Leyen s&rsquo;est d\u00e9clar\u00e9e \u00ab\u00a0indign\u00e9e\u00a0\u00bb par les tirs et a confirm\u00e9 qu&rsquo;aucun membre de la d\u00e9l\u00e9gation n&rsquo;avait \u00e9t\u00e9 bless\u00e9.<\/p>\n<p>\u00ab\u00a0Il s&rsquo;agit d&rsquo;un nouveau rappel sinistre de ce qui est en jeu\u00a0\u00bb, a d\u00e9clar\u00e9 la pr\u00e9sidente de la Commission europ\u00e9enne. \u00ab\u00a0Cela montre que le Kremlin ne recule devant rien pour terroriser l&rsquo;Ukraine, en tuant aveugl\u00e9ment des civils &#8211; hommes, femmes et enfants &#8211; et en prenant m\u00eame l&rsquo;Union europ\u00e9enne pour cible\u00a0\u00bb.<\/p>\n<p>Afin de faire pression sur la Russie, l&rsquo;Union europ\u00e9enne pr\u00e9voit d&rsquo;imposer un 19\u00e8me paquet de sanctions. Parall\u00e8lement, Bruxelles travaillera sur de nouveaux moyens de mobiliser les avoirs gel\u00e9s de la Russie &#8211; d&rsquo;une valeur d&rsquo;environ 210 milliards d&rsquo;euros sur le territoire de l&rsquo;UE &#8211; afin de financer les capacit\u00e9s de d\u00e9fense et la reconstruction de l&rsquo;Ukraine.<\/p>\n","protected":false},"excerpt":{"rendered":"Publi\u00e9 le 28\/08\/2025 &#8211; 13:51 UTC+2 \u2022Mis \u00e0 jour 13:51 PUBLICIT\u00c9 En r\u00e9ponse \u00e0 la frappe russe qui&hellip;\n","protected":false},"author":2,"featured_media":350025,"comment_status":"","ping_status":"","sticky":false,"template":"","format":"standard","meta":{"footnotes":""},"categories":[1586],"tags":[11,1777,674,1779,1011,27,2025,5229,12,25,1778,8905,364],"class_list":{"0":"post-350024","1":"post","2":"type-post","3":"status-publish","4":"format-standard","5":"has-post-thumbnail","7":"category-europe","8":"tag-actualites","9":"tag-eu","10":"tag-europe","11":"tag-european-union","12":"tag-fr","13":"tag-france","14":"tag-invasion-de-la-russie-en-ukraine","15":"tag-kaja-kallas","16":"tag-news","17":"tag-republique-francaise","18":"tag-ue","19":"tag-ue-russie","20":"tag-union-europeenne"},"share_on_mastodon":{"url":"https:\/\/pubeurope.com\/@fr\/115106387635844022","error":""},"_links":{"self":[{"href":"https:\/\/www.europesays.com\/fr\/wp-json\/wp\/v2\/posts\/350024","targetHints":{"allow":["GET"]}}],"collection":[{"href":"https:\/\/www.europesays.com\/fr\/wp-json\/wp\/v2\/posts"}],"about":[{"href":"https:\/\/www.europesays.com\/fr\/wp-json\/wp\/v2\/types\/post"}],"author":[{"embeddable":true,"href":"https:\/\/www.europesays.com\/fr\/wp-json\/wp\/v2\/users\/2"}],"replies":[{"embeddable":true,"href":"https:\/\/www.europesays.com\/fr\/wp-json\/wp\/v2\/comments?post=350024"}],"version-history":[{"count":0,"href":"https:\/\/www.europesays.com\/fr\/wp-json\/wp\/v2\/posts\/350024\/revisions"}],"wp:featuredmedia":[{"embeddable":true,"href":"https:\/\/www.europesays.com\/fr\/wp-json\/wp\/v2\/media\/350025"}],"wp:attachment":[{"href":"https:\/\/www.europesays.com\/fr\/wp-json\/wp\/v2\/media?parent=350024"}],"wp:term":[{"taxonomy":"category","embeddable":true,"href":"https:\/\/www.europesays.com\/fr\/wp-json\/wp\/v2\/categories?post=350024"},{"taxonomy":"post_tag","embeddable":true,"href":"https:\/\/www.europesays.com\/fr\/wp-json\/wp\/v2\/tags?post=350024"}],"curies":[{"name":"wp","href":"https:\/\/api.w.org\/{rel}","templated":true}]}}