{"id":350028,"date":"2025-08-28T12:28:10","date_gmt":"2025-08-28T12:28:10","guid":{"rendered":"https:\/\/www.europesays.com\/fr\/350028\/"},"modified":"2025-08-28T12:28:10","modified_gmt":"2025-08-28T12:28:10","slug":"eric-lombard-assure-que-lisf-est-completement-ecarte-dans-le-budget-2026","status":"publish","type":"post","link":"https:\/\/www.europesays.com\/fr\/350028\/","title":{"rendered":"\u00c9ric Lombard assure que \u00ab\u00a0l\u2019ISF est compl\u00e8tement \u00e9cart\u00e9\u00a0\u00bb dans le budget 2026"},"content":{"rendered":"<p class=\"paragraph text_align_left lp-f-body-02\">Il s\u2019exprimait ce jeudi matin au rendez-vous annuel du Medef, la Rencontre des entrepreneurs de France. Le ministre de l\u2019\u00c9conomie \u00c9ric Lombard a affirm\u00e9 que l\u2019<a href=\"https:\/\/www.leparisien.fr\/elections\/presidentielle\/le-labo-de-la-presidentielle-faut-il-retablir-lisf-05-04-2022-EWI4WF2JT5C4XJ6DXR24NCQS3Q.php\" target=\"_self\" rel=\"nofollow noopener\">Imp\u00f4t de solidarit\u00e9 sur la fortune<\/a> (ISF) \u00e9tait \u00ab\u00a0compl\u00e8tement \u00e9cart\u00e9\u00a0\u00bb dans le budget 2026. Mercredi, le pr\u00e9sident du Medef <a href=\"https:\/\/www.leparisien.fr\/economie\/budget-2025-le-patron-du-medef-plaide-pour-une-hausse-de-la-tva-plutot-que-des-charges-16-11-2024-JBOSKKU3OVHZFAOKCZ5P75YO3M.php\" rel=\"nofollow noopener\" target=\"_blank\">Patrick Martin<\/a> avait justement fait savoir qu\u2019il s\u2019opposait \u00e0 tout retour, sous une forme ou une autre, de l\u2019ISF. Il avait aussi mis en garde contre la tentation de <a href=\"https:\/\/www.leparisien.fr\/politique\/le-senat-rejette-linstauration-dune-taxe-zucman-sur-le-patrimoine-des-ultra-riches-12-06-2025-MLPBKIB6AFESDH2KV444SECRCE.php\" target=\"_self\" rel=\"nofollow noopener\">surtaxer les plus riches<\/a>. \u00ab\u00a0Il n\u2019y a pas de surtaxe pour les entreprises, qui \u00e9tait pr\u00e9vue sur un an et le cr\u00e9dit imp\u00f4t recherche est sanctuaris\u00e9. Tout sera discutable mais il y a deux limites\u00a0: baisser les d\u00e9ficits et prot\u00e9ger nos entreprises\u00a0\u00bb, a assur\u00e9 \u00c9ric Lombard.<\/p>\n<p class=\"paragraph text_align_left lp-f-body-02\">Le ministre de l\u2019\u00c9conomie s\u2019est dit \u00ab\u00a0convaincu\u00a0\u00bb que le budget serait adopt\u00e9 \u00ab\u00a0dans les d\u00e9lais\u00a0\u00bb et qu\u2019il \u00ab\u00a0permettra d\u2019avoir un d\u00e9ficit public \u00e0 4.6\u00a0% en 2026\u00a0\u00bb.<\/p>\n<p class=\"paragraph text_align_left lp-f-body-02\">\u00c9ric Lombard a par ailleurs affirm\u00e9 \u00ab\u00a0ne pas croire \u00e0 la crise financi\u00e8re\u00a0\u00bb malgr\u00e9 les incertitudes politiques auxquelles <a href=\"https:\/\/www.leparisien.fr\/economie\/vote-de-confiance-la-bourse-de-paris-en-net-recul-les-actions-des-banques-plongent-26-08-2025-JE7WXO6WOFAQFGNYJUAICPK24Q.php\" target=\"_self\" rel=\"nofollow noopener\">les march\u00e9s et particuli\u00e8rement la Bourse<\/a> ont assez nettement r\u00e9agi cette semaine.<\/p>\n<p class=\"paragraph text_align_left lp-f-body-02\">Le Premier ministre s\u2019exprimera lui aussi dans l\u2019apr\u00e8s-midi devant la principale organisation patronale. Le chef du gouvernement y d\u00e9fendra \u00e0 nouveau les grandes lignes de <a href=\"https:\/\/www.leparisien.fr\/economie\/taxes-pour-les-plus-riches-lutte-contre-loptimisation-fiscale-ces-mesures-de-bayrou-pour-faire-du-pied-a-la-gauche-27-08-2025-FIAXHYCH5FBXHADQ3OF6U2FWEQ.php\" rel=\"nofollow noopener\" target=\"_blank\">son plan d\u2019\u00e9conomies de 44\u00a0milliards d\u2019euros pour 2026<\/a>, pr\u00e9sent\u00e9 mi-juillet et d\u00e9j\u00e0 contest\u00e9 par les oppositions, notamment sa proposition de supprimer deux jours f\u00e9ri\u00e9s.<\/p>\n<p class=\"paragraph text_align_left lp-f-body-02\">Le <a href=\"https:\/\/www.leparisien.fr\/politique\/lfi-eelv-rn-qui-votera-ou-pas-la-confiance-a-francois-bayrou-le-8-septembre-25-08-2025-YZQR6JM2WNEJVK4XY6GJAHHIMU.php\" target=\"_self\" rel=\"nofollow noopener\">vote de confiance<\/a> pr\u00e9vu au Parlement le 8\u00a0septembre est pour l\u2019instant mal engag\u00e9. En cas d\u2019\u00e9chec, le Premier ministre devrait d\u00e9missionner et il faudrait alors prendre le temps de reconstruire un nouveau gouvernement.<\/p>\n","protected":false},"excerpt":{"rendered":"Il s\u2019exprimait ce jeudi matin au rendez-vous annuel du Medef, la Rencontre des entrepreneurs de France. Le ministre&hellip;\n","protected":false},"author":2,"featured_media":350029,"comment_status":"","ping_status":"","sticky":false,"template":"","format":"standard","meta":{"footnotes":""},"categories":[2],"tags":[11,33,1011,27,12,316,25],"class_list":{"0":"post-350028","1":"post","2":"type-post","3":"status-publish","4":"format-standard","5":"has-post-thumbnail","7":"category-actualites","8":"tag-actualites","9":"tag-economie","10":"tag-fr","11":"tag-france","12":"tag-news","13":"tag-politique","14":"tag-republique-francaise"},"share_on_mastodon":{"url":"https:\/\/pubeurope.com\/@fr\/115106395268675859","error":""},"_links":{"self":[{"href":"https:\/\/www.europesays.com\/fr\/wp-json\/wp\/v2\/posts\/350028","targetHints":{"allow":["GET"]}}],"collection":[{"href":"https:\/\/www.europesays.com\/fr\/wp-json\/wp\/v2\/posts"}],"about":[{"href":"https:\/\/www.europesays.com\/fr\/wp-json\/wp\/v2\/types\/post"}],"author":[{"embeddable":true,"href":"https:\/\/www.europesays.com\/fr\/wp-json\/wp\/v2\/users\/2"}],"replies":[{"embeddable":true,"href":"https:\/\/www.europesays.com\/fr\/wp-json\/wp\/v2\/comments?post=350028"}],"version-history":[{"count":0,"href":"https:\/\/www.europesays.com\/fr\/wp-json\/wp\/v2\/posts\/350028\/revisions"}],"wp:featuredmedia":[{"embeddable":true,"href":"https:\/\/www.europesays.com\/fr\/wp-json\/wp\/v2\/media\/350029"}],"wp:attachment":[{"href":"https:\/\/www.europesays.com\/fr\/wp-json\/wp\/v2\/media?parent=350028"}],"wp:term":[{"taxonomy":"category","embeddable":true,"href":"https:\/\/www.europesays.com\/fr\/wp-json\/wp\/v2\/categories?post=350028"},{"taxonomy":"post_tag","embeddable":true,"href":"https:\/\/www.europesays.com\/fr\/wp-json\/wp\/v2\/tags?post=350028"}],"curies":[{"name":"wp","href":"https:\/\/api.w.org\/{rel}","templated":true}]}}