{"id":350032,"date":"2025-08-28T12:32:14","date_gmt":"2025-08-28T12:32:14","guid":{"rendered":"https:\/\/www.europesays.com\/fr\/350032\/"},"modified":"2025-08-28T12:32:14","modified_gmt":"2025-08-28T12:32:14","slug":"apres-avoir-reve-de-dupont-ou-du-brennus-le-bo-serait-deja-a-vendre","status":"publish","type":"post","link":"https:\/\/www.europesays.com\/fr\/350032\/","title":{"rendered":"apr\u00e8s avoir r\u00eav\u00e9 de Dupont ou du Brennus, le BO serait d\u00e9j\u00e0 \u00e0 vendre !"},"content":{"rendered":"<p>Le feuilleton se poursuit pour le Biarritz Olympique. Si la derni\u00e8re saison de Pro D2 fut plut\u00f4t satisfaisante sur le terrain, le club a v\u00e9cu de grosses secousses en coulisses. Menac\u00e9 de rel\u00e9gation administrative en raison d\u2019un fort d\u00e9ficit, le BO avait pu compter sur l\u2019investissement de Pierre-Edouard St\u00e9rin pour se sauver.<\/p>\n<p>St\u00e9rin voudrait vendre<\/p>\n<p>Dans la foul\u00e9e, on pr\u00eatait d\u2019immenses ambitions au milliardaire, avec le r\u00eave de soulever le Bouclier de Brennus et <a href=\"https:\/\/www.quinzemondial.com\/top-14\/top-14-le-brennus-antoine-dupont-dans-son-effectif-le-pari-fou-du-biarritz-818063\" rel=\"nofollow noopener\" target=\"_blank\">d\u2019attirer Antoine Dupont.<\/a> Si les propositions semblaient particuli\u00e8rement farfelues, le revirement op\u00e9r\u00e9 cette semaine ne fait que le confirmer.<\/p>\n<p>Selon les informations de <a href=\"https:\/\/www.rugbyrama.fr\/2025\/08\/27\/pro-d2-exclusif-le-biarritz-olympique-pourrait-de-nouveau-changer-de-proprietaire-des-premiers-contacts-noues-avec-un-potentiel-acheteur-12896053.php\" rel=\"nofollow noopener\" target=\"_blank\">Midi Olympique,<\/a> Pierre-Edouard St\u00e9rin chercherait d\u00e9j\u00e0 \u00e0 vendre ses parts. L\u2019homme d\u2019affaire aurait d\u2019abord demand\u00e9 des comptes \u00e0 l\u2019\u00e9quilibre pour 2026 et serait \u00e0 l\u2019\u00e9coute des offres pour un rachat. Un revirement qui plonge encore une fois le BO dans le doute \u00e0 quelques jours du lancement de la saison de Pro D2, ce vendredi \u00e0 B\u00e9ziers.<\/p>\n<p>Partagez cette info avec vos amis et vos proches en cliquant ici<br \/>Pour r\u00e9sumer<\/p>\n<p>Selon les informations de Midi Olympique, Pierre-Edouard St\u00e9rin chercherait d\u00e9j\u00e0 \u00e0 vendre le Biarritz Olympique, quelques mois seulement apr\u00e8s sa prise en main. Il serait \u00e0 l&rsquo;\u00e9coutes des offres d&rsquo;investisseurs.<\/p>\n<p> <img decoding=\"async\" width=\"76\" height=\"76\" loading=\"lazy\" src=\"https:\/\/www.europesays.com\/fr\/wp-content\/uploads\/2025\/04\/avatar-quinze.png\" alt=\"Arnaud D\u00e9chelotte\"\/><\/p>\n","protected":false},"excerpt":{"rendered":"Le feuilleton se poursuit pour le Biarritz Olympique. Si la derni\u00e8re saison de Pro D2 fut plut\u00f4t satisfaisante&hellip;\n","protected":false},"author":2,"featured_media":350033,"comment_status":"","ping_status":"","sticky":false,"template":"","format":"standard","meta":{"footnotes":""},"categories":[1416],"tags":[1011,27,479,1468,60],"class_list":{"0":"post-350032","1":"post","2":"type-post","3":"status-publish","4":"format-standard","5":"has-post-thumbnail","7":"category-rugby","8":"tag-fr","9":"tag-france","10":"tag-rugby","11":"tag-rugby-football","12":"tag-sports"},"share_on_mastodon":{"url":"https:\/\/pubeurope.com\/@fr\/115106410942141766","error":""},"_links":{"self":[{"href":"https:\/\/www.europesays.com\/fr\/wp-json\/wp\/v2\/posts\/350032","targetHints":{"allow":["GET"]}}],"collection":[{"href":"https:\/\/www.europesays.com\/fr\/wp-json\/wp\/v2\/posts"}],"about":[{"href":"https:\/\/www.europesays.com\/fr\/wp-json\/wp\/v2\/types\/post"}],"author":[{"embeddable":true,"href":"https:\/\/www.europesays.com\/fr\/wp-json\/wp\/v2\/users\/2"}],"replies":[{"embeddable":true,"href":"https:\/\/www.europesays.com\/fr\/wp-json\/wp\/v2\/comments?post=350032"}],"version-history":[{"count":0,"href":"https:\/\/www.europesays.com\/fr\/wp-json\/wp\/v2\/posts\/350032\/revisions"}],"wp:featuredmedia":[{"embeddable":true,"href":"https:\/\/www.europesays.com\/fr\/wp-json\/wp\/v2\/media\/350033"}],"wp:attachment":[{"href":"https:\/\/www.europesays.com\/fr\/wp-json\/wp\/v2\/media?parent=350032"}],"wp:term":[{"taxonomy":"category","embeddable":true,"href":"https:\/\/www.europesays.com\/fr\/wp-json\/wp\/v2\/categories?post=350032"},{"taxonomy":"post_tag","embeddable":true,"href":"https:\/\/www.europesays.com\/fr\/wp-json\/wp\/v2\/tags?post=350032"}],"curies":[{"name":"wp","href":"https:\/\/api.w.org\/{rel}","templated":true}]}}