{"id":350035,"date":"2025-08-28T12:35:13","date_gmt":"2025-08-28T12:35:13","guid":{"rendered":"https:\/\/www.europesays.com\/fr\/350035\/"},"modified":"2025-08-28T12:35:13","modified_gmt":"2025-08-28T12:35:13","slug":"la-prolongation-de-morbidelli-chez-vr46-attendue-dans-les-prochains-jours","status":"publish","type":"post","link":"https:\/\/www.europesays.com\/fr\/350035\/","title":{"rendered":"La prolongation de Morbidelli chez VR46 attendue \u00ab\u00a0dans les prochains jours\u00a0\u00bb"},"content":{"rendered":"<p>Apr\u00e8s avoir \u00e9tudi\u00e9 le march\u00e9 et notamment eu de br\u00e8ves discussions avec <a href=\"https:\/\/fr.motorsport.com\/driver\/pedro-acosta\/840236\/\" target=\"_blank\" rel=\"noopener\">Pedro Acosta<\/a>, VR46 a pris la d\u00e9cision de conserver <a href=\"https:\/\/fr.motorsport.com\/driver\/franco-morbidelli\/109417\/\" target=\"_blank\" rel=\"noopener\">Franco Morbidelli<\/a> aux c\u00f4t\u00e9s de <a href=\"https:\/\/fr.motorsport.com\/driver\/fabio-di-giannantonio\/289538\/\" target=\"_blank\" rel=\"noopener\">Fabio Di Giannantonio<\/a> la saison prochaine. D\u00e8s le mois de juillet, la marque assurait ainsi <a href=\"https:\/\/fr.motorsport.com\/motogp\/news\/vr46-discussions-acosta-conserver-morbidelli\/10744535\/\" target=\"_blank\" rel=\"noopener\">vouloir prolonger l&rsquo;aventure avec l&rsquo;Italien<\/a>.<\/p>\n<p>Au Balaton Park, il a \u00e9t\u00e9 demand\u00e9 \u00e0 Morbidelli s&rsquo;il avait des nouvelles sur son avenir. \u00ab\u00a0Oui. Mais ils m&rsquo;ont dit que ce n&rsquo;\u00e9tait pas encore le moment pour en parler\u00a0\u00bb, a-t-il r\u00e9pondu, donnant par la m\u00eame occasion un indice clair sur sa prolongation, sans pouvoir apporter une confirmation formelle\u00a0: \u00ab\u00a0J&rsquo;aimerais en parler mais pour le moment, je ne peux pas.\u00a0\u00bb\u00a0<\/p>\n<p>Morbidelli s&rsquo;est montr\u00e9 un peu plus loquace aupr\u00e8s de la presse italienne\u00a0: \u00ab\u00a0J&rsquo;ai renouvel\u00e9 mon contrat&#8230; mais demandez \u00e0 Uccio la confirmation et les d\u00e9tails.\u00a0\u00bb<\/p>\n<p>Sky Sport, qui diffuse le MotoGP en Italie, est ainsi all\u00e9 \u00e0 la rencontre d&rsquo;Alessio \u00ab\u00a0Uccio\u00a0\u00bb Salucci, qui a confirm\u00e9 une prolongation d\u00e9cid\u00e9e sur le principe mais pas encore act\u00e9e. \u00ab\u00a0Franco est fantastique\u00a0\u00bb, a d\u00e9clar\u00e9 le patron de VR46 en MotoGP. \u00ab\u00a0Il est non seulement l&rsquo;un de nos pilotes, mais aussi notre responsable de la communication\u00a0!\u00a0\u00bb<\/p>\n<p>\u00ab\u00a0C&rsquo;est vrai\u00a0: il n&rsquo;y a pas encore de papier sign\u00e9, mais la poign\u00e9e de main \u00e9tait suffisante. Nous rendrons la prolongation de son contrat officielle dans les prochains jours.\u00a0\u00bb<\/p>\n<p>Encore des rep\u00e8res \u00e0 prendre<\/p>\n<p>Membre de longue date de la VR46 Riders Academy, Franco Morbidelli va ainsi rester dans un environnement familier&#8230; mais dont il prend le temps \u00e0 d\u00e9couvrir certaines subtilit\u00e9s. Cette saison, il a \u00e9t\u00e9 le seul pilote de la grille \u00e0 conserver exactement la m\u00eame moto que l&rsquo;an dernier, \u00e0 savoir la Ducati version 2024, mais il a chang\u00e9 d&rsquo;\u00e9quipe, en passant de Pramac \u00e0 VR46.<\/p>\n<p>\u00ab\u00a070% de nos premi\u00e8res courses ensemble, on a eu du mal le vendredi, pour diff\u00e9rentes raisons\u00a0\u00bb, expliquait Morbidelli au Mugello, citant surtout les GP de Grande-Bretagne et d&rsquo;Arag\u00f3n parmi les plus difficiles sur ce point. Selon lui, ces difficult\u00e9s \u00e9taient la cons\u00e9quence d&rsquo;un manque de fluidit\u00e9 dans le travail avec son entourage technique\u00a0: \u00ab\u00a0Je pense que \u00e7a vient du fait qu&rsquo;on ne se conna\u00eet pas bien [l&rsquo;\u00e9quipe et moi]. Le team est totalement nouveau [pour moi] et on ne se conna\u00eet pas vraiment.\u00a0\u00bb<\/p>\n<p>   <img decoding=\"async\" draggable=\"false\" src=\"https:\/\/www.europesays.com\/fr\/wp-content\/uploads\/2025\/08\/1756384513_434_franco-morbidelli-vr46-racing-.jpg\" alt=\"Franco Morbidelli, VR46 Racing Team\" width=\"1200\" height=\"800\" loading=\"lazy\"\/> <\/p>\n<p class=\"title\">Franco Morbidelli<\/p>\n<p class=\"photographer\">Photo de: Gold and Goose Photography \/ LAT Images \/ via Getty Images<\/p>\n<p>\u00ab\u00a0On se conna\u00eet, mais travailler ensemble c&rsquo;est diff\u00e9rent. [&#8230;] On commence \u00e0 voir qu&rsquo;on a un probl\u00e8me qui se prolonge un petit peu et qui concerne les vendredis, mais on arrive toujours \u00e0 rebondir, \u00e0 bien travailler et \u00e0 obtenir de bonnes performances le samedi et le dimanche, c&rsquo;est ce qui compte. Mais il est certain que faire de meilleurs vendredis nous aiderait encore plus \u00e0 avoir de meilleurs samedis et dimanches.\u00a0\u00bb<\/p>\n<p>Deux courses plus tard, au Sachsenring, Morbidelli a confirm\u00e9 devoir encore s&rsquo;adapter aux m\u00e9thodes de VR46\u00a0: \u00ab\u00a0Changer d&rsquo;\u00e9quipe est de toute fa\u00e7on un gros changement. M\u00eame si la moto est la m\u00eame, il faut s&rsquo;adapter \u00e0 diff\u00e9rentes m\u00e9thodes de travail, diff\u00e9rentes approches des courses, \u00e0 des personnes diff\u00e9rentes, des philosophies diff\u00e9rentes. Beaucoup de choses sont diff\u00e9rentes.\u00a0\u00bb<\/p>\n<p>\u00ab\u00a0C&rsquo;est l&rsquo;un des \u00e9l\u00e9ments auxquels j&rsquo;ai d\u00fb le plus m&rsquo;adapter cette ann\u00e9e puisque la moto est plus ou moins la m\u00eame que l&rsquo;an dernier. Mais les gens qui travaillent autour, tout le monde, sont diff\u00e9rents. C&rsquo;est ce \u00e0 quoi j&rsquo;ai d\u00fb le plus m&rsquo;habituer et c&rsquo;est une chose qui peut avoir une influence sur les performances parce que les m\u00e9thodes de travail peuvent \u00eatre diff\u00e9rentes.\u00a0\u00bb<\/p>\n<p>\u00ab\u00a0Si le pilote ne s&rsquo;adapte pas bien \u00e0 la fa\u00e7on de travailler de sa nouvelle \u00e9quipe, \u00e7a peut \u00eatre un probl\u00e8me. Heureusement, \u00e7a n&rsquo;a pas \u00e9t\u00e9 le cas pour nous. C&rsquo;est juste diff\u00e9rent pendant les week-ends. On d\u00e9bute un peu plus lentement le vendredi, puis on fait mieux, on fait de gros progr\u00e8s le samedi, et encore des progr\u00e8s le dimanche. Je n&rsquo;ai pas eu de mal \u00e0 m&rsquo;adapter \u00e0 ma nouvelle \u00e9quipe, \u00e7a a juste pris un peu de temps et demand\u00e9 un peu d&rsquo;exp\u00e9rience.\u00a0\u00bb<\/p>\n<p style=\"text-align: right;\">Avec Francesco Corghi et L\u00e9na Buffa<\/p>\n<p>Lire aussi :<\/p>\n<p>Dans cet article<\/p>\n<p>Soyez le premier inform\u00e9 et souscrivez aux alertes mails pour recevoir les infos en temps r\u00e9el<\/p>\n<p>    S&rsquo;abonner aux alertes de news<\/p>\n","protected":false},"excerpt":{"rendered":"Apr\u00e8s avoir \u00e9tudi\u00e9 le march\u00e9 et notamment eu de br\u00e8ves discussions avec Pedro Acosta, VR46 a pris la&hellip;\n","protected":false},"author":2,"featured_media":350036,"comment_status":"","ping_status":"","sticky":false,"template":"","format":"standard","meta":{"footnotes":""},"categories":[1413],"tags":[1011,27,7985,48643,1457,1456,1458,60,7276],"class_list":{"0":"post-350035","1":"post","2":"type-post","3":"status-publish","4":"format-standard","5":"has-post-thumbnail","7":"category-moto","8":"tag-fr","9":"tag-france","10":"tag-franco-morbidelli","11":"tag-la-prolongation-de-morbidelli-chez-vr46-attendue-dans-les-prochains-jours","12":"tag-moto","13":"tag-motocycle","14":"tag-motogp","15":"tag-sports","16":"tag-team-vr46"},"share_on_mastodon":{"url":"https:\/\/pubeurope.com\/@fr\/115106422764485121","error":""},"_links":{"self":[{"href":"https:\/\/www.europesays.com\/fr\/wp-json\/wp\/v2\/posts\/350035","targetHints":{"allow":["GET"]}}],"collection":[{"href":"https:\/\/www.europesays.com\/fr\/wp-json\/wp\/v2\/posts"}],"about":[{"href":"https:\/\/www.europesays.com\/fr\/wp-json\/wp\/v2\/types\/post"}],"author":[{"embeddable":true,"href":"https:\/\/www.europesays.com\/fr\/wp-json\/wp\/v2\/users\/2"}],"replies":[{"embeddable":true,"href":"https:\/\/www.europesays.com\/fr\/wp-json\/wp\/v2\/comments?post=350035"}],"version-history":[{"count":0,"href":"https:\/\/www.europesays.com\/fr\/wp-json\/wp\/v2\/posts\/350035\/revisions"}],"wp:featuredmedia":[{"embeddable":true,"href":"https:\/\/www.europesays.com\/fr\/wp-json\/wp\/v2\/media\/350036"}],"wp:attachment":[{"href":"https:\/\/www.europesays.com\/fr\/wp-json\/wp\/v2\/media?parent=350035"}],"wp:term":[{"taxonomy":"category","embeddable":true,"href":"https:\/\/www.europesays.com\/fr\/wp-json\/wp\/v2\/categories?post=350035"},{"taxonomy":"post_tag","embeddable":true,"href":"https:\/\/www.europesays.com\/fr\/wp-json\/wp\/v2\/tags?post=350035"}],"curies":[{"name":"wp","href":"https:\/\/api.w.org\/{rel}","templated":true}]}}