{"id":350037,"date":"2025-08-28T12:36:10","date_gmt":"2025-08-28T12:36:10","guid":{"rendered":"https:\/\/www.europesays.com\/fr\/350037\/"},"modified":"2025-08-28T12:36:10","modified_gmt":"2025-08-28T12:36:10","slug":"froome-heliporte-apres-un-accident-grave-a-lentrainement-eurosport","status":"publish","type":"post","link":"https:\/\/www.europesays.com\/fr\/350037\/","title":{"rendered":"Froome h\u00e9liport\u00e9 apr\u00e8s un accident grave \u00e0 l&#039;entra\u00eenement &#8211; Eurosport"},"content":{"rendered":"<ol>\n<li><a href=\"https:\/\/news.google.com\/rss\/articles\/CBMi-AFBVV95cUxPdEMtU09DdUZsajhkMk1IWndiUzFySXJLQlMwMUVzQW9MZlBNYUM2aVZkclVZNUxBeXlxVXVzeDhtWEFVa0Y3ZHBCbnMzbmw1MHFZaTdWYnpHYkExY2V2TkVIYV9FYWxYbnpzY01tdHZ6WlhONzU1VDVQYTRRTjQ4V0k4LWdRSXMyc3cwbjNYaEpDdlFPZ0pXSTkxaHJYdHJMZ1pIc2V3MldSSE5wb1V5NFJ3QU1ya2RCdXJwNTF2QkFpdzNxLTl4ajUtUTQ2SzgxaElOTDVVTWRadjU2ZFFBblo4TEc3VTdiMF9jbFBuYXpuczVHNjhmVQ?oc=5\" target=\"_blank\" rel=\"nofollow noopener\">Froome h\u00e9liport\u00e9 apr\u00e8s un accident grave \u00e0 l&rsquo;entra\u00eenement<\/a>&nbsp;&nbsp;Eurosport<\/li>\n<li><a href=\"https:\/\/news.google.com\/rss\/articles\/CBMivAFBVV95cUxPTnVWa25VRWtYd2U4R0MzY0kwbTVSTmZJb245ZTFYSlFtSkFzRzN0MFVwTXpfZTJweElLZm9HVGlTbTk5TWtVUVlCQldVWVJXY1pKRUxKVzRDWnBsSzhOeENWRWdZTm5Sa0xsUXJqc1NtS1NRMG9qcFhnVzV2VUtFd2VLeExsaFpCLWJoUzZtUXNoRFZuYU1xTkczMDdjNjRmVE5MVG04OERFU29iU05INWkzOWFYc2lBUUlJYw?oc=5\" target=\"_blank\" rel=\"nofollow noopener\">Chris Froome hospitalis\u00e9 apr\u00e8s un accident \u00e0 l&rsquo;entra\u00eenement<\/a>&nbsp;&nbsp;L&rsquo;\u00c9quipe<\/li>\n<li><a href=\"https:\/\/news.google.com\/rss\/articles\/CBMi8gFBVV95cUxQSkpXMzJhTFJlRnUxZW1sTWZ5Z0xlYmV6YU4xRC1oRWZrazBjdkhlSDVDcnhSYUxwbjRoLURMRnViQUdVQXdpZE94eHBpcmE1aVN4a1hoT25nTVFtb0pRYV9wRmo5SFlYLWJRUGUzUlNiRHgtNlV2ZjVEeW0xNHhscUN0VEFUaDI4dTJJd3lKLVRNaWptc09fZjdWNnNqdkROc2ZaeFNwQzdjUU5zM2dRdF9XTjNNQmhhbExUU3JhbG02ZWZ3NjhRU2tIMm1UbmN0cjBpSm0zR0w3QWlKUlNVdVN6QUxOZHYxWDdoT2lwRW9qZw?oc=5\" target=\"_blank\" rel=\"nofollow noopener\">Cyclisme : Chris Froome, quadruple vainqueur du Tour de France, hospitalis\u00e9 apr\u00e8s avoir \u00e9t\u00e9 percut\u00e9 par un v\u00e9hicule<\/a>&nbsp;&nbsp;Le Figaro<\/li>\n<li><a href=\"https:\/\/news.google.com\/rss\/articles\/CBMiuAJBVV95cUxNcWVGeHlydnJpelVTN3UxZ0k2aElDT3h1WkI2RkZWb1Z5Rk5MVnFmam1xNWt1cFhmeWhJR3VkMFV5ZEY0bnpkVElFX2I5bGU5N3ZlclhpcVNhbFlTa2VhT054cXRTeFdpSURYUnU4WUdfS0Y0NDhteDNhdlVHT0Vlakh6dkU2YWxHZjFwa2FuVGFxVzBiVkx0TkpqU1pHTERRTjRwdVl4TXdOejJvVHBSWmh4ZWFYMnAxWDRuNkVycS1KYzlXNWZreGxIQ3Bwd0oyenkwbUp6dW05V2ozT05DWTQwZUdqbVhPdzB4SGlnX1ZQZ2U1aC1peElUd3RVeHk3bGVLOGw4djdRSmdNQ2JDRkVmQTE3UzJtcnF2akwzZXJzZVR4aUZGcGdVTUNjcTRZendaM3hnN0c?oc=5\" target=\"_blank\" rel=\"nofollow noopener\">Tour des Alpes-Maritimes et du Var<\/a>&nbsp;&nbsp;Nice-Matin<\/li>\n<li><a href=\"https:\/\/news.google.com\/rss\/articles\/CBMingJBVV95cUxNc2JUeU11WjF0MVdGcnd0ZnZGWFdqYWFVUjZnZTRNRDg1WlBjQUhQLUYzRWVubW9UM1Y3bUdjUnk4WVBJY19vMEdEWnk2Z3h2MlJmSTRsbTUxbVhodzB4SldoOXdZdURPZzcxbFQzLXUyZmRha1ZYUURLOFBmNjBiMkpZNXEzbEExQnhGV3AtSV9Cc2Vnd3BOR3YyazMwVDhoQ1RYeThxZWdBaHFzM0drUzItZFJKSkdPNVNsS0RrTXloVkY2STdIWmpoMFlDV0dSZXp3WFE0SWFsWE1sOTJ5TzJEaWFtV3lQN2FzUDJrWDUtYkNONVJWdF90VDdYTnBuckpXY0dYZEVVQ2c4M0RDUGU1RkQwUXk0Q1V1MTVR?oc=5\" target=\"_blank\" rel=\"nofollow noopener\">Cyclisme : Chris Froome, quadruple vainqueur du Tour de France, hospitalis\u00e9 dans un \u00e9tat s\u00e9rieux apr\u00e8s avoir \u00e9t\u00e9 percut\u00e9 par une voiture dans le Var<\/a>&nbsp;&nbsp;ladepeche.fr<\/li>\n<\/ol>\n","protected":false},"excerpt":{"rendered":"Froome h\u00e9liport\u00e9 apr\u00e8s un accident grave \u00e0 l&rsquo;entra\u00eenement&nbsp;&nbsp;Eurosport Chris Froome hospitalis\u00e9 apr\u00e8s un accident \u00e0 l&rsquo;entra\u00eenement&nbsp;&nbsp;L&rsquo;\u00c9quipe Cyclisme :&hellip;\n","protected":false},"author":2,"featured_media":1445,"comment_status":"","ping_status":"","sticky":false,"template":"","format":"standard","meta":{"footnotes":""},"categories":[1412],"tags":[1451,1452,1453,1454,1455,1011,27,60],"class_list":{"0":"post-350037","1":"post","2":"type-post","3":"status-publish","4":"format-standard","5":"has-post-thumbnail","7":"category-f1","8":"tag-f1","9":"tag-formula-1","10":"tag-formula1","11":"tag-formule-1","12":"tag-formule1","13":"tag-fr","14":"tag-france","15":"tag-sports"},"share_on_mastodon":{"url":"https:\/\/pubeurope.com\/@fr\/115106426627318265","error":""},"_links":{"self":[{"href":"https:\/\/www.europesays.com\/fr\/wp-json\/wp\/v2\/posts\/350037","targetHints":{"allow":["GET"]}}],"collection":[{"href":"https:\/\/www.europesays.com\/fr\/wp-json\/wp\/v2\/posts"}],"about":[{"href":"https:\/\/www.europesays.com\/fr\/wp-json\/wp\/v2\/types\/post"}],"author":[{"embeddable":true,"href":"https:\/\/www.europesays.com\/fr\/wp-json\/wp\/v2\/users\/2"}],"replies":[{"embeddable":true,"href":"https:\/\/www.europesays.com\/fr\/wp-json\/wp\/v2\/comments?post=350037"}],"version-history":[{"count":0,"href":"https:\/\/www.europesays.com\/fr\/wp-json\/wp\/v2\/posts\/350037\/revisions"}],"wp:featuredmedia":[{"embeddable":true,"href":"https:\/\/www.europesays.com\/fr\/wp-json\/wp\/v2\/media\/1445"}],"wp:attachment":[{"href":"https:\/\/www.europesays.com\/fr\/wp-json\/wp\/v2\/media?parent=350037"}],"wp:term":[{"taxonomy":"category","embeddable":true,"href":"https:\/\/www.europesays.com\/fr\/wp-json\/wp\/v2\/categories?post=350037"},{"taxonomy":"post_tag","embeddable":true,"href":"https:\/\/www.europesays.com\/fr\/wp-json\/wp\/v2\/tags?post=350037"}],"curies":[{"name":"wp","href":"https:\/\/api.w.org\/{rel}","templated":true}]}}