{"id":350038,"date":"2025-08-28T12:37:10","date_gmt":"2025-08-28T12:37:10","guid":{"rendered":"https:\/\/www.europesays.com\/fr\/350038\/"},"modified":"2025-08-28T12:37:10","modified_gmt":"2025-08-28T12:37:10","slug":"vuelta-tour-despagne-trois-coureurs-malades-ne-sont-pas-au-depart-de-la-6e-etape","status":"publish","type":"post","link":"https:\/\/www.europesays.com\/fr\/350038\/","title":{"rendered":"Vuelta. Tour d&rsquo;Espagne &#8211; Trois coureurs malades, ne sont pas au d\u00e9part de la 6e \u00e9tape"},"content":{"rendered":"<p>Alors que les coureurs du 80e <strong>Tour d&rsquo;Espagne <\/strong>vont entamer la montagne ce jeudi \u00e0 l&rsquo;occasion de la 6e \u00e9tape, 3 coureurs ne se sont pas pr\u00e9sent\u00e9s au d\u00e9part \u00e0 Olot. En effet, <strong>Simon Carr <\/strong>(Cofidis), <strong>Arjen Livyns <\/strong>(Lotto) et <strong>Pepijn Reinderink <\/strong>(Soudal-QuickStep) ont quitt\u00e9 les routes espagnoles, tous trois tomb\u00e9s malades ces derniers jours. Avec trois nouveaux coureurs contraints de se retirer, cela porte le total des abandons \u00e0 huit en l&rsquo;espace de 6 jours de course, l&rsquo;\u00e9quipe la plus s\u00e9v\u00e8rement touch\u00e9e \u00e9tant la <strong><a href=\"https:\/\/www.cyclismactu.net\/..\/news-route-terpstra-et-vanmarcke-ds-de-soudal-quick-step-des-2026-89730.html\" target=\"_blank\" rel=\"nofollow noopener\">Soudal-Quick Step<\/a> <\/strong>qui, avec les abandons de <strong><a href=\"https:\/\/www.cyclismactu.net\/..\/news-tour-d-espagne-route-malade-valentin-paret-peintre-a-quitte-vuelta-sur-4e-etape-89800.html\" target=\"_blank\" rel=\"nofollow noopener\">Valentin Paret-Peintre<\/a> <\/strong>lors de la 4e \u00e9tape et de <strong>Pepijn Reinderink <\/strong>ce jeudi, doit poursuivre le dernier Grand Tour de la saison \u00e0 six.<\/p>\n<p>Vid\u00e9o &#8211; La 6e \u00e9tape, taill\u00e9e pour Jonas Vingegaard ? Lire la suite de l&rsquo;article&#13;<\/p>\n<p>\u00a0<\/p>\n<p>&#13;<br \/>\nTrois pertes importantes pour leurs \u00e9quipes&#13;<\/p>\n<p>Que ce soit pour <strong>Cofidis<\/strong>, pour <strong>Lotto <\/strong>ou pour la <strong>Soudal-Quick Step<\/strong>, ce sont trois cartes importantes qui quittent les routes espagnoles. Apr\u00e8s une saison 2025 d\u00e9licate, <strong>Simon Carr <\/strong>venait sur <strong>La Vuelta<\/strong>\u00a0pour \u00e9pauler son leader <strong>Emmanuel Buchmann <\/strong>en montagne et jouer sa carte si l&rsquo;occasion s&rsquo;en pr\u00e9sentait. Avec <strong>Arjen Livyns<\/strong>, victime de maux d&rsquo;estomac,\u00a0c&rsquo;est un des leaders de la <strong>Lotto<\/strong> qui doit s&rsquo;en aller et l&rsquo;\u00e9quipe belge ne pourra plus compter que sur <strong>Elia Viviani <\/strong>pour performer sur les sprints.\u00a0<\/p>\n","protected":false},"excerpt":{"rendered":"Alors que les coureurs du 80e Tour d&rsquo;Espagne vont entamer la montagne ce jeudi \u00e0 l&rsquo;occasion de la&hellip;\n","protected":false},"author":2,"featured_media":350039,"comment_status":"","ping_status":"","sticky":false,"template":"","format":"standard","meta":{"footnotes":""},"categories":[1411],"tags":[1154,207,1011,27,209,60,3318,208],"class_list":{"0":"post-350038","1":"post","2":"type-post","3":"status-publish","4":"format-standard","5":"has-post-thumbnail","7":"category-cyclisme","8":"tag-cycling","9":"tag-cyclisme","10":"tag-fr","11":"tag-france","12":"tag-route","13":"tag-sports","14":"tag-tour-d","15":"tag-velo"},"share_on_mastodon":{"url":"https:\/\/pubeurope.com\/@fr\/115106430583371394","error":""},"_links":{"self":[{"href":"https:\/\/www.europesays.com\/fr\/wp-json\/wp\/v2\/posts\/350038","targetHints":{"allow":["GET"]}}],"collection":[{"href":"https:\/\/www.europesays.com\/fr\/wp-json\/wp\/v2\/posts"}],"about":[{"href":"https:\/\/www.europesays.com\/fr\/wp-json\/wp\/v2\/types\/post"}],"author":[{"embeddable":true,"href":"https:\/\/www.europesays.com\/fr\/wp-json\/wp\/v2\/users\/2"}],"replies":[{"embeddable":true,"href":"https:\/\/www.europesays.com\/fr\/wp-json\/wp\/v2\/comments?post=350038"}],"version-history":[{"count":0,"href":"https:\/\/www.europesays.com\/fr\/wp-json\/wp\/v2\/posts\/350038\/revisions"}],"wp:featuredmedia":[{"embeddable":true,"href":"https:\/\/www.europesays.com\/fr\/wp-json\/wp\/v2\/media\/350039"}],"wp:attachment":[{"href":"https:\/\/www.europesays.com\/fr\/wp-json\/wp\/v2\/media?parent=350038"}],"wp:term":[{"taxonomy":"category","embeddable":true,"href":"https:\/\/www.europesays.com\/fr\/wp-json\/wp\/v2\/categories?post=350038"},{"taxonomy":"post_tag","embeddable":true,"href":"https:\/\/www.europesays.com\/fr\/wp-json\/wp\/v2\/tags?post=350038"}],"curies":[{"name":"wp","href":"https:\/\/api.w.org\/{rel}","templated":true}]}}