{"id":350042,"date":"2025-08-28T12:39:10","date_gmt":"2025-08-28T12:39:10","guid":{"rendered":"https:\/\/www.europesays.com\/fr\/350042\/"},"modified":"2025-08-28T12:39:10","modified_gmt":"2025-08-28T12:39:10","slug":"ce-metier-est-parfois-une-therapie","status":"publish","type":"post","link":"https:\/\/www.europesays.com\/fr\/350042\/","title":{"rendered":"\u00abCe m\u00e9tier est parfois une th\u00e9rapie\u00bb"},"content":{"rendered":"<p data-module=\"fig-standfirst\" data-context=\"@media (min-width:48em)\"><strong>\u00c0 LA UNE &#8211; <\/strong>La com\u00e9dienne incarne une capitaine de police d\u00e9figur\u00e9e dans Surface, adaptation en s\u00e9rie du roman policier d\u2019Olivier Norek pour France 2.<\/p>\n<p class=\"fig-paragraph fig-paragraph--dropped\"><a href=\"https:\/\/www.lefigaro.fr\/tag\/laura-smet\" target=\"_blank\" rel=\"sponsored noopener\" data-gtm-custom-categorie=\"navigation\" data-gtm-custom-action=\"crossclick\" data-gtm-custom-label=\"Contextuel\" data-gtm-event=\"customEventSPE\"><strong>Laura Smet<\/strong><\/a> \u00a0est l\u2019h\u00e9ro\u00efne de\u00a0<a href=\"https:\/\/tvmag.lefigaro.fr\/programme-tv\/programme\/surface-d154289960\" target=\"_blank\" rel=\"noopener\" data-gtm-custom-categorie=\"navigation\" data-gtm-custom-action=\"crossclick\" data-gtm-custom-label=\"Contextuel\" data-gtm-event=\"customEventSPE\">Surface<\/a>, une s\u00e9rie adapt\u00e9e du polar \u00e9ponyme d\u2019<a href=\"http:\/\/www.lefigaro.fr\/cinema\/un-roman-d-olivier-norek-adapte-au-cinema-avec-le-producteur-du-comte-de-monte-cristo-20250607\" data-fig-type=\"NewsFlash\" data-gtm-custom-categorie=\"navigation\" data-gtm-custom-action=\"crossclick\" data-gtm-custom-label=\"Contextuel\" data-gtm-event=\"customEventSPE\" data-fig-domain=\"LEFIGARO\" target=\"_blank\" rel=\"noopener\">Olivier Norek.<\/a>\u00a0Elle y incarne une capitaine de police parisienne affect\u00e9e dans un village d\u2019Occitanie apr\u00e8s avoir \u00e9t\u00e9\u00a0<a href=\"http:\/\/tvmag.lefigaro.fr\/programme-tv\/series\/julie-de-bona-laura-smet-iris-bucher-la-productrice-qui-defigure-ses-heroines-20240703\" data-fig-type=\"Article\" data-gtm-custom-categorie=\"navigation\" data-gtm-custom-action=\"crossclick\" data-gtm-custom-label=\"Contextuel\" data-gtm-event=\"customEventSPE\" data-fig-domain=\"TVMAG\" target=\"_blank\" rel=\"noopener\">d\u00e9figur\u00e9e par une balle<\/a>\u00a0dans le cadre d\u2019une intervention. Rencontre en deux temps \u2013\u00a0<a href=\"http:\/\/tvmag.lefigaro.fr\/programme-tv\/series\/laura-smet-tomer-sisley-olivier-norek-l-allechant-generique-de-la-serie-surface-en-tournage-pour-france-2-20240722\" data-fig-type=\"Article\" data-gtm-custom-categorie=\"navigation\" data-gtm-custom-action=\"crossclick\" data-gtm-custom-label=\"Contextuel\" data-gtm-event=\"customEventSPE\" data-fig-domain=\"TVMAG\" target=\"_blank\" rel=\"noopener\">sur le tournage de la fiction<\/a>, au bord du lac de Laouzas dans le Tarn, et \u00e0 Paris, pour la pr\u00e9sentation de la fiction \u00e0 la presse \u2013 avec une jeune femme apais\u00e9e, \u00e9minemment simple et chaleureuse.<\/p>\n<p class=\"fig-paragraph fig-paragraph--dropped\"><strong>TV MAGAZINE.- Qu\u2019est-ce qui vous a s\u00e9duite dans ce projet\u00a0?\u00a0<\/strong><br \/><strong>Laura SMET. &#8211;<\/strong> Je suis tout de suite tomb\u00e9e amoureuse du personnage. No\u00e9mie, c\u2019est quelqu\u2019un que je connais. Je l\u2019ai rencontr\u00e9e. Elle n\u2019en a rien \u00e0 fiche du regard des autres, elle les d\u00e9fie, elle a l\u00e2ch\u00e9 l\u2019affaire quant \u00e0 l\u2019apparence, elle peut m\u00eame faire peur. C\u2019est un animal bless\u00e9, avec une carapace, il lui manque juste un peu d\u2019amour. Elle poss\u00e8de quelque chose d\u2019\u00e9corch\u00e9 vif, une timidit\u00e9. Au d\u00e9but, on a l\u2019impression qu\u2019elle est hautaine, qu\u2019elle se la p\u00e8te\u2026<\/p>\n<p class=\"fig-premium-paywall__infos\">\n        Cet article est r\u00e9serv\u00e9 aux abonn\u00e9s.        Il vous reste 90% \u00e0 d\u00e9couvrir.\n    <\/p>\n<p>                <img  data- alt=\"Le Figaro\" class=\"fig-img--complete fig-img\"\/><\/p>\n<p class=\"fig-premium-paywall__title\">Vente Flash<\/p>\n<p class=\"fig-premium-paywall__subtitle\">4,99\u20ac par mois pendant 12 mois. Sans engagement.<\/p>\n<p class=\"fig-premium-paywall__connect\">\n                D\u00e9j\u00e0 abonn\u00e9\u00a0?                <a class=\"fig-premium-paywall__connect-link\" href=\"https:\/\/connect.lefigaro.fr\/login?client=tvmag_web&amp;type=main&amp;redirect_uri=https%3A%2F%2Ftvmag.lefigaro.fr%2Fprogramme-tv%2Fseries%2Flaura-smet-ce-metier-est-parfois-une-therapie-20250828\" data-js-gtm=\"{&quot;customCategorie&quot;: &quot;conversion&quot;, &quot;customAction&quot;: &quot;before_Landing_Connexion_paywall_auto&quot;, &quot;customLabel&quot;: &quot;dHZtYWcubGVmaWdhcm8uZnJfXzFmMDY2MzFhLTBmOWQtNjI5YS05ZjM3LWExZDVlZDdlODZmM19fQXJ0aWNsZQ==_Laura Smet\u00a0: \u00abCe m\u00e9tier est parfois une th\u00e9rapie\u00bb_528&quot;, &quot;customIDSPE&quot;: &quot;dHZtYWcubGVmaWdhcm8uZnJfXzFmMDY2MzFhLTBmOWQtNjI5YS05ZjM3LWExZDVlZDdlODZmM19fQXJ0aWNsZQ==&quot;, &quot;event&quot;: &quot;customEventSPE&quot;}\" target=\"_blank\" rel=\"noopener\"><br \/>\n                    Connectez-vous<br \/>\n                <\/a>\n            <\/p>\n","protected":false},"excerpt":{"rendered":"\u00c0 LA UNE &#8211; La com\u00e9dienne incarne une capitaine de police d\u00e9figur\u00e9e dans Surface, adaptation en s\u00e9rie du&hellip;\n","protected":false},"author":2,"featured_media":350043,"comment_status":"","ping_status":"","sticky":false,"template":"","format":"standard","meta":{"footnotes":""},"categories":[1359],"tags":[58,59,1011,27,594,15910,973,521,41772],"class_list":{"0":"post-350042","1":"post","2":"type-post","3":"status-publish","4":"format-standard","5":"has-post-thumbnail","7":"category-people","8":"tag-divertissement","9":"tag-entertainment","10":"tag-fr","11":"tag-france","12":"tag-france-2","13":"tag-laura-smet","14":"tag-people","15":"tag-serie","16":"tag-tomer-sisley"},"share_on_mastodon":{"url":"https:\/\/pubeurope.com\/@fr\/115106438412672726","error":""},"_links":{"self":[{"href":"https:\/\/www.europesays.com\/fr\/wp-json\/wp\/v2\/posts\/350042","targetHints":{"allow":["GET"]}}],"collection":[{"href":"https:\/\/www.europesays.com\/fr\/wp-json\/wp\/v2\/posts"}],"about":[{"href":"https:\/\/www.europesays.com\/fr\/wp-json\/wp\/v2\/types\/post"}],"author":[{"embeddable":true,"href":"https:\/\/www.europesays.com\/fr\/wp-json\/wp\/v2\/users\/2"}],"replies":[{"embeddable":true,"href":"https:\/\/www.europesays.com\/fr\/wp-json\/wp\/v2\/comments?post=350042"}],"version-history":[{"count":0,"href":"https:\/\/www.europesays.com\/fr\/wp-json\/wp\/v2\/posts\/350042\/revisions"}],"wp:featuredmedia":[{"embeddable":true,"href":"https:\/\/www.europesays.com\/fr\/wp-json\/wp\/v2\/media\/350043"}],"wp:attachment":[{"href":"https:\/\/www.europesays.com\/fr\/wp-json\/wp\/v2\/media?parent=350042"}],"wp:term":[{"taxonomy":"category","embeddable":true,"href":"https:\/\/www.europesays.com\/fr\/wp-json\/wp\/v2\/categories?post=350042"},{"taxonomy":"post_tag","embeddable":true,"href":"https:\/\/www.europesays.com\/fr\/wp-json\/wp\/v2\/tags?post=350042"}],"curies":[{"name":"wp","href":"https:\/\/api.w.org\/{rel}","templated":true}]}}