{"id":350047,"date":"2025-08-28T12:42:12","date_gmt":"2025-08-28T12:42:12","guid":{"rendered":"https:\/\/www.europesays.com\/fr\/350047\/"},"modified":"2025-08-28T12:42:12","modified_gmt":"2025-08-28T12:42:12","slug":"terriblement-inquietant-du-mal-a-comprendre-voue-a-lechec-coup-de-poker-la-situation-politique-francaise-vue-par-nos-voisins-europeens","status":"publish","type":"post","link":"https:\/\/www.europesays.com\/fr\/350047\/","title":{"rendered":"\u00ab\u00a0Terriblement inqui\u00e9tant\u00a0\u00bb, \u00ab\u00a0du mal \u00e0 comprendre\u00a0\u00bb, \u00ab\u00a0vou\u00e9 \u00e0 l&rsquo;\u00e9chec\u00a0\u00bb, \u00ab\u00a0coup de poker\u00a0\u00bb&#8230; La situation politique fran\u00e7aise vue par nos voisins europ\u00e9ens"},"content":{"rendered":"\n<p class=\"c-chapo \">\n  En convoquant un vote de confiance le 8\u00a0septembre prochain, Fran\u00e7ois Bayrou a mis sa survie et celle de son gouvernement en jeu, ce qui n&rsquo;a pas manqu\u00e9 de faire r\u00e9agir la presse europ\u00e9enne.\n<\/p>\n<p>            lire plus tard<\/p>\n<p id=\"dialog__title\" class=\"dialog__title\">Pour sauvegarder cet article, connectez-vous ou cr\u00e9ez un compte franceinfo<\/p>\n<p class=\"dialog__description\">Sans paiement. Sans abonnement.<\/p>\n<p>        Fermer la fen\u00eatre d\u2019activation des notifications France Info<\/p>\n<p>            cr\u00e9er votre compte<\/p>\n<p>            se connecter<\/p>\n<p>        Fermer la fen\u00eatre de pr\u00e9sentation<\/p>\n<p>    <img loading=\"lazy\" decoding=\"async\" class=\"signature__image lazyload\" width=\"100\" height=\"100\" data- alt=\"\" src=\"https:\/\/www.europesays.com\/fr\/wp-content\/uploads\/2025\/05\/64a7df4c5fe71_placeholder-36b69ec8.png\"\/><\/p>\n<p>    Publi\u00e9 le 28\/08\/2025 13:54<\/p>\n<p>        Temps de lecture : 8min<\/p>\n<p>    <img decoding=\"async\"  alt=\"Le Premier ministre fran\u00e7ais Fran\u00e7ois Bayrou \u00e0 la sortie du conseil des ministres au Palais de l'\u00c9lys\u00e9e, le 27 ao\u00fbt 2025. (JULIEN MATTIA \/ LE PICTORIUM \/ MAXPPP)\" width=\"432\" height=\"243\" src=\"https:\/\/www.europesays.com\/fr\/wp-content\/uploads\/2025\/08\/bayrou-68b0359087d3c435999219.jpg\" fetchpriority=\"high\"\/><\/p>\n<p>      Le Premier ministre fran\u00e7ais Fran\u00e7ois Bayrou \u00e0 la sortie du conseil des ministres au Palais de l&rsquo;\u00c9lys\u00e9e, le 27 ao\u00fbt 2025. (JULIEN MATTIA \/ LE PICTORIUM \/ MAXPPP)<\/p>\n<p>Fran\u00e7ois Bayrou est-il plus convaincant en dehors de nos fronti\u00e8res\u00a0? Nos voisins europ\u00e9ens scrutent la situation politique fran\u00e7aise apr\u00e8s que le Premier ministre a engag\u00e9 la responsabilit\u00e9 de son gouvernement lors d&rsquo;un vote de confiance, pr\u00e9vu lundi\u00a08 septembre, en esp\u00e9rant persuader les partis de la n\u00e9cessit\u00e9 de r\u00e9duire la dette et le d\u00e9ficit de la France. <a href=\"https:\/\/www.franceinfo.fr\/politique\/francois-bayrou\/vote-du-8-septembre-a-l-assemblee-nationale-aujourd-hui-a-priori-on-ne-peut-pas-obtenir-la-confiance-affirme-francois-bayrou_7458172.html\" rel=\"nofollow noopener\" target=\"_blank\"><a href=\"https:\/\/www.franceinfo.fr\/politique\/francois-bayrou\/vote-du-8-septembre-a-l-assemblee-nationale-aujourd-hui-a-priori-on-ne-peut-pas-obtenir-la-confiance-affirme-francois-bayrou_7458172.html\" rel=\"nofollow noopener\" target=\"_blank\">Sur TF1, mercredi soir<\/a>, Fran\u00e7ois Bayrou a de nouveau tent\u00e9 de convaincre les oppositions nationales de ne pas le renverser, <a href=\"https:\/\/www.franceinfo.fr\/politique\/francois-bayrou\/inflexibilite-desinvolture-d-un-premier-ministre-qui-effraye-et-ment-les-reactions-politiques-apres-l-interview-de-francois-bayrou-sur-tf1_7458052.html\" rel=\"nofollow noopener\" target=\"_blank\">sans succ\u00e8s<\/a>. Cette p\u00e9riode d&rsquo;incertitude qui s&rsquo;ouvre en France inqui\u00e8te \u00e9galement les journaux europ\u00e9ens.<\/p>\n<p>En Allemagne<\/p>\n<p>Outre-Rhin, \u00ab\u00a0on attend que le partenaire fran\u00e7ais soit fiable sur la gestion de ses finances\u00a0\u00bb, affirme sur franceinfo L\u00e9o Klimm, correspondant \u00e0 Paris du journal allemand <a href=\"https:\/\/www.spiegel.de\/impressum\/autor-61f27055-78f5-4ab4-ac9d-a1bd4ef97088\" target=\"_blank\" rel=\"noopener nofollow\">Der Spiegel<\/a>. \u00ab\u00a0Cette crise est durable en France, elle est structurelle et elle risque d&rsquo;affecter l&rsquo;Europe enti\u00e8re par ricochet si les Fran\u00e7ais ne parviennent pas \u00e0 faire d&rsquo;\u00e9conomies\u00a0\u00bb, ajoute-t-il.\u00a0<\/p>\n<p>Pour L\u00e9o Klimm, il s&rsquo;agit \u00ab\u00a0d&rsquo;une man\u0153uvre kamikaze du Premier ministre\u00a0\u00bb et \u00ab\u00a0c&rsquo;est terriblement inqui\u00e9tant parce que la France a un syst\u00e8me politique qui est fabriqu\u00e9 pour cr\u00e9er de la stabilit\u00e9, et, l\u00e0, on en est au bout, il ne livre plus cette stabilit\u00e9.\u00a0\u00bb \u00ab\u00a0Et derri\u00e8re \u00e7a, il y a les divisions de la soci\u00e9t\u00e9 fran\u00e7aise, la mont\u00e9e des forces radicales et antieurop\u00e9ennes. Mais c&rsquo;est un mouvement global qui s&#8217;empare d&rsquo;\u00e0 peu pr\u00e8s toutes les soci\u00e9t\u00e9s occidentales et qui existe aussi en Allemagne\u00a0\u00bb, souligne le journaliste d&rsquo;outre-Rhin.<\/p>\n<p>En Italie<\/p>\n<p><strong\/>\u00ab\u00a0La crainte italienne est la contagion de l&rsquo;augmentation des taux d&rsquo;int\u00e9r\u00eat\u00a0\u00bb, d\u00e9clare, \u00e9galement sur franceinfo, Alberto Toscano, journaliste italien et \u00e9ditorialiste \u00e0 Paris. Il rappelle que son pays est parvenu <a href=\"https:\/\/www.franceinfo.fr\/monde\/italie\/deficit-comment-l-italie-a-redresse-ses-finances-publiques-depuis-l-arrivee-de-giorgia-meloni_7455883.html\" rel=\"nofollow noopener\" target=\"_blank\">\u00e0 redresser ses finances publiques<\/a> ces derni\u00e8res ann\u00e9es, m\u00eame s&rsquo;il garde un poids de la dette important. \u00ab\u00a0Une \u00e9ventuelle contagion \u00e0 partir de la France, motiv\u00e9e par l&rsquo;actuelle instabilit\u00e9 politique fran\u00e7aise, pourrait avoir des cons\u00e9quences assez n\u00e9gatives pour les taux d&rsquo;int\u00e9r\u00eat sur la dette publique italienne\u00a0\u00bb, souligne-t-il.<\/p>\n<p>Pour lui, \u00ab\u00a0ce qui est in\u00e9dit, c&rsquo;est l&rsquo;addition des crises, politique, \u00e9conomique, financi\u00e8re et institutionnelle. Aujourd&rsquo;hui, la v\u00e9ritable nouveaut\u00e9, \u00e0 mon sens, est le fait que les institutions de la Ve R\u00e9publique sont mises \u00e0 rude \u00e9preuve\u00a0\u00bb. Il ajoute que \u00ab\u00a0les Italiens ont quand m\u00eame du mal \u00e0 comprendre le fait qu&rsquo;un Premier ministre qui est au pouvoir depuis plusieurs mois demande aujourd&rsquo;hui la confiance du Parlement. En Italie, le gouvernement demande la confiance quand il prend le pouvoir, pas un an apr\u00e8s.\u00a0\u00bb<\/p>\n<p>Au Royaume-Uni<\/p>\n<p><a href=\"https:\/\/www.theguardian.com\/commentisfree\/2025\/aug\/27\/the-guardian-view-on-frances-latest-political-crisis-francois-bayrous-gamble-on-austerity-does-not-deserve-to-pay-off\" target=\"_blank\" rel=\"noopener nofollow\">Dans son \u00e9ditorial de mercredi<\/a>, The Guardian ne m\u00e2che pas ses mots. \u00ab\u00a0Le pari d&rsquo;aust\u00e9rit\u00e9 de Fran\u00e7ois Bayrou ne m\u00e9rite pas d&rsquo;\u00eatre r\u00e9compens\u00e9\u00a0\u00bb, titre le quotidien britannique de centre gauche. \u00ab\u00a0La chute probable d&rsquo;un autre Premier ministre porte un nouveau coup \u00e0 la pr\u00e9sidence en berne d&rsquo;Emmanuel Macron. Un changement de priorit\u00e9s s&rsquo;impose\u00a0\u00bb, poursuit-il. La dissolution de l&rsquo;Assembl\u00e9e nationale, en juin 2024, a plac\u00e9 Emmanuel Macron en position de \u00ab\u00a0canard boiteux pour son second mandat\u00a0\u00bb, juge le journal. \u00ab\u00a0Ce pari rat\u00e9 en a maintenant conduit \u00e0 un autre, qui semble tout aussi vou\u00e9 \u00e0 l&rsquo;\u00e9chec. Cette semaine, le quatri\u00e8me Premier ministre de M. Macron en deux ans a mis en jeu l&rsquo;avenir de son gouvernement minoritaire, tentant de faire adopter un budget profond\u00e9ment impopulaire cet automne.\u00a0\u00bb<\/p>\n<p>The Guardian ne cache pas son pessimisme : \u00ab\u00a0Les chances que le pari du Premier ministre se r\u00e9alise semblent extr\u00eamement minces. La perspective de l&rsquo;effondrement d&rsquo;un deuxi\u00e8me gouvernement de centre droit, suite \u00e0 l&rsquo;\u00e9chec de l&rsquo;aust\u00e9rit\u00e9, a d\u00e9j\u00e0 suscit\u00e9 un malaise sur les march\u00e9s. Mais c&rsquo;est au gouvernement qu&rsquo;il incombe de se remettre en question politiquement, et non \u00e0 l&rsquo;opinion publique ou aux d\u00e9put\u00e9s de l&rsquo;opposition\u00a0\u00bb, poursuit-il, cinglant. Avant de conclure s\u00e9v\u00e8rement : \u00ab\u00a0Avec une vague de gr\u00e8ves et de manifestations pr\u00e9vues deux jours apr\u00e8s la d\u00e9cision sur le sort de M. Bayrou, la pr\u00e9sidence de M. Macron s&rsquo;essouffle sur fond d&rsquo;animosit\u00e9 int\u00e9rieure et de stagnation politique. Il ne peut s&rsquo;en prendre qu&rsquo;\u00e0 lui-m\u00eame.\u00a0\u00bb<\/p>\n<p>En Espagne<\/p>\n<p><a href=\"https:\/\/elpais.com\/internacional\/2025-08-27\/emmanuel-macron-muestra-su-apoyo-a-bayrou-y-trata-de-tranquilizar-sobre-la-solidez-de-la-economia-francesa.html\" target=\"_blank\" rel=\"noopener nofollow\">Le quotidien espagnol El Pa\u00eds<\/a> revient sur la solidarit\u00e9 entre le pr\u00e9sident fran\u00e7ais et son Premier ministre, mercredi, en titrant \u00ab\u00a0Emmanuel Macron affiche son soutien \u00e0 Bayrou et tente de rassurer sur la solidit\u00e9 de l&rsquo;\u00e9conomie fran\u00e7aise\u00a0\u00bb. \u00ab\u00a0C&rsquo;est la premi\u00e8re fois que le pr\u00e9sident de la R\u00e9publique s&rsquo;exprime depuis l&rsquo;annonce de Bayrou lundi dernier\u00a0\u00bb, rappelle le journal pour qui \u00ab\u00a0la d\u00e9cision du Premier ministre laisse le gouvernement en suspens, les partis d&rsquo;opposition, de gauche comme d&rsquo;extr\u00eame droite, ayant rapidement annonc\u00e9 leur refus de le soutenir.\u00a0\u00bb<\/p>\n<p>\u00ab\u00a0Ce premier Conseil des ministres apr\u00e8s les vacances d&rsquo;\u00e9t\u00e9 pourrait \u00eatre l&rsquo;avant-dernier rendez-vous du gouvernement actuel si les partis d&rsquo;opposition mettent leur menace \u00e0 ex\u00e9cution et refusent finalement d&rsquo;accorder leur confiance \u00e0 Bayrou. Actuellement minoritaire \u00e0 l&rsquo;Assembl\u00e9e nationale, il ne b\u00e9n\u00e9ficie que du soutien verbal du Parti r\u00e9publicain conservateur\u00a0\u00bb, souligne El Pa\u00eds, qui ne croit pas vraiment \u00e0 la survie politique du Palois.<\/p>\n<p>En Belgique<\/p>\n<p><a href=\"https:\/\/www.lesoir.be\/695334\/article\/2025-08-26\/sur-quoi-peut-deboucher-le-coup-de-poker-de-francois-bayrou\" target=\"_blank\" rel=\"noopener nofollow\">Le journal belge Le Soir<\/a> parle, quant \u00e0 lui, du \u00ab\u00a0coup de poker de Fran\u00e7ois Bayrou\u00a0\u00bb. \u00ab\u00a0Le camp pr\u00e9sidentiel fait mine de croire \u00e0 un &lsquo;trou de souris&rsquo; qui permettrait de maintenir le gouvernement en place\u00a0\u00bb, \u00e9crit la correspondante du quotidien belge \u00e0 Paris. Plusieurs sc\u00e9narios sont sur le bureau d&rsquo;Emmanuel Macron selon elle. Le pr\u00e9sident peut tenter de trouver un troisi\u00e8me Premier ministre depuis la dissolution de juin 2024. S\u00e9bastien Lecornu et Catherine Vautrin, respectivement ministre des Arm\u00e9es et ministre de la Sant\u00e9, du Travail, des Solidarit\u00e9s et des Familles sont des candidats solides, croit le journal.<\/p>\n<p>Mais le chef de l&rsquo;\u00c9tat pourrait \u00ab\u00a0aussi (deuxi\u00e8me coup de poker apr\u00e8s celui de Bayrou ?) jouer la carte de l\u2019opposition et placer la gauche devant ses responsabilit\u00e9s en nommant \u00e0 Matignon une personnalit\u00e9 issue de ce camp\u00a0\u00bb. En choisissant cette deuxi\u00e8me option, Emmanuel Macron ferait \u00ab\u00a0le pari de [son] \u00e9chec\u00a0\u00bb, souligne le quotidien bruxellois, la gauche \u00e9tant divis\u00e9e entre La France insoumise et le Parti socialiste.<\/p>\n<p>En Suisse<\/p>\n<p>Le m\u00e9dia Blick, dont la version francophone est exclusivement en ligne, <a href=\"https:\/\/www.blick.ch\/fr\/opinion\/commentaire\/un-commentaire-de-richard-werly-la-france-va-tomber-de-sa-falaise-et-cest-grave-id21168869.html\" target=\"_blank\" rel=\"noopener nofollow\">s&rsquo;est prononc\u00e9 de fa\u00e7on tr\u00e8s s\u00e9v\u00e8re sur la situation fran\u00e7aise<\/a> par la plume de son \u00e9ditorialiste, Richard Werly\u00a0: \u00ab\u00a0La France n\u2019est pas au pied de la falaise. Elle est en train de tomber. Le pays a d\u00e9j\u00e0 un pied dans le vide.\u00a0\u00bb \u00ab\u00a0Le probl\u00e8me est que la France, notre voisin et partenaire, va se faire tr\u00e8s mal en tombant de cette falaise. M\u00eame si la confiance est vot\u00e9e, ce qui serait un succ\u00e8s extraordinaire (et aujourd\u2019hui tr\u00e8s improbable) pour Bayrou, son projet de budget 2026 et ses 44 milliards d\u2019euros d\u2019\u00e9conomies ne suffiront de toute fa\u00e7on pas \u00e0 redresser la barre \u00e9conomique\u00a0\u00bb, poursuit-il.<\/p>\n<p>L&rsquo;\u00e9ditorialiste tient le chef de l&rsquo;\u00c9tat fran\u00e7ais pour responsable de la situation actuelle\u00a0: \u00ab\u00a0La question, d\u00e8s lors, est de savoir pourquoi le Premier ministre en est arriv\u00e9 l\u00e0. Et pourquoi Emmanuel Macron, ce pr\u00e9sident modernisateur qui a fortement alourdi les finances publiques de son pays \u00e0 hauteur de 1\u00a0000\u00a0milliards d\u2019euros depuis dix ans, n\u2019a pas agi autrement ou tir\u00e9 le signal d\u2019alarme beaucoup plus t\u00f4t\u00a0?\u00a0\u00bb<\/p>\n","protected":false},"excerpt":{"rendered":"En convoquant un vote de confiance le 8\u00a0septembre prochain, Fran\u00e7ois Bayrou a mis sa survie et celle de&hellip;\n","protected":false},"author":2,"featured_media":350048,"comment_status":"","ping_status":"","sticky":false,"template":"","format":"standard","meta":{"footnotes":""},"categories":[1356],"tags":[58,59,1011,27,252,1364],"class_list":{"0":"post-350047","1":"post","2":"type-post","3":"status-publish","4":"format-standard","5":"has-post-thumbnail","7":"category-television","8":"tag-divertissement","9":"tag-entertainment","10":"tag-fr","11":"tag-france","12":"tag-television","13":"tag-tv"},"share_on_mastodon":{"url":"https:\/\/pubeurope.com\/@fr\/115106450297332358","error":""},"_links":{"self":[{"href":"https:\/\/www.europesays.com\/fr\/wp-json\/wp\/v2\/posts\/350047","targetHints":{"allow":["GET"]}}],"collection":[{"href":"https:\/\/www.europesays.com\/fr\/wp-json\/wp\/v2\/posts"}],"about":[{"href":"https:\/\/www.europesays.com\/fr\/wp-json\/wp\/v2\/types\/post"}],"author":[{"embeddable":true,"href":"https:\/\/www.europesays.com\/fr\/wp-json\/wp\/v2\/users\/2"}],"replies":[{"embeddable":true,"href":"https:\/\/www.europesays.com\/fr\/wp-json\/wp\/v2\/comments?post=350047"}],"version-history":[{"count":0,"href":"https:\/\/www.europesays.com\/fr\/wp-json\/wp\/v2\/posts\/350047\/revisions"}],"wp:featuredmedia":[{"embeddable":true,"href":"https:\/\/www.europesays.com\/fr\/wp-json\/wp\/v2\/media\/350048"}],"wp:attachment":[{"href":"https:\/\/www.europesays.com\/fr\/wp-json\/wp\/v2\/media?parent=350047"}],"wp:term":[{"taxonomy":"category","embeddable":true,"href":"https:\/\/www.europesays.com\/fr\/wp-json\/wp\/v2\/categories?post=350047"},{"taxonomy":"post_tag","embeddable":true,"href":"https:\/\/www.europesays.com\/fr\/wp-json\/wp\/v2\/tags?post=350047"}],"curies":[{"name":"wp","href":"https:\/\/api.w.org\/{rel}","templated":true}]}}