{"id":350049,"date":"2025-08-28T12:43:10","date_gmt":"2025-08-28T12:43:10","guid":{"rendered":"https:\/\/www.europesays.com\/fr\/350049\/"},"modified":"2025-08-28T12:43:10","modified_gmt":"2025-08-28T12:43:10","slug":"ca-me-fait-plaisir-et-japprends-2","status":"publish","type":"post","link":"https:\/\/www.europesays.com\/fr\/350049\/","title":{"rendered":"\u00e7a me fait plaisir\u2026 et j&rsquo;apprends"},"content":{"rendered":"<p><strong>Grande d\u00e9couverte<\/strong>. Propri\u00e9taire <a href=\"https:\/\/www.journaldesfemmes.fr\/people\/actus\/3238846-il-a-fait-main-basse-sur-la-ville-patrick-bruel-omnipresent-a-l-isle-sur-la-sorgue-exclu\/\" target=\"_blank\" rel=\"nofollow noopener\">d&rsquo;un h\u00f4tel de luxe dans le Vaucluse<\/a> baptis\u00e9\u00a0L&rsquo;Isle de L\u00e9os, Patrick Bruel s&rsquo;est occup\u00e9 personnellement de toute la d\u00e9coration du lieu ! \u00ab\u00a0Je me suis pris au jeu de la d\u00e9coration au fur et \u00e0 mesure du projet (&#8230;.) \u00c7a me fait plaisir\u2026 et j&rsquo;apprends (&#8230;) J&rsquo;ai \u00e0 c\u0153ur de bien faire les choses\u00a0\u00bb, a confi\u00e9 le chanteur de 66 ans dans\u00a050&prime; Inside. Un \u00e9tablissement qui a cependant re\u00e7u de vives critiques d\u00e8s son ouverture.<\/p>\n","protected":false},"excerpt":{"rendered":"Grande d\u00e9couverte. Propri\u00e9taire d&rsquo;un h\u00f4tel de luxe dans le Vaucluse baptis\u00e9\u00a0L&rsquo;Isle de L\u00e9os, Patrick Bruel s&rsquo;est occup\u00e9 personnellement&hellip;\n","protected":false},"author":2,"featured_media":343893,"comment_status":"","ping_status":"","sticky":false,"template":"","format":"standard","meta":{"footnotes":""},"categories":[1355],"tags":[58,59,1011,27,1361,873],"class_list":{"0":"post-350049","1":"post","2":"type-post","3":"status-publish","4":"format-standard","5":"has-post-thumbnail","7":"category-musique","8":"tag-divertissement","9":"tag-entertainment","10":"tag-fr","11":"tag-france","12":"tag-music","13":"tag-musique"},"share_on_mastodon":{"url":"https:\/\/pubeurope.com\/@fr\/115106454171512134","error":""},"_links":{"self":[{"href":"https:\/\/www.europesays.com\/fr\/wp-json\/wp\/v2\/posts\/350049","targetHints":{"allow":["GET"]}}],"collection":[{"href":"https:\/\/www.europesays.com\/fr\/wp-json\/wp\/v2\/posts"}],"about":[{"href":"https:\/\/www.europesays.com\/fr\/wp-json\/wp\/v2\/types\/post"}],"author":[{"embeddable":true,"href":"https:\/\/www.europesays.com\/fr\/wp-json\/wp\/v2\/users\/2"}],"replies":[{"embeddable":true,"href":"https:\/\/www.europesays.com\/fr\/wp-json\/wp\/v2\/comments?post=350049"}],"version-history":[{"count":0,"href":"https:\/\/www.europesays.com\/fr\/wp-json\/wp\/v2\/posts\/350049\/revisions"}],"wp:featuredmedia":[{"embeddable":true,"href":"https:\/\/www.europesays.com\/fr\/wp-json\/wp\/v2\/media\/343893"}],"wp:attachment":[{"href":"https:\/\/www.europesays.com\/fr\/wp-json\/wp\/v2\/media?parent=350049"}],"wp:term":[{"taxonomy":"category","embeddable":true,"href":"https:\/\/www.europesays.com\/fr\/wp-json\/wp\/v2\/categories?post=350049"},{"taxonomy":"post_tag","embeddable":true,"href":"https:\/\/www.europesays.com\/fr\/wp-json\/wp\/v2\/tags?post=350049"}],"curies":[{"name":"wp","href":"https:\/\/api.w.org\/{rel}","templated":true}]}}