{"id":350050,"date":"2025-08-28T12:44:13","date_gmt":"2025-08-28T12:44:13","guid":{"rendered":"https:\/\/www.europesays.com\/fr\/350050\/"},"modified":"2025-08-28T12:44:13","modified_gmt":"2025-08-28T12:44:13","slug":"talon-casse-la-chute-rocambolesque-danne-hathaway-sur-le-tournage-du-diable-shabille-en-prada-2","status":"publish","type":"post","link":"https:\/\/www.europesays.com\/fr\/350050\/","title":{"rendered":"Talon cass\u00e9, la chute rocambolesque d\u2019Anne Hathaway sur le tournage du \u00ab\u00a0Diable s\u2019habille en Prada 2\u00a0\u00bb"},"content":{"rendered":"<p>C\u2019est &#8211; litt\u00e9ralement &#8211; un fashion faux pas. Non<a href=\"https:\/\/www.parismatch.com\/People\/le-diable-shabille-en-prada-2-tout-le-casting-en-images-avec-meryl-streep-anne-hathaway-emily-blunt-254950#18\" rel=\"nofollow noopener\" target=\"_blank\">, Anne Hathaway alias Andy Sachs<\/a> dans \u00ab\u00a0Le Diable s\u2019habille en Prada\u00a0\u00bb n\u2019a pas ressorti le pull bleu (ou plut\u00f4t \u00ab\u00a0c\u00e9rul\u00e9en\u00a0\u00bb) ex\u00e9cr\u00e9 par Miranda Priestly (Meryl Streep). Mais elle a \u00e9t\u00e9 une nouvelle fois victime de la mode. <a href=\"https:\/\/www.parismatch.com\/People\/le-diable-shabille-en-prada-premieres-images-danne-hathaway-sur-le-tournage-de-la-suite-du-film-culte-254591#10\" rel=\"nofollow noopener\" target=\"_blank\">Sur le tournage de la suite du film culte, \u00e0 New York<\/a>, &#8211; tournage des plus scrut\u00e9s de l\u2019\u00e9t\u00e9 -, l\u2019actrice a fait une chute spectaculaire, immortalis\u00e9e par les (nombreux) photographes pr\u00e9sents sur place. La faute \u00e0 un talon cass\u00e9.<\/p>\n<p>Aper\u00e7ue sur un perron new yorkais, mercredi 27\u00a0ao\u00fbt, Anne Hathaway, en jupe pliss\u00e9e noire et haut transparent, un bagel \u00e0 la main, a d\u00e9val\u00e9 les quelques marches qui la s\u00e9paraient du trottoir apr\u00e8s que le talon d\u2019une de ses sandales \u00e0 brides s&rsquo;est bris\u00e9. \u00ab\u00a0Je vais bien\u00a0!\u00a0\u00bb, a-t-elle lanc\u00e9 une fois relev\u00e9e, bagel intact, avant de reprendre le tournage comme si de rien n\u2019\u00e9tait. Vraie chute ou cascade ma\u00eetris\u00e9e\u00a0? R\u00e9ponse au cin\u00e9ma en 2026.<\/p>\n<p>    La suite apr\u00e8s cette publicit\u00e9<\/p>\n<p>Casting sur-mesure<\/p>\n<p>Le tournage de la tr\u00e8s attendue suite du \u00ab\u00a0Diable s\u2019habille en Prada\u00a0\u00bb, de David Frankel, <a href=\"https:\/\/www.parismatch.com\/people\/avant\/apres-18-ans-plus-tard-les-acteurs-du-diable-shabille-en-prada-ont-bien-change-239494\" rel=\"nofollow noopener\" target=\"_blank\">pr\u00e8s de vingt ans apr\u00e8s la sortie du premier volet<\/a>, a d\u00e9but\u00e9 \u00e0 la fin du mois de juillet, avec la premi\u00e8re sc\u00e8ne d\u2019Anne Hathaway dans la peau d\u2019Andy Sachs. Elle a ensuite \u00e9t\u00e9 rejointe par Meryl Streep, sous le brushing de <a href=\"https:\/\/www.parismatch.com\/People\/le-diable-shabille-en-prada-premieres-images-de-meryl-streep-en-miranda-priestly-sur-le-tournage-de-la-suite-254746#10\" rel=\"nofollow noopener\" target=\"_blank\">la tyrannique mais iconique Miranda Priestly<\/a> \u2013 personnage directement inspir\u00e9 d\u2019Anna Wintour \u2013 de qui Laura Weisberger, auteure du roman qui a inspir\u00e9 le film, a \u00e9t\u00e9 l\u2019assistant personnelle.<\/p>\n<p>    La suite apr\u00e8s cette publicit\u00e9<\/p>\n<p>Emily Blunt a \u00e9galement repris le r\u00f4le de l\u2019ex\u00e9crablement classe Emily Charlton et Stanley Tucci le r\u00f4le de l\u2019adorable Nigel Kipling. Adrian Grenier, qui jouait Nate, le petit ami toxique d\u2019Andy, et Simon Baker, qui interpr\u00e9tait le s\u00e9duisant Christian, n\u2019ont eux pas rempil\u00e9 pour le deuxi\u00e8me volet. Le nouveau \u00ab\u00a0love interest\u00a0\u00bb d\u2019Andrea Sachs sera jou\u00e9\u00a0par <a href=\"https:\/\/www.parismatch.com\/People\/qui-est-patrick-brammall-le-nouveau-flirt-danne-hathaway-dans-le-diable-shabille-en-prada-2-255269#12\" rel=\"nofollow noopener\" target=\"_blank\">l\u2019acteur australien Patrick Brammall.<\/a> Et ce n\u2019est pas la seule nouvelle recrue.<\/p>\n<p>Simone Ashley, vue dans \u00ab\u00a0La Chronique des Bridgerton\u00a0\u00bb\u00a0; Pauline Chalamet, la grande s\u0153ur de Timoth\u00e9e, aper\u00e7ue dans \u00ab\u00a0The Sex Lives of College Girls\u00a0\u00bb (2021-2025), l\u2019acteur irlandais Kenneth Branagh\u00a0; Lucy Liu, h\u00e9ro\u00efne de \u00ab\u00a0Charlie et ses dr\u00f4les de dames\u00a0\u00bb (2000) ou encore Justin Theroux, star de \u00ab\u00a0The Leftovers\u00a0\u00bb (2014-2017), ont rejoint le casting. <a href=\"https:\/\/www.parismatch.com\/People\/sydney-sweeney-au-casting-du-diable-shabille-en-prada-2-les-images-qui-sement-le-doute-255385#1\" rel=\"nofollow noopener\" target=\"_blank\">Et il se pourrait m\u00eame que Sydney Sweeney vienne compl\u00e9ter l\u2019affiche.<\/a><\/p>\n","protected":false},"excerpt":{"rendered":"C\u2019est &#8211; litt\u00e9ralement &#8211; un fashion faux pas. Non, Anne Hathaway alias Andy Sachs dans \u00ab\u00a0Le Diable s\u2019habille&hellip;\n","protected":false},"author":2,"featured_media":350051,"comment_status":"","ping_status":"","sticky":false,"template":"","format":"standard","meta":{"footnotes":""},"categories":[1354],"tags":[58,59,1346,1011,27,1360],"class_list":{"0":"post-350050","1":"post","2":"type-post","3":"status-publish","4":"format-standard","5":"has-post-thumbnail","7":"category-films","8":"tag-divertissement","9":"tag-entertainment","10":"tag-films","11":"tag-fr","12":"tag-france","13":"tag-movies"},"share_on_mastodon":{"url":"https:\/\/pubeurope.com\/@fr\/115106458153218790","error":""},"_links":{"self":[{"href":"https:\/\/www.europesays.com\/fr\/wp-json\/wp\/v2\/posts\/350050","targetHints":{"allow":["GET"]}}],"collection":[{"href":"https:\/\/www.europesays.com\/fr\/wp-json\/wp\/v2\/posts"}],"about":[{"href":"https:\/\/www.europesays.com\/fr\/wp-json\/wp\/v2\/types\/post"}],"author":[{"embeddable":true,"href":"https:\/\/www.europesays.com\/fr\/wp-json\/wp\/v2\/users\/2"}],"replies":[{"embeddable":true,"href":"https:\/\/www.europesays.com\/fr\/wp-json\/wp\/v2\/comments?post=350050"}],"version-history":[{"count":0,"href":"https:\/\/www.europesays.com\/fr\/wp-json\/wp\/v2\/posts\/350050\/revisions"}],"wp:featuredmedia":[{"embeddable":true,"href":"https:\/\/www.europesays.com\/fr\/wp-json\/wp\/v2\/media\/350051"}],"wp:attachment":[{"href":"https:\/\/www.europesays.com\/fr\/wp-json\/wp\/v2\/media?parent=350050"}],"wp:term":[{"taxonomy":"category","embeddable":true,"href":"https:\/\/www.europesays.com\/fr\/wp-json\/wp\/v2\/categories?post=350050"},{"taxonomy":"post_tag","embeddable":true,"href":"https:\/\/www.europesays.com\/fr\/wp-json\/wp\/v2\/tags?post=350050"}],"curies":[{"name":"wp","href":"https:\/\/api.w.org\/{rel}","templated":true}]}}