{"id":350052,"date":"2025-08-28T12:45:13","date_gmt":"2025-08-28T12:45:13","guid":{"rendered":"https:\/\/www.europesays.com\/fr\/350052\/"},"modified":"2025-08-28T12:45:13","modified_gmt":"2025-08-28T12:45:13","slug":"le-lien-est-desormais-etabli-ces-fruits-peuvent-provoquer-une-forme-grave-de-parkinson","status":"publish","type":"post","link":"https:\/\/www.europesays.com\/fr\/350052\/","title":{"rendered":"Le lien est d\u00e9sormais \u00e9tabli, ces fruits peuvent provoquer une forme grave de Parkinson"},"content":{"rendered":"<p class=\"app_entry_lead\">\n                                    <a title=\"\u00a0\u00a9\u00a0FRIMU EUGEN\" href=\"https:\/\/www.europesays.com\/fr\/wp-content\/uploads\/2025\/08\/79369982.jpg\" class=\"fancy\"><\/p>\n<p>                            <img loading=\"lazy\" decoding=\"async\" src=\"https:\/\/www.europesays.com\/fr\/wp-content\/uploads\/2025\/08\/79369982.jpg\" alt=\"Le lien est d\u00e9sormais \u00e9tabli, ces fruits peuvent provoquer une forme grave de Parkinson\" width=\"1500\" height=\"1000\"\/><\/p>\n<p>                    <\/a><br \/>\n                    Certains fruits exotiques tr\u00e8s populaires seraient \u00e0 l&rsquo;origine d&rsquo;une forme rare mais grave de la maladie de Parkinson d&rsquo;apr\u00e8s une \u00e9tude.\n            <\/p>\n<p>Les fruits sont bons pour la sant\u00e9&#8230;\u00a0mais pas toujours. Certains fruits exotiques pourraient provoquer une forme rare et s\u00e9v\u00e8re de la maladie de Parkinson, appel\u00e9e Parkinson carib\u00e9en. Vous l&rsquo;aurez compris, ces fruits sont populaires dans les Cara\u00efbes, et notamment les Antilles et en Guyane.\u00a0<\/p>\n<p>Aux Antilles, 70%\u00a0des personnes touch\u00e9es par la maladie de Parkinson souffrent de cette forme atypique.\u00a0Elle est caract\u00e9ris\u00e9e par les m\u00eames signes moteurs que la forme \u00ab\u00a0classique\u00a0\u00bb de Parkinson (tremblements, raideurs&#8230;), mais pas seulement.\u00a0Des signes cognitifs sont aussi pr\u00e9sents\u00a0: \u00ab\u00a0Nous observons des troubles de la m\u00e9moire, des difficult\u00e9s de raisonnement, parfois m\u00eame des hallucinations ou des probl\u00e8mes de d\u00e9glutition\u00a0\u00bb, a list\u00e9 \u00e0 France Culture le neurologue Jean-M\u00e9dard Zola, un des auteurs d&rsquo;une \u00e9tude r\u00e9cemment men\u00e9e par le CHU\u00a0de Guadeloupe.\u00a0<\/p>\n<p><img decoding=\"async\" alt=\"\" src=\"https:\/\/www.europesays.com\/fr\/wp-content\/uploads\/2025\/08\/79373027.jpg\"\/><\/p>\n<p>Cette \u00e9tude a justement mis en \u00e9vidence un lien entre le Parkinson carib\u00e9en et la consommation de fruits exotiques tr\u00e8s populaires dans les Antilles. Il s&rsquo;agit notamment du corossol, du cachiman, du zatte (ou pomme cannelle). \u00ab\u00a0On a d\u00e9couvert qu&rsquo;il y avait, \u00e0 l&rsquo;int\u00e9rieur de ces plantes, une substance que l&rsquo;on appelle l&rsquo;annonacine dont on a d\u00e9montr\u00e9 la toxicit\u00e9 pour les neurones. Les personnes qui d\u00e9veloppent un Parkinson atypique \u00e9tait plus volontiers consommateurs ou fort consommateurs de ces fruits comparativement aux patients qui avaient une forme classique de Parkinson\u00a0\u00bb, a pr\u00e9cis\u00e9 \u00e0 <a href=\"https:\/\/la1ere.franceinfo.fr\/guadeloupe\/guadeloupe-une-etude-revele-un-lien-entre-la-consommation-de-certains-fruits-et-leurs-feuilles-et-la-maladie-de-parkinson-1593972.html\" rel=\"nofollow noopener\" target=\"_blank\">La Premi\u00e8re Guadeloupe<\/a>\u00a0la\u00a0Dr Annie Lannuzuel, professeur en neurologie CHUG Pointe-\u00e0-Pitre\/Abymes. <\/p>\n<p>Il est donc conseill\u00e9 aux Antillais d&rsquo;\u00e9viter de manger de grandes quantit\u00e9s de ces fruits. Pour le Dr Jean-M\u00e9dard Zola, \u00ab\u00a0il ne s&rsquo;agit pas d&rsquo;interdire ces fruits mais d&rsquo;informer sur les risques d&rsquo;une consommation excessive\u00a0\u00bb. Si l&rsquo;\u00e2ge est le facteur de risque principal de la maladie de Parkinson, elle peut aussi \u00eatre provoqu\u00e9e par des facteurs g\u00e9n\u00e9tiques et environnementaux, comme l&rsquo;exposition aux pesticides, et donc \u00e0 certains aliments. La maladie neurod\u00e9g\u00e9n\u00e9rative touche environ 12\u00a0millions de personnes dans le monde d&rsquo;apr\u00e8s <a href=\"https:\/\/www.franceparkinson.fr\/wp-content\/uploads\/2025\/04\/DP-Journee-Mondiale-2025.pdf\" rel=\"nofollow noopener\" target=\"_blank\">France Parkinson<\/a>, qui estime que \u00ab\u00a0d&rsquo;ici \u00e0 2050, le nombre de malades devrait atteindre 25,2\u00a0millions, soit une hausse<br \/>de 112% par rapport \u00e0 2021&Prime;.\u00a0<\/p>\n","protected":false},"excerpt":{"rendered":"Certains fruits exotiques tr\u00e8s populaires seraient \u00e0 l&rsquo;origine d&rsquo;une forme rare mais grave de la maladie de Parkinson&hellip;\n","protected":false},"author":2,"featured_media":350053,"comment_status":"","ping_status":"","sticky":false,"template":"","format":"standard","meta":{"footnotes":""},"categories":[10],"tags":[1011,27,72,71],"class_list":{"0":"post-350052","1":"post","2":"type-post","3":"status-publish","4":"format-standard","5":"has-post-thumbnail","7":"category-sante","8":"tag-fr","9":"tag-france","10":"tag-health","11":"tag-sante"},"share_on_mastodon":{"url":"https:\/\/pubeurope.com\/@fr\/115106462062615998","error":""},"_links":{"self":[{"href":"https:\/\/www.europesays.com\/fr\/wp-json\/wp\/v2\/posts\/350052","targetHints":{"allow":["GET"]}}],"collection":[{"href":"https:\/\/www.europesays.com\/fr\/wp-json\/wp\/v2\/posts"}],"about":[{"href":"https:\/\/www.europesays.com\/fr\/wp-json\/wp\/v2\/types\/post"}],"author":[{"embeddable":true,"href":"https:\/\/www.europesays.com\/fr\/wp-json\/wp\/v2\/users\/2"}],"replies":[{"embeddable":true,"href":"https:\/\/www.europesays.com\/fr\/wp-json\/wp\/v2\/comments?post=350052"}],"version-history":[{"count":0,"href":"https:\/\/www.europesays.com\/fr\/wp-json\/wp\/v2\/posts\/350052\/revisions"}],"wp:featuredmedia":[{"embeddable":true,"href":"https:\/\/www.europesays.com\/fr\/wp-json\/wp\/v2\/media\/350053"}],"wp:attachment":[{"href":"https:\/\/www.europesays.com\/fr\/wp-json\/wp\/v2\/media?parent=350052"}],"wp:term":[{"taxonomy":"category","embeddable":true,"href":"https:\/\/www.europesays.com\/fr\/wp-json\/wp\/v2\/categories?post=350052"},{"taxonomy":"post_tag","embeddable":true,"href":"https:\/\/www.europesays.com\/fr\/wp-json\/wp\/v2\/tags?post=350052"}],"curies":[{"name":"wp","href":"https:\/\/api.w.org\/{rel}","templated":true}]}}