{"id":350054,"date":"2025-08-28T12:46:16","date_gmt":"2025-08-28T12:46:16","guid":{"rendered":"https:\/\/www.europesays.com\/fr\/350054\/"},"modified":"2025-08-28T12:46:16","modified_gmt":"2025-08-28T12:46:16","slug":"le-quadruple-vainqueur-du-tour-de-france-chris-froome-heliporte-et-hospitalise-apres-un-accident-a-lentrainement-dans-le-var","status":"publish","type":"post","link":"https:\/\/www.europesays.com\/fr\/350054\/","title":{"rendered":"Le quadruple vainqueur du Tour de France Chris Froome h\u00e9liport\u00e9 et hospitalis\u00e9 apr\u00e8s un accident \u00e0 l\u2019entra\u00eenement dans le Var"},"content":{"rendered":"<p>Mercredi 27 ao\u00fbt, le cycliste britannique Chris Froome a \u00e9t\u00e9 victime d&rsquo;un accident lors d\u2019une sortie d\u2019entra\u00eenement autour dans le Var, et a d\u00fb \u00eatre h\u00e9liport\u00e9 vers l\u2019h\u00f4pital de Sainte Musse Toulon.<\/p>\n<p>Les premiers \u00e9chos \u00e9voquaient un accident au cours duquel il aurait percut\u00e9 un v\u00e9hicule \u00e0 Saint-Rapha\u00ebl. Selon nos informations, c&rsquo;est sur une route de la commune de Fayence que le champion aurait fait une erreur d\u2019inattention et, d\u00e9s\u00e9quilibr\u00e9 par un terre-plein, aurait percut\u00e9 un poteau.<\/p>\n<p>Il a \u00e9t\u00e9 transf\u00e9r\u00e9 avec un traumatisme au thorax, restant conscient et capable d\u2019\u00e9changer avec son entourage.<\/p>\n<p><strong>Une carri\u00e8re en suspens<\/strong><\/p>\n<p>Membre de l\u2019\u00e9quipe Isra\u00ebl-PremierTech depuis 2021 et en fin de contrat, le Britannique avait d\u00e9j\u00e0 laiss\u00e9 entendre ces derni\u00e8res semaines, dans une interview \u00e0 Bici.pro, qu\u2019il envisageait l\u2019apr\u00e8s-cyclisme, notamment la cr\u00e9ation d\u2019une acad\u00e9mie de cyclisme en Afrique.<\/p>\n<p>Cet accident pourrait donc pr\u00e9cipiter une transition vers la retraite.<\/p>\n","protected":false},"excerpt":{"rendered":"Mercredi 27 ao\u00fbt, le cycliste britannique Chris Froome a \u00e9t\u00e9 victime d&rsquo;un accident lors d\u2019une sortie d\u2019entra\u00eenement autour&hellip;\n","protected":false},"author":2,"featured_media":350055,"comment_status":"","ping_status":"","sticky":false,"template":"","format":"standard","meta":{"footnotes":""},"categories":[9],"tags":[207,118,1011,27,60],"class_list":{"0":"post-350054","1":"post","2":"type-post","3":"status-publish","4":"format-standard","5":"has-post-thumbnail","7":"category-sports","8":"tag-cyclisme","9":"tag-faits-divers","10":"tag-fr","11":"tag-france","12":"tag-sports"},"share_on_mastodon":{"url":"https:\/\/pubeurope.com\/@fr\/115106465949367908","error":""},"_links":{"self":[{"href":"https:\/\/www.europesays.com\/fr\/wp-json\/wp\/v2\/posts\/350054","targetHints":{"allow":["GET"]}}],"collection":[{"href":"https:\/\/www.europesays.com\/fr\/wp-json\/wp\/v2\/posts"}],"about":[{"href":"https:\/\/www.europesays.com\/fr\/wp-json\/wp\/v2\/types\/post"}],"author":[{"embeddable":true,"href":"https:\/\/www.europesays.com\/fr\/wp-json\/wp\/v2\/users\/2"}],"replies":[{"embeddable":true,"href":"https:\/\/www.europesays.com\/fr\/wp-json\/wp\/v2\/comments?post=350054"}],"version-history":[{"count":0,"href":"https:\/\/www.europesays.com\/fr\/wp-json\/wp\/v2\/posts\/350054\/revisions"}],"wp:featuredmedia":[{"embeddable":true,"href":"https:\/\/www.europesays.com\/fr\/wp-json\/wp\/v2\/media\/350055"}],"wp:attachment":[{"href":"https:\/\/www.europesays.com\/fr\/wp-json\/wp\/v2\/media?parent=350054"}],"wp:term":[{"taxonomy":"category","embeddable":true,"href":"https:\/\/www.europesays.com\/fr\/wp-json\/wp\/v2\/categories?post=350054"},{"taxonomy":"post_tag","embeddable":true,"href":"https:\/\/www.europesays.com\/fr\/wp-json\/wp\/v2\/tags?post=350054"}],"curies":[{"name":"wp","href":"https:\/\/api.w.org\/{rel}","templated":true}]}}