{"id":350056,"date":"2025-08-28T12:47:10","date_gmt":"2025-08-28T12:47:10","guid":{"rendered":"https:\/\/www.europesays.com\/fr\/350056\/"},"modified":"2025-08-28T12:47:10","modified_gmt":"2025-08-28T12:47:10","slug":"qui-etait-ce-frere-inseparable-de-jean-paul-belmondo","status":"publish","type":"post","link":"https:\/\/www.europesays.com\/fr\/350056\/","title":{"rendered":"qui \u00e9tait ce fr\u00e8re \u00ab\u00a0ins\u00e9parable\u00a0\u00bb de Jean-Paul Belmondo\u00a0?"},"content":{"rendered":"<p class=\"app_entry_lead\">\n                                    <a title=\"\u00a0\u00a9\u00a0ZACH-KIESLING\/US PRESS\/SIPA (publi\u00e9e le 28\/08\/2025)\" href=\"https:\/\/www.europesays.com\/fr\/wp-content\/uploads\/2025\/08\/79502314.jpg\" class=\"fancy\"><\/p>\n<p>                            <img loading=\"lazy\" decoding=\"async\" src=\"https:\/\/www.europesays.com\/fr\/wp-content\/uploads\/2025\/08\/79502314.jpg\" alt=\"Mort d'Alain Belmondo\u00a0: qui \u00e9tait ce fr\u00e8re &quot;ins\u00e9parable&quot; de Jean-Paul Belmondo\u00a0?\" width=\"1500\" height=\"999\"\/><\/p>\n<p>                    <\/a><br \/>\n                    Le fr\u00e8re de Jean-Paul Belmondo est d\u00e9c\u00e9d\u00e9 mercredi \u00e0 l&rsquo;\u00e2ge de 93\u00a0ans. Les causes du d\u00e9c\u00e8s n&rsquo;ont pas \u00e9t\u00e9 \u00e9voqu\u00e9es par sa famille.\n            <\/p>\n<p>La dynastie Belmondo a perdu l&rsquo;un des siens.\u00a0Alain Belmondo, producteur de cin\u00e9ma et fr\u00e8re a\u00een\u00e9 de <a href=\"https:\/\/www.linternaute.fr\/cinema\/biographie\/1414397-jean-paul-belmondo-son-fils-paul-evoque-le-deuil-difficile-de-son-pere\/\" title=\"Jean-Paul Belmondo\" rel=\"nofollow noopener\" target=\"_blank\">Jean-Paul Belmondo<\/a>, est mort \u00e0 l&rsquo;\u00e2ge de 93\u00a0ans.\u00a0C&rsquo;est Paul, le fils a\u00een\u00e9 de l&rsquo;acteur, qui a fait l&rsquo;annonce sur les r\u00e9seaux sociaux : \u00ab\u00a0Mon oncle Alain est parti ce matin pour rejoindre mon p\u00e8re, ils \u00e9taient deux fr\u00e8res ins\u00e9parables\u00a0\u00bb. Les causes du d\u00e9c\u00e8s n&rsquo;ont pas \u00e9t\u00e9 \u00e9voqu\u00e9es.<\/p>\n<p>Si Jean-Paul Belmondo \u00e9voluait sous la lumi\u00e8re des projecteurs, Alain Belmondo a travaill\u00e9 dans son ombre, toujours\u00a0dans le monde du spectacle vivant et de l&rsquo;audiovisuel. Mais cela n&rsquo;a pas entach\u00e9 la relation des deux fr\u00e8res : \u00ab\u00a0Mon oncle est rest\u00e9 pr\u00e9sent jusqu&rsquo;\u00e0 la fin de la vie de mon p\u00e8re et les voil\u00e0 maintenant r\u00e9unis pour l&rsquo;\u00e9ternit\u00e9\u00a0\u00bb, \u00e9crit Paul Belmondo sur son compte Instagram, avant d&rsquo;ajouter, avec une pens\u00e9e pour leur soeur Muriel et le reste de sa famille : \u00ab\u00a0Avec toi, Alain, encore une page du cin\u00e9ma fran\u00e7ais se ferme\u00a0\u00bb.<\/p>\n<p>Il a travaill\u00e9 avec son fr\u00e8re<\/p>\n<p>Il a \u00e9t\u00e9 producteur ex\u00e9cutif, producteur de d\u00e9l\u00e9gu\u00e9 et r\u00e9gisseur de productions sur de nombreux projets, notamment\u00a0Le vieux fusil\u00a0de Robert Enrico qui a obtenu le C\u00e9sar du Meilleur film en 1976, ou\u00a0La veuve Couderc\u00a0avec <a href=\"https:\/\/www.linternaute.fr\/cinema\/biographie\/1403072-alain-delon-jeunesse-films-maladie-decheance-biographie-d-une-legende-du-cinema-francais\/\" title=\"Alain Delon\" rel=\"nofollow noopener\" target=\"_blank\">Alain Delon<\/a>. Il a \u00e9galement \u00e9t\u00e9 directeur g\u00e9n\u00e9ral du Th\u00e9\u00e2tre des Vari\u00e9t\u00e9s, l&rsquo;un des plus anciens th\u00e9\u00e2tre parisien encore en activit\u00e9, pendant une dizaine d&rsquo;ann\u00e9es.<\/p>\n<p>Alain Belmondo a surtout travaill\u00e9 sur de nombreux films dans lesquels Jean-Paul Belmondo, \u00e9galement d\u00e9c\u00e9d\u00e9 en 2021\u00a0\u00e0 l&rsquo;\u00e2ge de 88\u00a0ans, avait jou\u00e9. C&rsquo;est le cas de Flic ou voyou\u00a0de George Lautner en 1979, Il \u00e9tait \u00e0 ses c\u00f4t\u00e9s sur le tournage de\u00a0Borsalino, r\u00e9alis\u00e9 par Jacques Deray en 1970 o\u00f9 il partageait la vedette avec\u00a0Alain Delon. Il a \u00e9galement produit certains des succ\u00e8s de son fr\u00e8re, comme Le Professionnel\u00a0de George Lautner, ou encore\u00a0L&rsquo;as des as\u00a0de G\u00e9rard Oury, respectivement sortis en 1981\u00a0et 1982, mais aussi\u00a0Le Magnifique de Philippe de Broca, en 1983.<\/p>\n<p>Derni\u00e8res mises \u00e0 jour<\/p>\n<p><a name=\"post1756378730\"\/>12:58 &#8211; Alain Belmondo en t\u00eate cort\u00e8ge lors de l&rsquo;hommage \u00e0 Jean-Paul Belmondo<\/p>\n<p>Jean-Paul Belmondo est d\u00e9c\u00e9d\u00e9 le 6 septembre 2021, quatre ans avant son fr\u00e8re a\u00een\u00e9. Lors de l&rsquo;hommage national aux Invalides qui s&rsquo;est tenu le 9 septembre, on avait d\u00e9j\u00e0 pu apercevoir Alain Belmondo. Ce dernier se trouvait en t\u00eate du cort\u00e8ge, suivi des enfants de l&rsquo;acteur et de ses petits-enfants. Il ne s&rsquo;est en revanche pas exprim\u00e9 publiquement.<\/p>\n<p><a name=\"post1756374958\"\/>11:55 &#8211; Une courte carri\u00e8re d&rsquo;acteur<\/p>\n<p>Si Alain Belmondo a principalement travaill\u00e9 derri\u00e8re la cam\u00e9ra, s&rsquo;occupant des coulisses et de la production de films, il a \u00e9galement eu une courte carri\u00e8re d&rsquo;acteur dans les ann\u00e9es 1960. Il est cr\u00e9dit\u00e9 sur IMDB pour des tous petits r\u00f4les (parfois m\u00eame pas cr\u00e9dit\u00e9s au g\u00e9n\u00e9rique) dans\u00a0Un gosse de la bute\u00a0(1964), Jeu de massacre\u00a0(1967) et enfin\u00a0L&rsquo;amour\u00a0(1969). C&rsquo;est toutefois en tant que producteur et pour son travail dans la direction de production qu&rsquo;il est le plus connu et prolifique.<\/p>\n<p><a name=\"post1756371076\"\/>10:51 &#8211; Leur s\u0153ur \u00ab\u00a0les a accompagn\u00e9s jusqu&rsquo;\u00e0 la fin\u00a0\u00bb<\/p>\n<p>Jean-Paul Belmondo et Alain Belmondo \u00e9taient deux fr\u00e8res \u00ab\u00a0ins\u00e9parables\u00a0\u00bb, a fait savoir Paul Belmondo sur les r\u00e9seaux sociaux. Ils ont toutefois une jeune soeur encore vivante. Muriel Belmondo est n\u00e9e en 1945. Tout comme ses fr\u00e8res, elle a travaill\u00e9 dans le cin\u00e9ma. Elle devient actrice et d\u00e9bute sa carri\u00e8re en 1969 dans\u00a0Dieu a choisi Paris. Elle a \u00e9galement jou\u00e9 avec son fr\u00e8re dans\u00a0L&rsquo;alpagueur\u00a0en 1975,\u00a0Le solitaire\u00a0en 1986, puis\u00a0L&rsquo;inconnu dans la maison\u00a0en 1992.A l&rsquo;annonce de la mort d&rsquo;Alain Belmondo, son neveu Paul a eu une pens\u00e9e pour elle : \u00ab\u00a0Je pense \u00e0 Muriel, leur s\u0153ur, qui les a accompagn\u00e9s jusqu\u2019\u00e0 la fin et \u00e0 mon cousin Olivier et ses enfants.\u00a0\u00bb<\/p>\n","protected":false},"excerpt":{"rendered":"Le fr\u00e8re de Jean-Paul Belmondo est d\u00e9c\u00e9d\u00e9 mercredi \u00e0 l&rsquo;\u00e2ge de 93\u00a0ans. Les causes du d\u00e9c\u00e8s n&rsquo;ont pas&hellip;\n","protected":false},"author":2,"featured_media":350057,"comment_status":"","ping_status":"","sticky":false,"template":"","format":"standard","meta":{"footnotes":""},"categories":[8],"tags":[58,59,1011,27],"class_list":{"0":"post-350056","1":"post","2":"type-post","3":"status-publish","4":"format-standard","5":"has-post-thumbnail","7":"category-divertissement","8":"tag-divertissement","9":"tag-entertainment","10":"tag-fr","11":"tag-france"},"share_on_mastodon":{"url":"https:\/\/pubeurope.com\/@fr\/115106469900181776","error":""},"_links":{"self":[{"href":"https:\/\/www.europesays.com\/fr\/wp-json\/wp\/v2\/posts\/350056","targetHints":{"allow":["GET"]}}],"collection":[{"href":"https:\/\/www.europesays.com\/fr\/wp-json\/wp\/v2\/posts"}],"about":[{"href":"https:\/\/www.europesays.com\/fr\/wp-json\/wp\/v2\/types\/post"}],"author":[{"embeddable":true,"href":"https:\/\/www.europesays.com\/fr\/wp-json\/wp\/v2\/users\/2"}],"replies":[{"embeddable":true,"href":"https:\/\/www.europesays.com\/fr\/wp-json\/wp\/v2\/comments?post=350056"}],"version-history":[{"count":0,"href":"https:\/\/www.europesays.com\/fr\/wp-json\/wp\/v2\/posts\/350056\/revisions"}],"wp:featuredmedia":[{"embeddable":true,"href":"https:\/\/www.europesays.com\/fr\/wp-json\/wp\/v2\/media\/350057"}],"wp:attachment":[{"href":"https:\/\/www.europesays.com\/fr\/wp-json\/wp\/v2\/media?parent=350056"}],"wp:term":[{"taxonomy":"category","embeddable":true,"href":"https:\/\/www.europesays.com\/fr\/wp-json\/wp\/v2\/categories?post=350056"},{"taxonomy":"post_tag","embeddable":true,"href":"https:\/\/www.europesays.com\/fr\/wp-json\/wp\/v2\/tags?post=350056"}],"curies":[{"name":"wp","href":"https:\/\/api.w.org\/{rel}","templated":true}]}}