{"id":350058,"date":"2025-08-28T12:48:10","date_gmt":"2025-08-28T12:48:10","guid":{"rendered":"https:\/\/www.europesays.com\/fr\/350058\/"},"modified":"2025-08-28T12:48:10","modified_gmt":"2025-08-28T12:48:10","slug":"cette-coupe-de-cheveux-fait-un-retour-fracassant-chez-les-stars","status":"publish","type":"post","link":"https:\/\/www.europesays.com\/fr\/350058\/","title":{"rendered":"cette coupe de cheveux fait un retour fracassant chez les stars"},"content":{"rendered":"<p>\n                Elle avait disparu des salons depuis le d\u00e9but des ann\u00e9es 2000, rang\u00e9e au rayon des coiffures d&rsquo;\u00e9poque, jug\u00e9e trop dat\u00e9e. En 2025, elle revient en force et s&rsquo;impose sur les podiums, les tapis rouges et les r\u00e9seaux sociaux.            <\/p>\n<p>Une coupe, qui a marqu\u00e9 toute une g\u00e9n\u00e9ration, se r\u00e9invente pour coller aux envies actuelles et s&rsquo;affirme comme le style phare de la\u00a0rentr\u00e9e. En effet, vingt ans plus tard, les routines capillaires se sont all\u00e9g\u00e9es, la recherche d&rsquo;un r\u00e9sultat naturel domine et les outils chauffants perdent du terrain face \u00e0 des techniques cens\u00e9es sublimer la texture sans l&rsquo;ab\u00eemer. Le retour de ce style tombe \u00e0 pic, car il r\u00e9pond aux attentes de celles et ceux qui veulent du volume sans des heures de brushing et une mise en forme sans contrainte.\u00a0Les stars l&rsquo;ont bien compris et s&rsquo;en emparent, prouvant qu&rsquo;une coupe mythique peut retrouver une nouvelle jeunesse, \u00e0 condition d&rsquo;\u00eatre adapt\u00e9e aux codes actuels.<\/p>\n<p>On retrouve son influence partout\u00a0: dans les tutoriels TikTok qui montrent comment obtenir une chevelure rebondie sans fer \u00e0 lisser, dans les looks de c\u00e9l\u00e9brit\u00e9s aper\u00e7ues \u00e0 Los Angeles, New York ou Paris, mais aussi dans le discours des coiffeurs qui saluent une technique capable d&rsquo;apporter du relief sans effort. La structure de la coupe d&rsquo;origine est respect\u00e9e, mais le rendu est moins fig\u00e9 et donc plus en phase avec la tendance actuelle qui privil\u00e9gie le mouvement.\u00a0<\/p>\n<p>La coupe curve, c&rsquo;est son nom, n&rsquo;en est d&rsquo;ailleurs pas \u00e0 sa premi\u00e8re heure de gloire. Dans les ann\u00e9es 90, elle avait \u00e9t\u00e9 associ\u00e9e \u00e0 une ic\u00f4ne t\u00e9l\u00e9vis\u00e9e qui avait fait d&rsquo;une s\u00e9rie un ph\u00e9nom\u00e8ne mondial. La \u00ab\u00a0Rachel\u00a0\u00bb, immortalis\u00e9e par <a href=\"https:\/\/www.journaldesfemmes.fr\/people\/jennifer-aniston\/\" title=\"Jenifer Aniston\" rel=\"nofollow noopener\" target=\"_blank\">Jennifer Aniston<\/a> dans Friends, avait d\u00e9clench\u00e9 une vague sans pr\u00e9c\u00e9dent de rendez-vous chez les coiffeurs. Mais le mod\u00e8le de l&rsquo;\u00e9poque, bien qu&rsquo;incontournable, avait fini par s&rsquo;essouffler, jug\u00e9 trop reconnaissable, presque caricatural.\u00a0<\/p>\n<p>La nouvelle g\u00e9n\u00e9ration reprend l&rsquo;id\u00e9e, mais l&rsquo;adapte. Les professionnels rappellent que la base reste la m\u00eame\u00a0: un jeu de d\u00e9grad\u00e9s, organis\u00e9s de mani\u00e8re \u00e0 encadrer le visage sans qu&rsquo;il soit n\u00e9cessaire de discipliner la chevelure au quotidien.\u00a0Les longueurs suivent un trac\u00e9 arrondi, les m\u00e8ches les plus courtes cr\u00e9ent du volume \u00e0 l&rsquo;avant tandis que les plus longues s&rsquo;\u00e9tirent vers l&rsquo;arri\u00e8re, dessinant une ligne harmonieuse en forme de \u00ab\u00a0C\u00a0\u00bb ou de \u00ab\u00a0U\u00a0\u00bb.\u00a0<\/p>\n<p>Les c\u00e9l\u00e9brit\u00e9s l&rsquo;ont adopt\u00e9e en masse\u00a0: Hailey Bieber, Monica Bellucci ou encore M\u00e9lanie Laurent sont apparues r\u00e9cemment avec cette coiffure. On pourrait croire \u00e0 une simple mode passag\u00e8re, mais les professionnels assurent que cette coupe coche toutes les cases de la durabilit\u00e9. Elle \u00e9volue bien avec le temps, se transforme lors de la repousse et permet de patienter plus longtemps entre deux rendez-vous.<\/p>\n","protected":false},"excerpt":{"rendered":"Elle avait disparu des salons depuis le d\u00e9but des ann\u00e9es 2000, rang\u00e9e au rayon des coiffures d&rsquo;\u00e9poque, jug\u00e9e&hellip;\n","protected":false},"author":2,"featured_media":350059,"comment_status":"","ping_status":"","sticky":false,"template":"","format":"standard","meta":{"footnotes":""},"categories":[7],"tags":[1011,27,43,40,41,39,42,44],"class_list":{"0":"post-350058","1":"post","2":"type-post","3":"status-publish","4":"format-standard","5":"has-post-thumbnail","7":"category-sciences-et-technologies","8":"tag-fr","9":"tag-france","10":"tag-science","11":"tag-science-and-technology","12":"tag-sciences","13":"tag-sciences-et-technologies","14":"tag-technologies","15":"tag-technology"},"share_on_mastodon":{"url":"https:\/\/pubeurope.com\/@fr\/115106473839135512","error":""},"_links":{"self":[{"href":"https:\/\/www.europesays.com\/fr\/wp-json\/wp\/v2\/posts\/350058","targetHints":{"allow":["GET"]}}],"collection":[{"href":"https:\/\/www.europesays.com\/fr\/wp-json\/wp\/v2\/posts"}],"about":[{"href":"https:\/\/www.europesays.com\/fr\/wp-json\/wp\/v2\/types\/post"}],"author":[{"embeddable":true,"href":"https:\/\/www.europesays.com\/fr\/wp-json\/wp\/v2\/users\/2"}],"replies":[{"embeddable":true,"href":"https:\/\/www.europesays.com\/fr\/wp-json\/wp\/v2\/comments?post=350058"}],"version-history":[{"count":0,"href":"https:\/\/www.europesays.com\/fr\/wp-json\/wp\/v2\/posts\/350058\/revisions"}],"wp:featuredmedia":[{"embeddable":true,"href":"https:\/\/www.europesays.com\/fr\/wp-json\/wp\/v2\/media\/350059"}],"wp:attachment":[{"href":"https:\/\/www.europesays.com\/fr\/wp-json\/wp\/v2\/media?parent=350058"}],"wp:term":[{"taxonomy":"category","embeddable":true,"href":"https:\/\/www.europesays.com\/fr\/wp-json\/wp\/v2\/categories?post=350058"},{"taxonomy":"post_tag","embeddable":true,"href":"https:\/\/www.europesays.com\/fr\/wp-json\/wp\/v2\/tags?post=350058"}],"curies":[{"name":"wp","href":"https:\/\/api.w.org\/{rel}","templated":true}]}}