{"id":350060,"date":"2025-08-28T12:49:10","date_gmt":"2025-08-28T12:49:10","guid":{"rendered":"https:\/\/www.europesays.com\/fr\/350060\/"},"modified":"2025-08-28T12:49:10","modified_gmt":"2025-08-28T12:49:10","slug":"sfr-bientot-vendu-a-free-ce-que-cela-changerait-pour-des-millions-dabonnes","status":"publish","type":"post","link":"https:\/\/www.europesays.com\/fr\/350060\/","title":{"rendered":"SFR bient\u00f4t vendu \u00e0 Free ? Ce que cela changerait pour des millions d\u2019abonn\u00e9s"},"content":{"rendered":"<p>Lors de la pr\u00e9sentation des r\u00e9sultats semestriels d\u2019Iliad le 28 ao\u00fbt, son directeur g\u00e9n\u00e9ral Thomas Reynaud a confirm\u00e9 l\u2019existence de \u201cdiscussions tr\u00e8s pr\u00e9liminaires\u201d avec Altice France, entam\u00e9es en juin dernier. Rien de concret \u00e0 ce stade, mais la d\u00e9claration suffit \u00e0 agiter le secteur. Pour Iliad, rester spectateur d\u2019une \u00e9ventuelle vente de SFR n\u2019\u00e9tait tout simplement pas envisageable\u00a0!<\/p>\n<p>Ces \u00e9changes interviennent alors qu\u2019Altice France a obtenu d\u00e9but ao\u00fbt l\u2019homologation d\u2019un plan de sauvegarde acc\u00e9l\u00e9r\u00e9, valid\u00e9 par le tribunal de commerce de Paris. Objectif\u00a0: ramener sa dette de 24,1 \u00e0 15,5 milliards d\u2019euros en transf\u00e9rant pr\u00e8s de 45\u00a0% du capital aux cr\u00e9anciers. Une op\u00e9ration vitale pour \u00e9viter l\u2019asphyxie, mais qui fragilise la position du groupe de Patrick Drahi.<\/p>\n<p>Vers une division de SFR plut\u00f4t qu\u2019un rachat sec\u00a0?<\/p>\n<p>L\u2019hypoth\u00e8se d\u2019un rachat int\u00e9gral de SFR par un concurrent para\u00eet peu probable en l\u2019\u00e9tat. La consolidation du march\u00e9 de quatre \u00e0 trois op\u00e9rateurs poserait de s\u00e9rieux probl\u00e8mes de concurrence, tant vis-\u00e0-vis de Bruxelles que de l\u2019Autorit\u00e9 de la concurrence fran\u00e7aise.<\/p>\n<p>Selon le <a href=\"https:\/\/www.ft.com\/content\/37182a9a-4409-4a6b-9b63-e5316dd55446\" target=\"_blank\" rel=\"false noopener nofollow\">Financial Times<\/a>, le sc\u00e9nario privil\u00e9gi\u00e9 par les acteurs serait plut\u00f4t celui d\u2019une d\u00e9coupe de SFR en plusieurs blocs r\u00e9partis entre Free, Orange et Bouygues Telecom. Pour financer une telle op\u00e9ration, plusieurs fonds d\u2019investissement comme KKR, Blackstone ou Ardian se seraient d\u00e9j\u00e0 positionn\u00e9s.\u00a0Une telle man\u0153uvre permettrait de pr\u00e9server l\u2019\u00e9quilibre du march\u00e9 tout en \u00e9vitant qu\u2019un acteur ne prenne une position trop dominante.<\/p>\n<p>Quels impacts pour les abonn\u00e9s SFR\u00a0?<\/p>\n<p>Pour l\u2019instant, les 18 millions d\u2019abonn\u00e9s mobiles et 6 millions de clients fixes de SFR peuvent souffler\u00a0: aucune rupture de service n\u2019est \u00e0 craindre \u00e0 court terme. Les contrats en cours continuent de s\u2019appliquer et les infrastructures fonctionnent normalement.<\/p>\n<p>Mais en cas de cession, les cons\u00e9quences pourraient \u00eatre bien diff\u00e9rentes. Les abonn\u00e9s pourraient \u00eatre transf\u00e9r\u00e9s automatiquement \u00e0 un autre op\u00e9rateur, sans r\u00e9el pouvoir de d\u00e9cision. Les strat\u00e9gies tarifaires et les priorit\u00e9s d\u2019investissement (dans la fibre ou la 5G) risquent aussi d\u2019\u00eatre revues. Certaines associations de consommateurs conseillent d\u00e9j\u00e0 aux clients de r\u00e9cup\u00e9rer leur code RIO (3179) afin de pouvoir changer d\u2019op\u00e9rateur plus facilement si la situation \u00e9volue\u00a0!<\/p>\n<p>La France pourrait donc se rapprocher de la configuration qu\u2019elle connaissait avant l\u2019arriv\u00e9e de Free en 2012\u00a0: un march\u00e9 domin\u00e9 par trois grands acteurs. \u00c0 l\u2019\u00e9poque, l\u2019entr\u00e9e de Free avait provoqu\u00e9 un choc tarifaire majeur, tirant les prix vers le bas au b\u00e9n\u00e9fice des consommateurs.\u00a0Un retour \u00e0 trois op\u00e9rateurs fait craindre, \u00e0 l\u2019inverse, une hausse des prix et une r\u00e9duction de la concurrence\u2026<\/p>\n<blockquote>\n<p class=\"text-base text-neutral-700 dark:text-neutral-300\">\ud83d\udfe3 Pour ne manquer aucune news sur le Journal du Geek, abonnez-vous sur <a href=\"https:\/\/news.google.com\/publications\/CAAqBwgKMNr_hAswwYyCAw?hl=fr&amp;gl=FR&amp;ceid=FR%3Afr\" target=\"_blank\" rel=\"nofollow noopener\">Google Actualit\u00e9s<\/a> et sur <a href=\"https:\/\/whatsapp.com\/channel\/0029VaClM5y4tRry12tb7D2h\" target=\"_blank\" rel=\"nofollow noopener\">notre WhatsApp<\/a>. Et si vous nous adorez, on a <a href=\"https:\/\/www.journaldugeek.com\/newsletter\/\" target=\"_blank\" rel=\"nofollow noopener\">une newsletter tous les matins<\/a>.<\/p>\n<\/blockquote>\n","protected":false},"excerpt":{"rendered":"Lors de la pr\u00e9sentation des r\u00e9sultats semestriels d\u2019Iliad le 28 ao\u00fbt, son directeur g\u00e9n\u00e9ral Thomas Reynaud a confirm\u00e9&hellip;\n","protected":false},"author":2,"featured_media":350061,"comment_status":"","ping_status":"","sticky":false,"template":"","format":"standard","meta":{"footnotes":""},"categories":[6],"tags":[35,33,34,1011,27,4438,48644,740,963],"class_list":{"0":"post-350060","1":"post","2":"type-post","3":"status-publish","4":"format-standard","5":"has-post-thumbnail","7":"category-economie","8":"tag-business","9":"tag-economie","10":"tag-economy","11":"tag-fr","12":"tag-france","13":"tag-free","14":"tag-operateur","15":"tag-sfr","16":"tag-telephonie"},"share_on_mastodon":{"url":"https:\/\/pubeurope.com\/@fr\/115106477800348330","error":""},"_links":{"self":[{"href":"https:\/\/www.europesays.com\/fr\/wp-json\/wp\/v2\/posts\/350060","targetHints":{"allow":["GET"]}}],"collection":[{"href":"https:\/\/www.europesays.com\/fr\/wp-json\/wp\/v2\/posts"}],"about":[{"href":"https:\/\/www.europesays.com\/fr\/wp-json\/wp\/v2\/types\/post"}],"author":[{"embeddable":true,"href":"https:\/\/www.europesays.com\/fr\/wp-json\/wp\/v2\/users\/2"}],"replies":[{"embeddable":true,"href":"https:\/\/www.europesays.com\/fr\/wp-json\/wp\/v2\/comments?post=350060"}],"version-history":[{"count":0,"href":"https:\/\/www.europesays.com\/fr\/wp-json\/wp\/v2\/posts\/350060\/revisions"}],"wp:featuredmedia":[{"embeddable":true,"href":"https:\/\/www.europesays.com\/fr\/wp-json\/wp\/v2\/media\/350061"}],"wp:attachment":[{"href":"https:\/\/www.europesays.com\/fr\/wp-json\/wp\/v2\/media?parent=350060"}],"wp:term":[{"taxonomy":"category","embeddable":true,"href":"https:\/\/www.europesays.com\/fr\/wp-json\/wp\/v2\/categories?post=350060"},{"taxonomy":"post_tag","embeddable":true,"href":"https:\/\/www.europesays.com\/fr\/wp-json\/wp\/v2\/tags?post=350060"}],"curies":[{"name":"wp","href":"https:\/\/api.w.org\/{rel}","templated":true}]}}