{"id":350062,"date":"2025-08-28T12:50:09","date_gmt":"2025-08-28T12:50:09","guid":{"rendered":"https:\/\/www.europesays.com\/fr\/350062\/"},"modified":"2025-08-28T12:50:09","modified_gmt":"2025-08-28T12:50:09","slug":"ladministration-trump-plie-face-a-la-justice-et-va-vider-son-alcatraz-des-alligators-le-huffpost","status":"publish","type":"post","link":"https:\/\/www.europesays.com\/fr\/350062\/","title":{"rendered":"L\u2019administration Trump plie face \u00e0 la justice et va vider son \u00ab Alcatraz des alligators \u00bb &#8211; Le HuffPost"},"content":{"rendered":"<ol>\n<li><a href=\"https:\/\/news.google.com\/rss\/articles\/CBMi_gFBVV95cUxQZ1FGbDNQeHJkN0lBSzI3eGlDN0tWOVctV0tHWHozYU13bUpMOXdfWXY1cU1xWEI4cnJyQnAxc1NxOVRFVEpJS3BkQjBITGlodktrS2NjTWd5V1lFaVBkWGR3NHh1RmVRd09Ub25qTUE3VEd4RVdzanpKTFJ0amc2NlQwOVRFV19KRkFSb003UmxMXzVMM01HWnhOVjNPZnU1eFViMVVpX24tVENkTHNIbG1TNTY1SmpJNGNQd2ZmemJvY0luc0RyeGJPcDVremZUYTFmTERXc2Z5dGt5NlFMci13UVFhVFFKQkRCajlkWGJncmxOZm9hUkhWWmNzQQ?oc=5\" target=\"_blank\" rel=\"nofollow noopener\">L\u2019administration Trump plie face \u00e0 la justice et va vider son \u00ab Alcatraz des alligators \u00bb<\/a>&nbsp;&nbsp;Le HuffPost<\/li>\n<li><a href=\"https:\/\/news.google.com\/rss\/articles\/CBMilwFBVV95cUxPN3JSLUJpOU9lOTBPb2xySWdHYW9iaHZhWm9yam1SN19tOWxPenF5eVE0TlVfZ2xJdkV4T1JzbDluTjBBQ1BoZVh5V0tqR2xhcEZsSFgta05NTURaMVlac1NwbldPNWg3MGVua2VSSmswb0NGWF94WVJpLWtyQk90WWwxUXU0M0lDeW9NSXBrZDJ2dW9Odnd3?oc=5\" target=\"_blank\" rel=\"nofollow noopener\">\u00abAlligator Alcatraz\u00bb bient\u00f4t vid\u00e9 de ses occupants, selon un \u00e9change de courriels<\/a>&nbsp;&nbsp;Yahoo Actualit\u00e9s<\/li>\n<li><a href=\"https:\/\/news.google.com\/rss\/articles\/CBMizwFBVV95cUxQSTNwWmVHaVpqNDZmdVFxTFR2ekV3aE94OGZoT3NHN3U3RU9pVEtMR0E4VFBoT3BzU3VKZmxZcC0yTDgxUTRWQWFQNVVyZ0VvREpBSktWeGJPdFhRbFpMTXhPb3p1YjFmQUo3MElxdE5QMXZQemMwZ1RfNHlTZ3JpX2hRZ3VMei1oWm1Rc0V5Y0RnLVZMaU1ZNEduYUVwNDROYkZGeXpVU0lUYy1xR2RwYkQ0OXY5eUhOb0pkV1lBSHo2aE9wcy1VWVR4M2h1TjA?oc=5\" target=\"_blank\" rel=\"nofollow noopener\">La justice am\u00e9ricaine ordonne la fermeture du centre de d\u00e9tention d&rsquo;Alligator Alcatraz<\/a>&nbsp;&nbsp;Les Echos<\/li>\n<li><a href=\"https:\/\/news.google.com\/rss\/articles\/CBMilwFBVV95cUxOQXhLVU5JLVR1Y2toRDNuTVFRamNPSTJyTXR4bzVMcjMxZzc2RHdMNk9jcDZfMUNOQTdtM1NGdjB5bGdiNk9zcW9CTUY1M1dUNkJhZFdyMVFDSjhibEctMTlZc29YMjA0bmJTbUhfVHBSaFByR21GanBDa0dOTThnd1ZUOEh1REFtdlRTV3ptYWtFY09xZTFj?oc=5\" target=\"_blank\" rel=\"nofollow noopener\">Ces cinq prisons sont consid\u00e9r\u00e9es comme les pires du monde<\/a>&nbsp;&nbsp;20 Minutes<\/li>\n<li><a href=\"https:\/\/news.google.com\/rss\/articles\/CBMilAJBVV95cUxQblM1TWxQWWZoaEdmRWxIOGdGRXRKc3M1RGpzekYxNWxfZS1rZ0RhNHEwWU1Fd29UWllQaWFmUk4tSTVuRE1CZ1NHWDdlOVVVWnNxb1hsTVZnUW5ieGxtSERtUDhoV3ppTjlsTTl4aGtKdWpBdVJFcXFPcUV3SHpjRUc5elc4UkdCMDZidk4zWWw3TGtWeHhITktqckI2b2FlRWtwalR1Z1dLa0JvaXNYNVd0M2YwSDdEcHpHOW04V1Y3aXVIckg2Y0ZFbVoxak5qNzRjb0ZNay1NTm1wUDRIZFZMZWFtMm93b1VLVkNDUXZDOE9BYUxSSF83WV9PZVdfUlFCY1VPU21sZldsYkNvODRQdnY?oc=5\" target=\"_blank\" rel=\"nofollow noopener\">\u00ab Alcatraz des alligators \u00bbaux \u00c9tats-Unis : des migrants d\u00e9noncent des conditions de d\u00e9tention proches de la \u00ab torture \u00bb<\/a>&nbsp;&nbsp;Sud Ouest<\/li>\n<\/ol>\n","protected":false},"excerpt":{"rendered":"L\u2019administration Trump plie face \u00e0 la justice et va vider son \u00ab Alcatraz des alligators \u00bb&nbsp;&nbsp;Le HuffPost \u00abAlligator&hellip;\n","protected":false},"author":2,"featured_media":1445,"comment_status":"","ping_status":"","sticky":false,"template":"","format":"standard","meta":{"footnotes":""},"categories":[5],"tags":[11,1011,27,14,12,28],"class_list":{"0":"post-350062","1":"post","2":"type-post","3":"status-publish","4":"format-standard","5":"has-post-thumbnail","7":"category-international","8":"tag-actualites","9":"tag-fr","10":"tag-france","11":"tag-international","12":"tag-news","13":"tag-world"},"share_on_mastodon":{"url":"https:\/\/pubeurope.com\/@fr\/115106481685569498","error":""},"_links":{"self":[{"href":"https:\/\/www.europesays.com\/fr\/wp-json\/wp\/v2\/posts\/350062","targetHints":{"allow":["GET"]}}],"collection":[{"href":"https:\/\/www.europesays.com\/fr\/wp-json\/wp\/v2\/posts"}],"about":[{"href":"https:\/\/www.europesays.com\/fr\/wp-json\/wp\/v2\/types\/post"}],"author":[{"embeddable":true,"href":"https:\/\/www.europesays.com\/fr\/wp-json\/wp\/v2\/users\/2"}],"replies":[{"embeddable":true,"href":"https:\/\/www.europesays.com\/fr\/wp-json\/wp\/v2\/comments?post=350062"}],"version-history":[{"count":0,"href":"https:\/\/www.europesays.com\/fr\/wp-json\/wp\/v2\/posts\/350062\/revisions"}],"wp:featuredmedia":[{"embeddable":true,"href":"https:\/\/www.europesays.com\/fr\/wp-json\/wp\/v2\/media\/1445"}],"wp:attachment":[{"href":"https:\/\/www.europesays.com\/fr\/wp-json\/wp\/v2\/media?parent=350062"}],"wp:term":[{"taxonomy":"category","embeddable":true,"href":"https:\/\/www.europesays.com\/fr\/wp-json\/wp\/v2\/categories?post=350062"},{"taxonomy":"post_tag","embeddable":true,"href":"https:\/\/www.europesays.com\/fr\/wp-json\/wp\/v2\/tags?post=350062"}],"curies":[{"name":"wp","href":"https:\/\/api.w.org\/{rel}","templated":true}]}}