{"id":350067,"date":"2025-08-28T12:53:10","date_gmt":"2025-08-28T12:53:10","guid":{"rendered":"https:\/\/www.europesays.com\/fr\/350067\/"},"modified":"2025-08-28T12:53:10","modified_gmt":"2025-08-28T12:53:10","slug":"saint-etienne-ivre-il-sendort-sur-les-marches-de-la-mairie-et-se-fait-voler-son-telephone","status":"publish","type":"post","link":"https:\/\/www.europesays.com\/fr\/350067\/","title":{"rendered":"Saint-Etienne. Ivre, il s\u2019endort sur les marches de la mairie et se fait voler son t\u00e9l\u00e9phone"},"content":{"rendered":"<p>La soir\u00e9e avait probablement bien d\u00e9but\u00e9 pour ce jeune homme. Mais elle aurait pu beaucoup moins bien se terminer. En compagnie de plusieurs camarades, il aurait encha\u00een\u00e9 repas au restaurant et quelques verres ensuite dans des \u00e9tablissements de nuit de la cit\u00e9 st\u00e9phanoise.<\/p>\n<p>Mais il a malheureusement peut-\u00eatre consomm\u00e9 un peu trop d\u2019alcool au cours de sa folle soir\u00e9e, si bien que vers 5\u00a0h\u00a030, ce mercredi 27\u00a0ao\u00fbt, il a senti le besoin de prendre un peu de repos. Il s\u2019est assoupi sur les marches de l\u2019h\u00f4tel de ville de Saint-Etienne d\u2019un profond sommeil. \u00c0 tel point qu\u2019il n\u2019a pas senti que deux individus \u00e9taient en train de lui fouiller les poches avant de lui d\u00e9rober son t\u00e9l\u00e9phone portable.<\/p>\n<p>  L\u2019un fait d\u00e9sormais l\u2019objet d\u2019une OQTF<\/p>\n<p>Par chance, un t\u00e9moin de la sc\u00e8ne a eu le bon r\u00e9flexe d\u2019alerter rapidement les forces de police. En quelques minutes, un \u00e9quipage de Police secours nuit s\u2019est rendu sur les lieux et s\u2019est lanc\u00e9 \u00e0 la recherche des deux malfaiteurs.<\/p>\n<p>Gr\u00e2ce \u00e0 une description pr\u00e9cise, les fonctionnaires ont retrouv\u00e9 les deux hommes, qui ont tent\u00e9 de prendre la fuite dans une rue adjacente, se d\u00e9barrassant sous les yeux des policiers de l\u2019objet vol\u00e9 quelques instants plus t\u00f4t.<\/p>\n<p>Finalement rattrap\u00e9s et interpell\u00e9s, les deux individus, \u00e2g\u00e9s de 31 et 35 ans, ont \u00e9t\u00e9 plac\u00e9s en garde \u00e0 vue. \u00c0 l\u2019issue, ils se sont vus signifier une convocation devant le tribunal correctionnel de Saint-Etienne au cours des prochaines semaines. \u00c0 noter que le second fait \u00e0 pr\u00e9sent l\u2019objet d\u2019une Obligation de quitter le territoire fran\u00e7ais (OQTF).<\/p>\n","protected":false},"excerpt":{"rendered":"La soir\u00e9e avait probablement bien d\u00e9but\u00e9 pour ce jeune homme. Mais elle aurait pu beaucoup moins bien se&hellip;\n","protected":false},"author":2,"featured_media":350068,"comment_status":"","ping_status":"","sticky":false,"template":"","format":"standard","meta":{"footnotes":""},"categories":[9653],"tags":[1111,11,2430,271,272,7539,1777,674,274,1011,27,3367,12,25,4001,7538,104],"class_list":{"0":"post-350067","1":"post","2":"type-post","3":"status-publish","4":"format-standard","5":"has-post-thumbnail","7":"category-saint-etienne","8":"tag-actu","9":"tag-actualites","10":"tag-auvergne-rhone-alpes","11":"tag-crime","12":"tag-delit-et-contravention","13":"tag-edition-loire-sud","14":"tag-eu","15":"tag-europe","16":"tag-faits-divers-justice","17":"tag-fr","18":"tag-france","19":"tag-loire","20":"tag-news","21":"tag-republique-francaise","22":"tag-saint-etienne","23":"tag-saint-etienne-ville","24":"tag-societe"},"share_on_mastodon":{"url":"https:\/\/pubeurope.com\/@fr\/115106493480152833","error":""},"_links":{"self":[{"href":"https:\/\/www.europesays.com\/fr\/wp-json\/wp\/v2\/posts\/350067","targetHints":{"allow":["GET"]}}],"collection":[{"href":"https:\/\/www.europesays.com\/fr\/wp-json\/wp\/v2\/posts"}],"about":[{"href":"https:\/\/www.europesays.com\/fr\/wp-json\/wp\/v2\/types\/post"}],"author":[{"embeddable":true,"href":"https:\/\/www.europesays.com\/fr\/wp-json\/wp\/v2\/users\/2"}],"replies":[{"embeddable":true,"href":"https:\/\/www.europesays.com\/fr\/wp-json\/wp\/v2\/comments?post=350067"}],"version-history":[{"count":0,"href":"https:\/\/www.europesays.com\/fr\/wp-json\/wp\/v2\/posts\/350067\/revisions"}],"wp:featuredmedia":[{"embeddable":true,"href":"https:\/\/www.europesays.com\/fr\/wp-json\/wp\/v2\/media\/350068"}],"wp:attachment":[{"href":"https:\/\/www.europesays.com\/fr\/wp-json\/wp\/v2\/media?parent=350067"}],"wp:term":[{"taxonomy":"category","embeddable":true,"href":"https:\/\/www.europesays.com\/fr\/wp-json\/wp\/v2\/categories?post=350067"},{"taxonomy":"post_tag","embeddable":true,"href":"https:\/\/www.europesays.com\/fr\/wp-json\/wp\/v2\/tags?post=350067"}],"curies":[{"name":"wp","href":"https:\/\/api.w.org\/{rel}","templated":true}]}}