{"id":350075,"date":"2025-08-28T12:57:10","date_gmt":"2025-08-28T12:57:10","guid":{"rendered":"https:\/\/www.europesays.com\/fr\/350075\/"},"modified":"2025-08-28T12:57:10","modified_gmt":"2025-08-28T12:57:10","slug":"a-la-valette-du-var-un-evenement-de-prevention-routiere-reussi","status":"publish","type":"post","link":"https:\/\/www.europesays.com\/fr\/350075\/","title":{"rendered":"\u00c0 La Valette-du-Var, un \u00e9v\u00e9nement de pr\u00e9vention routi\u00e8re r\u00e9ussi"},"content":{"rendered":"<p>                    <img loading=\"lazy\" decoding=\"async\" src=\"https:\/\/www.europesays.com\/fr\/wp-content\/uploads\/2025\/08\/963744d56f3bc9886092db9a0a591b.jpg\" class=\"img-responsive post-image\" width=\"680\" height=\"510\" alt=\"\u00c0 La Valette-du-Var, (\u2026)\" title=\"\u00c0 La Valette-du-Var, un \u00e9v\u00e9nement de pr\u00e9vention routi\u00e8re r\u00e9ussi\"\/><\/p>\n<p class=\"chapo\">En juillet, la Maison de la S\u00e9curit\u00e9 Routi\u00e8re du Var (MSR) s\u2019est install\u00e9e sur l\u2019espace principal de l\u2019Avenue 83 pour des actions de sensibilisation et de pr\u00e9vention.<\/p>\n<p>Durant deux journ\u00e9es intenses, avec le partenariat de VINCI Autoroutes, du groupement de la gendarmerie et de la police nationale*, les intervenants ont transform\u00e9 la place principale en un espace d\u00e9di\u00e9 \u00e0 la pr\u00e9vention et aux \u00e9changes. Cette initiative a \u00e9t\u00e9 salu\u00e9e tant par les visiteurs que par les touristes ou les habitants du quartier venus d\u00e9couvrir les animations propos\u00e9es.<\/p>\n<p>Cette action temporaire visait \u00e0 rappeler \u00e0 chacun, r\u00e9sidents comme vacanciers, l\u2019importance de la prudence sur la route, notamment en p\u00e9riode estivale o\u00f9 le trafic s\u2019intensifie et o\u00f9 les comportements \u00e0 risques se multiplient. En installant le village de la s\u00e9curit\u00e9 routi\u00e8re dans un lieu aussi fr\u00e9quent\u00e9, la Maison de la S\u00e9curit\u00e9 Routi\u00e8re est all\u00e9e \u00e0 la rencontre des citoyens dans leur quotidien.<\/p>\n<p><strong>Au programme\u00a0:<\/strong> simulateurs de conduite, lunettes de simulation d\u2019alcool\u00e9mie, ateliers divers, quizz, distribution de supports p\u00e9dagogiques, mais \u00e9galement \u00e9changes avec les visiteurs et discussions sur les dangers de l\u2019alcool au volant, du t\u00e9l\u00e9phone et des stup\u00e9fiants. Les intervenants sp\u00e9cialis\u00e9s de la gendarmerie et de la police nationale \u00e9taient pr\u00e9sents pour pr\u00e9senter les diff\u00e9rents \u00e9quipements et r\u00e9pondre aux nombreuses questions. Cette pr\u00e9sence conjointe a renforc\u00e9 la port\u00e9e du message de pr\u00e9vention, en mettant en lumi\u00e8re le r\u00f4le essentiel des forces de l\u2019ordre dans la s\u00e9curit\u00e9 routi\u00e8re.<\/p>\n<p>T\u00c9MOIGNAGES<\/p>\n<p>Les b\u00e9n\u00e9voles de la MSR ont partag\u00e9 leurs t\u00e9moignages concrets, parfois poignants. Une fa\u00e7on de marquer les esprits sur les cons\u00e9quences dangereuses des accidents.<\/p>\n<p>La <strong>directrice de cabinet de la pr\u00e9fecture du Var,<\/strong> venue t\u00e9moigner le premier jour de la mise en place du village de la s\u00e9curit\u00e9 routi\u00e8re, du soutien des pouvoirs publics \u00e0 cette action de terrain, a visit\u00e9 chaque stand et a \u00e9chang\u00e9 avec les intervenants. Alors que la saison touristique bat son plein, cette op\u00e9ration de terrain rappelle que chaque comportement compte. En misant sur la proximit\u00e9 et l\u2019interactivit\u00e9, la MSR a touch\u00e9 un large public. Cette action a rappel\u00e9 que chacun peut contribuer \u00e0 son niveau \u00e0 sauver des vies.<\/p>\n<p>Lors des quizz, anim\u00e9s par <strong>J\u00e9r\u00e9my,<\/strong> responsable de la MSR, et <strong>St\u00e9phanie Poiret<\/strong>, en charge de l\u2019animation, chaque bonne r\u00e9ponse donnait lieu \u00e0 la remise de lots en lien avec la th\u00e9matique et des bons d\u2019achats offerts par l\u2019Avenue 83, partenaire de l\u2019op\u00e9ration. Une fa\u00e7on ludique de faire passer des messages essentiels, tout en cr\u00e9ant une v\u00e9ritable dynamique autour du village \u00e9ph\u00e9m\u00e8re de la s\u00e9curit\u00e9 routi\u00e8re.<\/p>\n<p>Le message de ces actions de sensibilisation et de pr\u00e9vention sur le terrain \u00e9tait clair\u00a0: \u00ab\u00a0 la s\u00e9curit\u00e9 routi\u00e8re est l\u2019affaire de tous\u00a0\u00bb.<\/p>\n<p><strong>Note<\/strong><br class=\"autobr\"\/><br \/>\n*Point d\u2019information et de recrutement Gendarmerie et Police, Escadron D\u00e9partemental de la S\u00e9curit\u00e9 Routi\u00e8re, Unit\u00e9 motoris\u00e9e de la police nationale, Maison de la protection des familles.<\/p>\n<p> &#8212;&#8212;&#8211;<\/p>\n<p>Photo de Une \u00a9Philippe OLIVIER<\/p>\n","protected":false},"excerpt":{"rendered":"En juillet, la Maison de la S\u00e9curit\u00e9 Routi\u00e8re du Var (MSR) s\u2019est install\u00e9e sur l\u2019espace principal de l\u2019Avenue&hellip;\n","protected":false},"author":2,"featured_media":350076,"comment_status":"","ping_status":"","sticky":false,"template":"","format":"standard","meta":{"footnotes":""},"categories":[9619],"tags":[1111,11,2408,1777,674,1011,27,12,882,25,2310],"class_list":{"0":"post-350075","1":"post","2":"type-post","3":"status-publish","4":"format-standard","5":"has-post-thumbnail","7":"category-toulon","8":"tag-actu","9":"tag-actualites","10":"tag-appels-d","11":"tag-eu","12":"tag-europe","13":"tag-fr","14":"tag-france","15":"tag-news","16":"tag-provence-alpes-cote-dazur","17":"tag-republique-francaise","18":"tag-toulon"},"share_on_mastodon":{"url":"https:\/\/pubeurope.com\/@fr\/115106509262154981","error":""},"_links":{"self":[{"href":"https:\/\/www.europesays.com\/fr\/wp-json\/wp\/v2\/posts\/350075","targetHints":{"allow":["GET"]}}],"collection":[{"href":"https:\/\/www.europesays.com\/fr\/wp-json\/wp\/v2\/posts"}],"about":[{"href":"https:\/\/www.europesays.com\/fr\/wp-json\/wp\/v2\/types\/post"}],"author":[{"embeddable":true,"href":"https:\/\/www.europesays.com\/fr\/wp-json\/wp\/v2\/users\/2"}],"replies":[{"embeddable":true,"href":"https:\/\/www.europesays.com\/fr\/wp-json\/wp\/v2\/comments?post=350075"}],"version-history":[{"count":0,"href":"https:\/\/www.europesays.com\/fr\/wp-json\/wp\/v2\/posts\/350075\/revisions"}],"wp:featuredmedia":[{"embeddable":true,"href":"https:\/\/www.europesays.com\/fr\/wp-json\/wp\/v2\/media\/350076"}],"wp:attachment":[{"href":"https:\/\/www.europesays.com\/fr\/wp-json\/wp\/v2\/media?parent=350075"}],"wp:term":[{"taxonomy":"category","embeddable":true,"href":"https:\/\/www.europesays.com\/fr\/wp-json\/wp\/v2\/categories?post=350075"},{"taxonomy":"post_tag","embeddable":true,"href":"https:\/\/www.europesays.com\/fr\/wp-json\/wp\/v2\/tags?post=350075"}],"curies":[{"name":"wp","href":"https:\/\/api.w.org\/{rel}","templated":true}]}}