{"id":350081,"date":"2025-08-28T13:11:12","date_gmt":"2025-08-28T13:11:12","guid":{"rendered":"https:\/\/www.europesays.com\/fr\/350081\/"},"modified":"2025-08-28T13:11:12","modified_gmt":"2025-08-28T13:11:12","slug":"la-56e-edition-de-la-solitaire-du-figaro-au-depart-de-rouen","status":"publish","type":"post","link":"https:\/\/www.europesays.com\/fr\/350081\/","title":{"rendered":"la 56e \u00e9dition de la Solitaire du Figaro au d\u00e9part de Rouen"},"content":{"rendered":"<p class=\"article-p mdl\">C\u2019est ce samedi 30 ao\u00fbt \u00e0 Rouen que va, comme l\u2019an pass\u00e9, s\u2019ouvrir le village de La Solitaire du Figaro dont le d\u00e9part de la 56e \u00e9dition sera donn\u00e9 le 7 septembre prochain. Pendant une semaine, ce sont <strong>des dizaines de milliers de spectateurs<\/strong> qui sont donc attendus sur les quais de la Seine pour admirer les 35 monocoques et rencontrer les skippers engag\u00e9s sur cette course mythique.<\/p>\n<p class=\"article-p mdl\">Apr\u00e8s cette semaine de f\u00eate, place \u00e0 trois semaines de course, sur <strong>trois \u00e9tapes d\u2019une longueur totale de 1.850 milles<\/strong>. La premi\u00e8re se disputera entre Rouen et la Baie de Morlaix en passant par le Fastnet. La deuxi\u00e8me proposera un parcours quasi hauturier et le redoutable avec un contournement de la pointe de la Bretagne pour mettre ensuite le cap sur Vigo en Espagne. Enfin la derni\u00e8re \u00e9tape conduira les skippers de Vigo, via le cap Finisterre, \u00e0 Saint Vaast la Hougue o\u00f9 les bateaux sont attendus le 24 septembre.<\/p>\n<p class=\"article-p mdl\">\u00ab\u00a0La troisi\u00e8me \u00e9tape sera celle o\u00f9 les marins seront confront\u00e9s \u00e0 la houle longue du Golfe de Gascogne et aux pi\u00e8ges du Raz Blanchard qui sera peut-\u00eatre le juge de paix qui d\u00e9signera le meilleur navigateur ou la meilleure navigatrice de cette \u00e9dition\u00a0\u00bb, explique Yann Chateau le directeur de Course.\n<\/p>\n<p class=\"article-p mdl\"><strong>35 marins, dont 13 bizuths,<\/strong> 8 femmes et 5 \u00e9trangers sont engag\u00e9s sur ce parcours o\u00f9\u00a0<a class=\"link\" href=\"https:\/\/www.rtl.fr\/sport\/autres-sports\/voile-l-irlandais-tom-dolan-remporte-la-solitaire-du-figaro-7900416960\" target=\"_blank\" rel=\"noopener\">Tom Dolan, vainqueur en 2024,<\/a>\u00a0part avec le statut de favori. Mais de nombreux marins esp\u00e8rent accrocher leur nom \u00e0 cette course o\u00f9 naissent les l\u00e9gendes, \u00e0 l\u2019image d\u2019Alexis Loison ou de Charlotte Yven qui aimerait bien devenir la premi\u00e8re femme \u00e0 remporter cette \u00e9preuve.<br \/>\n<\/p>\n<p>                <img decoding=\"async\" alt=\"\" class=\"media-item lazy\" src=\"https:\/\/www.europesays.com\/fr\/wp-content\/uploads\/2025\/08\/1777492-charlotte-yven-veut-devenir-la-premiere-femme-a-remporter-la-solitaire-du-figaro.jpg\"\/><\/p>\n<p>\n            Charlotte Yven veut devenir la premi\u00e8re femme \u00e0 remporter la Solitaire du Figaro<\/p>\n<p>\n            Cr\u00e9dit : Pierre Bourras \/ skipper Macif<\/p>\n<p class=\"article-p mdl\">Depuis 1970, date de la premi\u00e8re \u00e9dition, <strong>les noms les plus prestigieux sont inscrits au palmar\u00e8s de la Solitaire du Figaro.<\/strong> D\u2019Eug\u00e8ne Riguidel \u00e0 Armel Le Cl\u00e9ac\u2019h en passant par Philippe Poupon, Laurent Bourgnon, Jean Le Cam, Franck Cammas ou encore Michel Desjoyeaux, cette course en solitaire sur bateau monotype est l\u2019un des moments phares de la saison.<br \/>\n<\/p>\n<p>    La r\u00e9daction vous recommande<\/p>\n<p class=\"s-newsletter__title\">\n                L\u2019actualit\u00e9 par la r\u00e9daction de RTL dans votre bo\u00eete mail.\n            <\/p>\n<p class=\"s-newsletter__subtitle\">\n                Gr\u00e2ce \u00e0 votre compte RTL abonnez-vous \u00e0 la newsletter RTL info pour suivre toute l&rsquo;actualit\u00e9 au quotidien\n            <\/p>\n<p>\n                                    Lire la suite\n                                <\/p>\n","protected":false},"excerpt":{"rendered":"C\u2019est ce samedi 30 ao\u00fbt \u00e0 Rouen que va, comme l\u2019an pass\u00e9, s\u2019ouvrir le village de La Solitaire&hellip;\n","protected":false},"author":2,"featured_media":350082,"comment_status":"","ping_status":"","sticky":false,"template":"","format":"standard","meta":{"footnotes":""},"categories":[9587],"tags":[1111,11,48645,1777,674,107,2619,1011,27,12,5161,25,9590,10887],"class_list":{"0":"post-350081","1":"post","2":"type-post","3":"status-publish","4":"format-standard","5":"has-post-thumbnail","7":"category-rouen","8":"tag-actu","9":"tag-actualites","10":"tag-course-en-solitaire","11":"tag-eu","12":"tag-europe","13":"tag-fil-info","14":"tag-fil-sport","15":"tag-fr","16":"tag-france","17":"tag-news","18":"tag-normandie","19":"tag-republique-francaise","20":"tag-rouen","21":"tag-voile"},"share_on_mastodon":{"url":"https:\/\/pubeurope.com\/@fr\/115106564664856818","error":""},"_links":{"self":[{"href":"https:\/\/www.europesays.com\/fr\/wp-json\/wp\/v2\/posts\/350081","targetHints":{"allow":["GET"]}}],"collection":[{"href":"https:\/\/www.europesays.com\/fr\/wp-json\/wp\/v2\/posts"}],"about":[{"href":"https:\/\/www.europesays.com\/fr\/wp-json\/wp\/v2\/types\/post"}],"author":[{"embeddable":true,"href":"https:\/\/www.europesays.com\/fr\/wp-json\/wp\/v2\/users\/2"}],"replies":[{"embeddable":true,"href":"https:\/\/www.europesays.com\/fr\/wp-json\/wp\/v2\/comments?post=350081"}],"version-history":[{"count":0,"href":"https:\/\/www.europesays.com\/fr\/wp-json\/wp\/v2\/posts\/350081\/revisions"}],"wp:featuredmedia":[{"embeddable":true,"href":"https:\/\/www.europesays.com\/fr\/wp-json\/wp\/v2\/media\/350082"}],"wp:attachment":[{"href":"https:\/\/www.europesays.com\/fr\/wp-json\/wp\/v2\/media?parent=350081"}],"wp:term":[{"taxonomy":"category","embeddable":true,"href":"https:\/\/www.europesays.com\/fr\/wp-json\/wp\/v2\/categories?post=350081"},{"taxonomy":"post_tag","embeddable":true,"href":"https:\/\/www.europesays.com\/fr\/wp-json\/wp\/v2\/tags?post=350081"}],"curies":[{"name":"wp","href":"https:\/\/api.w.org\/{rel}","templated":true}]}}