{"id":350086,"date":"2025-08-28T13:14:12","date_gmt":"2025-08-28T13:14:12","guid":{"rendered":"https:\/\/www.europesays.com\/fr\/350086\/"},"modified":"2025-08-28T13:14:12","modified_gmt":"2025-08-28T13:14:12","slug":"vers-de-nouvelles-occupations-decoles-par-des-familles","status":"publish","type":"post","link":"https:\/\/www.europesays.com\/fr\/350086\/","title":{"rendered":"vers de nouvelles occupations d&rsquo;\u00e9coles par des familles?"},"content":{"rendered":"<p>De nou\u00advelles familles vont-elles <a href=\"https:\/\/www.placegrenet.fr\/2024\/12\/01\/grenoble-quatorze-ecoles-occupees-par-des-familles-a-la-rue\/641463\" target=\"_blank\" rel=\"noopener nofollow\">occu\u00adper des \u00e9coles publiques de Grenoble<\/a>, faute de solu\u00adtion de loge\u00adment\u00a0? Pas moins de 40 m\u00e9nages, soit 152 per\u00adsonnes, ont \u00e9t\u00e9 abri\u00adt\u00e9s dans des \u00e9ta\u00adblis\u00adse\u00adments sco\u00adlaires, \u00e0 des moments dif\u00adf\u00e9\u00adrents, sur la seule ann\u00e9e 2024\u200a\u2013\u200a2025, selon la Ville de Grenoble. Des occu\u00adpa\u00adtions qu\u2019elle dit tol\u00e9\u00adrer pour la troi\u00adsi\u00e8me ann\u00e9e cons\u00e9\u00adcu\u00adtive, \u00ab\u00a0afin de pr\u00e9\u00adser\u00adver les enfants d\u2019une atteinte grave \u00e0 leurs droits et de condi\u00adtions \u00e0 la rue extr\u00ea\u00adme\u00adment pr\u00e9\u00adcaires\u00a0\u00bb.<\/p>\n<p><a href=\"https:\/\/www.europesays.com\/fr\/wp-content\/uploads\/2025\/08\/Occupation-ecole-Ferdinand-Buisson-9-scaled.jpg\" target=\"_blank\" rel=\"noopener\"><img fetchpriority=\"high\" decoding=\"async\" aria-describedby=\"caption-attachment-623495\" class=\"wp-image-623495 size-full\" src=\"data:image\/svg+xml,%3Csvg%20xmlns=\" http:=\"\" alt=\"L'\u00e9cole Ferdinand-Buisson fait partie des \u00e9tablissements o\u00f9 des familles ont \u00e9t\u00e9 h\u00e9berg\u00e9es faute de solution de logement. \u00a9 Manuel Pavard - Place Gre'net\" width=\"2048\" height=\"1542\" data-lazy- data-lazy- data-lazy-src=\"https:\/\/www.europesays.com\/fr\/wp-content\/uploads\/2025\/08\/Occupation-ecole-Ferdinand-Buisson-9-scaled.jpg\"\/><\/a><\/p>\n<p id=\"caption-attachment-623495\" class=\"wp-caption-text\">L\u2019\u00e9cole Ferdinand-Buisson fait par\u00adtie des \u00e9ta\u00adblis\u00adse\u00adments o\u00f9 des familles ont \u00e9t\u00e9 h\u00e9ber\u00adg\u00e9es faute de solu\u00adtion de loge\u00adment. \u00a9 Manuel Pavard \u2013 Place Gre\u2019net<\/p>\n<p>En juin 2025, \u00e0 la veille de la fer\u00adme\u00adture esti\u00advale des \u00e9ta\u00adblis\u00adse\u00adments sco\u00adlaires, 18 familles demeu\u00adraient sans solu\u00adtion de loge\u00adment et d\u2019h\u00e9\u00adber\u00adge\u00adment et occu\u00adpaient encore neuf \u00e9coles de Grenoble.<\/p>\n<p>Face \u00e0 l\u2019ur\u00adgence de leur situa\u00adtion, l\u2019\u00c9tat a fina\u00adle\u00adment pris en charge quatre d\u2019entre elles\u00a0: trois dans le cadre du dis\u00adpo\u00adsi\u00adtif r\u00e9serv\u00e9 aux deman\u00addeurs d\u2019a\u00adsile, et une via un Centre d\u2019h\u00e9\u00adber\u00adge\u00adment et de r\u00e9in\u00adser\u00adtion sociale (CHRS). Une cin\u00adqui\u00e8me famille, qui s\u2019\u00e9\u00adtait vu pro\u00adpo\u00adser le dis\u00adpo\u00adsi\u00adtif natio\u00adnal d\u2019a\u00adsile, a fina\u00adle\u00adment refus\u00e9 de l\u2019int\u00e9grer.<\/p>\n<p>Quid des 14 familles res\u00adtantes\u00a0? Celles-ci, indique la Ville de Grenoble, ont \u00e9t\u00e9 prises en charge par les \u00e9quipes de son CCAS, \u00ab\u00a0avec le sou\u00adtien des col\u00adlec\u00adtifs citoyens mobi\u00adli\u00ads\u00e9s aupr\u00e8s des familles\u00a0\u00bb. Ainsi, neuf familles ont-elles \u00e9t\u00e9 diri\u00adg\u00e9es vers un h\u00e9ber\u00adge\u00adment du CCAS (soit au Rondeau, soit dans des appar\u00adte\u00adments, doit dans des chambres d\u2019h\u00f4\u00adtel), tan\u00addis que cinq autres ont \u00e9t\u00e9 \u00ab\u00a0mises \u00e0 l\u2019a\u00adbri\u00a0\u00bb.<\/p>\n","protected":false},"excerpt":{"rendered":"De nou\u00advelles familles vont-elles occu\u00adper des \u00e9coles publiques de Grenoble, faute de solu\u00adtion de loge\u00adment\u00a0? Pas moins de&hellip;\n","protected":false},"author":2,"featured_media":350087,"comment_status":"","ping_status":"","sticky":false,"template":"","format":"standard","meta":{"footnotes":""},"categories":[9566],"tags":[1111,11,2430,1777,674,1011,27,2731,12,25],"class_list":{"0":"post-350086","1":"post","2":"type-post","3":"status-publish","4":"format-standard","5":"has-post-thumbnail","7":"category-grenoble","8":"tag-actu","9":"tag-actualites","10":"tag-auvergne-rhone-alpes","11":"tag-eu","12":"tag-europe","13":"tag-fr","14":"tag-france","15":"tag-grenoble","16":"tag-news","17":"tag-republique-francaise"},"share_on_mastodon":{"url":"https:\/\/pubeurope.com\/@fr\/115106575967145153","error":""},"_links":{"self":[{"href":"https:\/\/www.europesays.com\/fr\/wp-json\/wp\/v2\/posts\/350086","targetHints":{"allow":["GET"]}}],"collection":[{"href":"https:\/\/www.europesays.com\/fr\/wp-json\/wp\/v2\/posts"}],"about":[{"href":"https:\/\/www.europesays.com\/fr\/wp-json\/wp\/v2\/types\/post"}],"author":[{"embeddable":true,"href":"https:\/\/www.europesays.com\/fr\/wp-json\/wp\/v2\/users\/2"}],"replies":[{"embeddable":true,"href":"https:\/\/www.europesays.com\/fr\/wp-json\/wp\/v2\/comments?post=350086"}],"version-history":[{"count":0,"href":"https:\/\/www.europesays.com\/fr\/wp-json\/wp\/v2\/posts\/350086\/revisions"}],"wp:featuredmedia":[{"embeddable":true,"href":"https:\/\/www.europesays.com\/fr\/wp-json\/wp\/v2\/media\/350087"}],"wp:attachment":[{"href":"https:\/\/www.europesays.com\/fr\/wp-json\/wp\/v2\/media?parent=350086"}],"wp:term":[{"taxonomy":"category","embeddable":true,"href":"https:\/\/www.europesays.com\/fr\/wp-json\/wp\/v2\/categories?post=350086"},{"taxonomy":"post_tag","embeddable":true,"href":"https:\/\/www.europesays.com\/fr\/wp-json\/wp\/v2\/tags?post=350086"}],"curies":[{"name":"wp","href":"https:\/\/api.w.org\/{rel}","templated":true}]}}