{"id":350088,"date":"2025-08-28T13:17:14","date_gmt":"2025-08-28T13:17:14","guid":{"rendered":"https:\/\/www.europesays.com\/fr\/350088\/"},"modified":"2025-08-28T13:17:14","modified_gmt":"2025-08-28T13:17:14","slug":"un-infatigable-passeur-de-memoire","status":"publish","type":"post","link":"https:\/\/www.europesays.com\/fr\/350088\/","title":{"rendered":"Un infatigable passeur de m\u00e9moire"},"content":{"rendered":"<p>            Par<br \/>\n        <strong><br \/>\n            <a href=\"https:\/\/actu.fr\/auteur\/brian-legoff\" title=\"Consulter tous les articles de Brian Le Goff\" target=\"_blank\" rel=\"noopener\">Brian Le Goff<\/a><br \/>\n        <\/strong><\/p>\n<p>        Publi\u00e9 le<\/p>\n<p>            28 ao\u00fbt 2025 \u00e0 15h01        <\/p>\n<p>\u00ab\u00a0Avec lui dispara\u00eet une <strong>figure de la R\u00e9sistance<\/strong> \u00e0 <a href=\"https:\/\/actu.fr\/rennes\/\" target=\"_blank\" rel=\"noopener\">Rennes<\/a>.\u00a0\u00bb C\u2019est par ses premiers mots que Nathalie App\u00e9r\u00e9, maire de la capitale bretonne, a annonc\u00e9 le <strong>d\u00e9c\u00e8s de Maxime Le Poulichet<\/strong> ancien combattant des Forces fran\u00e7aises de l\u2019int\u00e9rieur et t\u00e9moin infatigable de la <a href=\"https:\/\/actu.fr\/tag\/seconde-guerre-mondiale\" target=\"_blank\" rel=\"noopener\">Seconde Guerre mondiale<\/a>.<\/p>\n<p>Un engagement pr\u00e9coce dans la R\u00e9sistance<\/p>\n<p data-start=\"542\" data-end=\"1019\" class=\" wall-content\"><strong>N\u00e9 le 27 mai 1927<\/strong> \u00e0 Rennes, <strong>orphelin<\/strong> d\u00e8s l\u2019\u00e2ge de deux ans, Maxime Le Poulichet a grandi aupr\u00e8s de sa grand-m\u00e8re paternelle, dans des conditions modestes. Marqu\u00e9 par l\u2019occupation allemande en Bretagne et anim\u00e9 d\u2019une conscience patriotique pr\u00e9coce, il <strong>rejoint en f\u00e9vrier 1944, \u00e0 16 ans, le maquis de Monterfil<\/strong>. Quelques mois plus tard, en juillet, il s\u2019engage dans les rangs des Forces fran\u00e7aises de l\u2019int\u00e9rieur pour la dur\u00e9e de la guerre, au sein du 41e r\u00e9giment d\u2019infanterie.<\/p>\n<p data-start=\"1021\" data-end=\"1663\" class=\" wall-content\">Il <strong>participe aux violents combats de la Lib\u00e9ration,<\/strong> d\u2019abord dans la poche de Saint-Nazaire (septembre-novembre 1944), puis dans la poche de Lorient (d\u00e9cembre 1944-avril 1945). <strong>Gri\u00e8vement bless\u00e9 au bras et aux jambes<\/strong> par une rafale de mitrailleuse alors qu\u2019il tenait son poste, il est laiss\u00e9 pour mort.<\/p>\n<p data-start=\"1021\" data-end=\"1663\" class=\" wall-content\"><strong>Condamn\u00e9 \u00e0 l\u2019ex\u00e9cution, il r\u00e9ussit \u00e0 y \u00e9chapper<\/strong> et survit \u00e0 la fin du conflit. Apr\u00e8s sa convalescence, il refuse la r\u00e9forme et rejoint son unit\u00e9 en Allemagne, \u00e0 l\u2019\u00e9tat-major de la 19e division d\u2019infanterie, jusqu\u2019\u00e0 sa d\u00e9mobilisation le 2 mai 1946.<strong> Reconnu invalide de guerre \u00e0 90 %,<\/strong> il portera toute sa vie les s\u00e9quelles de ses blessures.<\/p>\n<p>Une carri\u00e8re et un engagement au service des autres<\/p>\n<p data-start=\"1723\" data-end=\"2011\" class=\" wall-content\">En 1947, il <strong>r\u00e9ussit le concours de la S\u00e9curit\u00e9 sociale<\/strong> et entame une carri\u00e8re \u00e0 la Direction r\u00e9gionale de Bretagne. Il y gravit les \u00e9chelons jusqu\u2019\u00e0 devenir chef de section du service action sociale pour les personnes \u00e2g\u00e9es, un poste qu\u2019il occupe jusqu\u2019\u00e0 son d\u00e9part en retraite en 1987.<\/p>\n<p data-start=\"2013\" data-end=\"2304\" class=\" wall-content\">Tr\u00e8s investi dans le monde associatif, Maxime Le Poulichet consacre ensuite plus de cinquante ans \u00e0 l\u2019action sociale et \u00e0 la transmission m\u00e9morielle. Pr\u00e9sent \u00e0 toutes les c\u00e9r\u00e9monies patriotiques, il s\u2019engage \u00e9galement au sein de l\u2019Office national des anciens combattants d\u2019Ille-et-Vilaine.<\/p>\n<p>D\u00e9corations et reconnaissance<\/p>\n<p data-start=\"2342\" data-end=\"2675\" class=\" wall-content\">Ses faits d\u2019armes et son engagement lui valent de<strong> nombreuses distinctions :<\/strong> chevalier de la L\u00e9gion d\u2019honneur, chevalier de l\u2019ordre national du M\u00e9rite, Croix du Combattant volontaire de la R\u00e9sistance, Croix du Combattant volontaire de la guerre 1939-1945, M\u00e9daille des bless\u00e9s, ou encore M\u00e9daille des combattants de moins de 20 ans.<\/p>\n<p>Votre r\u00e9gion, votre actu !<\/p>\n<p>Recevez chaque jour les infos qui comptent pour vous.<\/p>\n<p>\t<a href=\"https:\/\/actu.fr\/newsletter\" class=\"ac-btn ac-btn--corner ac-btn--medium ac-btn--blue800\" target=\"_blank\" rel=\"noopener\">S&rsquo;incrire<\/a><\/p>\n<p data-start=\"2677\" data-end=\"2818\" class=\" wall-content\">\u00c9lev\u00e9 \u00e0 titre militaire au grade de chevalier de l\u2019ordre national du M\u00e9rite en 1978, il sera fait chevalier de la L\u00e9gion d\u2019honneur en 2015.<\/p>\n<p>\u00ab Un infatigable passeur de m\u00e9moire \u00bb<\/p>\n<p data-start=\"2864\" data-end=\"3057\" class=\" wall-content\">R\u00e9sidant \u00e0 l\u2019Ehpad Ga\u00ebtan-Herv\u00e9 de Rennes, il <strong>n\u2019a cess\u00e9, jusqu\u2019\u00e0 la fin de sa vie, de t\u00e9moigner et de partager<\/strong> son exp\u00e9rience pour \u00ab que jamais l\u2019oubli n\u2019\u00e9teigne la flamme de la R\u00e9sistance \u00bb.<\/p>\n<p data-start=\"3059\" data-end=\"3323\" class=\" wall-content\"><strong>\u00ab Son courage nous invite \u00e0 poursuivre le combat<\/strong> pour la libert\u00e9, contre les obscurantismes \u00bb, a d\u00e9clar\u00e9 Nathalie App\u00e9r\u00e9. La maire de Rennes a adress\u00e9 \u00ab ses sinc\u00e8res condol\u00e9ances \u00e0 sa famille et \u00e0 ses proches \u00bb et salu\u00e9 sa m\u00e9moire \u00ab avec le plus grand respect \u00bb.<\/p>\n<p class=\" wall-content\">Personnalisez votre actualit\u00e9 en ajoutant vos villes et m\u00e9dias en favori avec <a href=\"https:\/\/moncompte.actu.fr\" title=\"D\u00e9couvez Mon Actu\" rel=\"nofollow noopener\" data-trk=\"{&quot;cta&quot;:{&quot;action&quot;:&quot;https:\\\/\\\/moncompte.actu.fr&quot;,&quot;category&quot;:&quot;mon compte&quot;,&quot;from&quot;:&quot;article footer&quot;,&quot;name&quot;:&quot;Mon actu&quot;,&quot;type&quot;:&quot;cta&quot;}}\" target=\"_blank\">Mon Actu<\/a>.<\/p>\n","protected":false},"excerpt":{"rendered":"Par Brian Le Goff Publi\u00e9 le 28 ao\u00fbt 2025 \u00e0 15h01 \u00ab\u00a0Avec lui dispara\u00eet une figure de la&hellip;\n","protected":false},"author":2,"featured_media":350089,"comment_status":"","ping_status":"","sticky":false,"template":"","format":"standard","meta":{"footnotes":""},"categories":[2821],"tags":[1111,11,829,1777,674,1011,27,1391,12,584,25,935,104],"class_list":{"0":"post-350088","1":"post","2":"type-post","3":"status-publish","4":"format-standard","5":"has-post-thumbnail","7":"category-rennes","8":"tag-actu","9":"tag-actualites","10":"tag-bretagne","11":"tag-eu","12":"tag-europe","13":"tag-fr","14":"tag-france","15":"tag-necrologie","16":"tag-news","17":"tag-rennes","18":"tag-republique-francaise","19":"tag-seconde-guerre-mondiale","20":"tag-societe"},"share_on_mastodon":{"url":"https:\/\/pubeurope.com\/@fr\/115106587749958358","error":""},"_links":{"self":[{"href":"https:\/\/www.europesays.com\/fr\/wp-json\/wp\/v2\/posts\/350088","targetHints":{"allow":["GET"]}}],"collection":[{"href":"https:\/\/www.europesays.com\/fr\/wp-json\/wp\/v2\/posts"}],"about":[{"href":"https:\/\/www.europesays.com\/fr\/wp-json\/wp\/v2\/types\/post"}],"author":[{"embeddable":true,"href":"https:\/\/www.europesays.com\/fr\/wp-json\/wp\/v2\/users\/2"}],"replies":[{"embeddable":true,"href":"https:\/\/www.europesays.com\/fr\/wp-json\/wp\/v2\/comments?post=350088"}],"version-history":[{"count":0,"href":"https:\/\/www.europesays.com\/fr\/wp-json\/wp\/v2\/posts\/350088\/revisions"}],"wp:featuredmedia":[{"embeddable":true,"href":"https:\/\/www.europesays.com\/fr\/wp-json\/wp\/v2\/media\/350089"}],"wp:attachment":[{"href":"https:\/\/www.europesays.com\/fr\/wp-json\/wp\/v2\/media?parent=350088"}],"wp:term":[{"taxonomy":"category","embeddable":true,"href":"https:\/\/www.europesays.com\/fr\/wp-json\/wp\/v2\/categories?post=350088"},{"taxonomy":"post_tag","embeddable":true,"href":"https:\/\/www.europesays.com\/fr\/wp-json\/wp\/v2\/tags?post=350088"}],"curies":[{"name":"wp","href":"https:\/\/api.w.org\/{rel}","templated":true}]}}