{"id":350090,"date":"2025-08-28T13:23:04","date_gmt":"2025-08-28T13:23:04","guid":{"rendered":"https:\/\/www.europesays.com\/fr\/350090\/"},"modified":"2025-08-28T13:23:04","modified_gmt":"2025-08-28T13:23:04","slug":"colmar-nordahl-lelandais-absent-pour-son-proces-laffaire-renvoyee","status":"publish","type":"post","link":"https:\/\/www.europesays.com\/fr\/350090\/","title":{"rendered":"Colmar. Nordahl Lelandais absent pour son proc\u00e8s : l&rsquo;affaire renvoy\u00e9e"},"content":{"rendered":"<p>Le tribunal de Colmar, apr\u00e8s en avoir d\u00e9lib\u00e9r\u00e9, a estim\u00e9 que la comparution du pr\u00e9venu appara\u00eet n\u00e9cessaire, a renvoy\u00e9 le dossier au 19 septembre et a ordonn\u00e9 la comparution du pr\u00e9venu. Si n\u00e9cessaire, un mandat d\u2019amener pourrait \u00eatre prononc\u00e9. \u00ab\u00a0Il ne l\u2019ignore pas et il se pr\u00e9sentera\u00a0\u00bb, a indiqu\u00e9 l\u2019avocat de la d\u00e9fense.<\/p>\n<p><a href=\"https:\/\/www.lalsace.fr\/faits-divers-justice\/2024\/01\/13\/nordahl-lelandais-jeune-pere-et-detenu-exemplaire\" target=\"_blank\" rel=\"noopener\">D\u00e9tenu\u00a0dans la prison d&rsquo;Ensisheim<\/a>, au nord de Mulhouse,\u00a0<a href=\"https:\/\/www.lalsace.fr\/p\/nordahl-lelandais\" target=\"_blank\" rel=\"noopener\">Nordahl Lelandais<\/a>, suspect\u00e9 de violences conjugales devant son fils de 19 mois lors d&rsquo;un parloir, devait compara\u00eetre ce jeudi devant le tribunal correctionnel de Colmar.<\/p>\n<p>\u00ab\u00a0La pression m\u00e9diatique ne lui [permet] pas de s\u2019exprimer sereinement\u00a0\u00bb<\/p>\n<p>Nordahl Lelandais, qui a d\u00e9sormais pris le nom de jeune fille de sa m\u00e8re\u00a0 \u00ab P\u00e9rinet \u00bb, a \u00e9crit au tribunal un courrier pour indiquer qu\u2019il \u00ab ne souhaite pas compara\u00eetre personnellement, en raison notamment de la pression m\u00e9diatique ne lui permettant pas de s\u2019exprimer sereinement. Il donne tous pouvoirs \u00e0 son avocat pour le repr\u00e9senter \u00bb.<\/p>\n<p>\u00ab Il veut s\u2019exprimer devant les juges mais uniquement devant les juges, ne veut pas livrer l\u2019intimit\u00e9 de sa vie \u00e0 des journalistes et \u00e0 des personnes dont il ne connait rien sur les bancs de la salle d\u2019audience \u00bb, a indiqu\u00e9 l\u2019avocat de la d\u00e9fense, Me Paul Feutz.<\/p>\n<p>\u00ab On a l\u2019impression que M. Nordahl P\u00e9rinet d\u00e9couvre qu\u2019il attire l\u2019attention de la presse, qui parlera de cette affaire qu\u2019il soit pr\u00e9sent ou pas. Il ne faudrait pas qu\u2019il ne soit pas en mesure d\u2019exposer ses arguments, sa position et sa vision des choses \u00bb, a pr\u00e9cis\u00e9 le procureur de Colmar, Jean Richert, en soulignant la particuli\u00e8re gravit\u00e9 des faits et l\u2019extr\u00eame dangerosit\u00e9 du pr\u00e9venu et en requ\u00e9rant le renvoi.<\/p>\n<p>Me Thibault Mai, avocat de la partie civile, l\u2019association Themis mandat\u00e9e en tant qu\u2019administrateur ad hoc pour repr\u00e9senter l\u2019enfant, avait demand\u00e9 que l\u2019audience se tienne \u00e0 huis clos. Ni le parquet, ni le tribunal correctionnel ne se sont prononc\u00e9s \u00e0 ce sujet.<\/p>\n","protected":false},"excerpt":{"rendered":"Le tribunal de Colmar, apr\u00e8s en avoir d\u00e9lib\u00e9r\u00e9, a estim\u00e9 que la comparution du pr\u00e9venu appara\u00eet n\u00e9cessaire, a&hellip;\n","protected":false},"author":2,"featured_media":350091,"comment_status":"","ping_status":"","sticky":false,"template":"","format":"standard","meta":{"footnotes":""},"categories":[2820],"tags":[1111,11,2389,5065,271,272,2413,1777,674,274,107,1011,27,775,12,25,640],"class_list":{"0":"post-350090","1":"post","2":"type-post","3":"status-publish","4":"format-standard","5":"has-post-thumbnail","7":"category-strasbourg","8":"tag-actu","9":"tag-actualites","10":"tag-alsace","11":"tag-colmar","12":"tag-crime","13":"tag-delit-et-contravention","14":"tag-edition-colmar-guebwiller","15":"tag-eu","16":"tag-europe","17":"tag-faits-divers-justice","18":"tag-fil-info","19":"tag-fr","20":"tag-france","21":"tag-grand-est","22":"tag-news","23":"tag-republique-francaise","24":"tag-strasbourg"},"share_on_mastodon":{"url":"","error":""},"_links":{"self":[{"href":"https:\/\/www.europesays.com\/fr\/wp-json\/wp\/v2\/posts\/350090","targetHints":{"allow":["GET"]}}],"collection":[{"href":"https:\/\/www.europesays.com\/fr\/wp-json\/wp\/v2\/posts"}],"about":[{"href":"https:\/\/www.europesays.com\/fr\/wp-json\/wp\/v2\/types\/post"}],"author":[{"embeddable":true,"href":"https:\/\/www.europesays.com\/fr\/wp-json\/wp\/v2\/users\/2"}],"replies":[{"embeddable":true,"href":"https:\/\/www.europesays.com\/fr\/wp-json\/wp\/v2\/comments?post=350090"}],"version-history":[{"count":0,"href":"https:\/\/www.europesays.com\/fr\/wp-json\/wp\/v2\/posts\/350090\/revisions"}],"wp:featuredmedia":[{"embeddable":true,"href":"https:\/\/www.europesays.com\/fr\/wp-json\/wp\/v2\/media\/350091"}],"wp:attachment":[{"href":"https:\/\/www.europesays.com\/fr\/wp-json\/wp\/v2\/media?parent=350090"}],"wp:term":[{"taxonomy":"category","embeddable":true,"href":"https:\/\/www.europesays.com\/fr\/wp-json\/wp\/v2\/categories?post=350090"},{"taxonomy":"post_tag","embeddable":true,"href":"https:\/\/www.europesays.com\/fr\/wp-json\/wp\/v2\/tags?post=350090"}],"curies":[{"name":"wp","href":"https:\/\/api.w.org\/{rel}","templated":true}]}}