{"id":350092,"date":"2025-08-28T13:23:27","date_gmt":"2025-08-28T13:23:27","guid":{"rendered":"https:\/\/www.europesays.com\/fr\/350092\/"},"modified":"2025-08-28T13:23:27","modified_gmt":"2025-08-28T13:23:27","slug":"ici-alsace-est-partenaire-de-la-foire-europeenne-de-strasbourg","status":"publish","type":"post","link":"https:\/\/www.europesays.com\/fr\/350092\/","title":{"rendered":"ICI Alsace est partenaire de la Foire Europ\u00e9enne de Strasbourg"},"content":{"rendered":"<p>ICI Alsace est partenaire de la Foire Europ\u00e9enne de Strasbourg qui se tiendra du 5 au 14 septembre 2025 au Parc des Expositions du Wacken.<\/p>\n<p>Gagnez vos entr\u00e9es d\u00e8s lundi en t\u00e9l\u00e9phonant au 03 88 25 15 15<\/p>\n<p>\ud83e\udd1d <strong>ICI Alsace<\/strong>, en tant que partenaire de la Foire Europ\u00e9enne , contribuera \u00e0 mettre en valeur les talents, les savoir-faire et les initiatives locales. C\u2019est une belle opportunit\u00e9 pour les acteurs alsaciens de rayonner dans un \u00e9v\u00e9nement qui attire chaque ann\u00e9e des milliers de visiteurs.<\/p>\n<p>Pendant toute la dur\u00e9e de la foire, ICI Alsace est pr\u00e9sent sur un stand avec animateur. Vous pourrez participer \u00e0 des jeux et remporter des objets promotionnels ICI Alsace.<\/p>\n<p><strong>Et des lundi, soyez \u00e0 l&rsquo;\u00e9coute pour gagner vos entr\u00e9es\u00a0!<\/strong><\/p>\n<p>\ud83c\udf89\u00a0<a target=\"_blank\" rel=\"nofollow noopener noreferrer\" class=\"IciLink ici-link IciArticleLink g-ici-body-regular-1 underline brand svelte-lu7k6w\" href=\"https:\/\/www.foireurop.com\/fr\/la-foire-en-images\">La Foire Europ\u00e9enne de Strasbourg 2025<\/a>\u00a0s\u2019annonce comme un \u00e9v\u00e9nement incontournable, m\u00ealant commerce, culture et festivit\u00e9s du <strong>5 au 14 septembre 2025<\/strong> au <strong>Parc des Expositions du Wacken<\/strong>, en face du Palais de la Musique et des Congr\u00e8s.<\/p>\n<p>Des saveurs du monde \u00e0 l\u2019artisanat local, de l\u2019am\u00e9nagement de la maison \u00e0 la mode, sans oublier la gastronomie, le bien-\u00eatre ou encore l\u2019innovation\u2026 tous les univers du quotidien sont repr\u00e9sent\u00e9s \u00e0 la Foire Europ\u00e9enne de Strasbourg.<br \/>Venez rencontrer\u00a0<strong>plus de 500\u00a0professionnels<\/strong>\u00a0passionn\u00e9s, d\u00e9couvrir leurs nouveaut\u00e9s, profiter de leurs conseils et faire le plein de bonnes affaires\u00a0!<\/p>\n<p>\ud83d\uddd3\ufe0f Dates et horaires<\/p>\n<ul>\n<li><strong>Du 5 au 14 septembre 2025<\/strong><\/li>\n<li><strong>Ouvert tous les jours de 10h \u00e0 19h<\/strong><\/li>\n<li><strong>Nocturnes jusqu\u2019\u00e0 22h<\/strong>, avec concerts jusqu\u2019\u00e0 <strong>minuit<\/strong> certains soirs2<\/li>\n<\/ul>\n<p>\ud83c\udf0d Th\u00e8me et nouveaut\u00e9s<\/p>\n<ul>\n<li><strong>L\u2019Irlande \u00e0 l\u2019honneur<\/strong>\u00a0: une exposition immersive de 1\u202f200\u202fm\u00b2 avec musique live, artisanat, gastronomie et traditions celtiques3<\/li>\n<li><strong>Ultimate Ninja Challenge<\/strong>\u00a0: parcours d\u2019obstacles inspir\u00e9 de Ninja Warrior, pour enfants, ados et adultes3<\/li>\n<li><strong>Village des D\u00e9lices<\/strong>\u00a0: d\u00e9monstrations culinaires et concours des m\u00e9tiers de bouche alsaciens<\/li>\n<li><strong>Village du Pacifique<\/strong>\u00a0: danses, artisanat et gastronomie d\u2019outre-mer<\/li>\n<li><strong>Salon du Livre<\/strong>\u00a0: rencontres avec \u00e9diteurs et auteurs<\/li>\n<\/ul>\n<p>\ud83c\udfb6 Animations et concerts<\/p>\n<ul>\n<li><strong>Foire Europ\u2019Live<\/strong>\u00a0: concerts gratuits chaque soir du 5 au 13 septembre<\/li>\n<li><strong>Septemberfescht<\/strong>\u00a0: soir\u00e9e festive avec Robin Leon le 6 septembre<\/li>\n<li><strong>Cl\u00f4ture en musique<\/strong>\u00a0: concert du groupe GOLD le 13 septembre<\/li>\n<\/ul>\n<p>\ud83d\udcb0 Tarifs<\/p>\n<ul>\n<li><strong>Un billet unique \u00e0 5\u20ac*<\/strong>\u00a0permettant de revenir en illimit\u00e9 tous les jours<\/li>\n<li><strong>Gratuit\u00e9 pour les -12ans, les personnes en situation de handicap et les seniors<\/strong>\u00a0(sur pr\u00e9sentation de la carte \u00c9vasion)<\/li>\n<li><strong>Gratuit\u00e9 tous les jours \u00e0 partir de 18h<\/strong>\u00a0et le dimanche (14\/09) d\u00e8s 16h<\/li>\n<li><strong>Journ\u00e9e duo le mardi 9 septembre<\/strong>\u00a0: un billet achet\u00e9 = un billet offert<\/li>\n<\/ul>\n<p>Ecoutez ICI Alsace en direct\u00a0\ud83d\udc47<\/p>\n<p>loading<\/p>\n","protected":false},"excerpt":{"rendered":"ICI Alsace est partenaire de la Foire Europ\u00e9enne de Strasbourg qui se tiendra du 5 au 14 septembre&hellip;\n","protected":false},"author":2,"featured_media":350093,"comment_status":"","ping_status":"","sticky":false,"template":"","format":"standard","meta":{"footnotes":""},"categories":[2820],"tags":[1111,11,1777,674,1011,27,775,12,25,640],"class_list":{"0":"post-350092","1":"post","2":"type-post","3":"status-publish","4":"format-standard","5":"has-post-thumbnail","7":"category-strasbourg","8":"tag-actu","9":"tag-actualites","10":"tag-eu","11":"tag-europe","12":"tag-fr","13":"tag-france","14":"tag-grand-est","15":"tag-news","16":"tag-republique-francaise","17":"tag-strasbourg"},"share_on_mastodon":{"url":"https:\/\/pubeurope.com\/@fr\/115106611400410070","error":""},"_links":{"self":[{"href":"https:\/\/www.europesays.com\/fr\/wp-json\/wp\/v2\/posts\/350092","targetHints":{"allow":["GET"]}}],"collection":[{"href":"https:\/\/www.europesays.com\/fr\/wp-json\/wp\/v2\/posts"}],"about":[{"href":"https:\/\/www.europesays.com\/fr\/wp-json\/wp\/v2\/types\/post"}],"author":[{"embeddable":true,"href":"https:\/\/www.europesays.com\/fr\/wp-json\/wp\/v2\/users\/2"}],"replies":[{"embeddable":true,"href":"https:\/\/www.europesays.com\/fr\/wp-json\/wp\/v2\/comments?post=350092"}],"version-history":[{"count":0,"href":"https:\/\/www.europesays.com\/fr\/wp-json\/wp\/v2\/posts\/350092\/revisions"}],"wp:featuredmedia":[{"embeddable":true,"href":"https:\/\/www.europesays.com\/fr\/wp-json\/wp\/v2\/media\/350093"}],"wp:attachment":[{"href":"https:\/\/www.europesays.com\/fr\/wp-json\/wp\/v2\/media?parent=350092"}],"wp:term":[{"taxonomy":"category","embeddable":true,"href":"https:\/\/www.europesays.com\/fr\/wp-json\/wp\/v2\/categories?post=350092"},{"taxonomy":"post_tag","embeddable":true,"href":"https:\/\/www.europesays.com\/fr\/wp-json\/wp\/v2\/tags?post=350092"}],"curies":[{"name":"wp","href":"https:\/\/api.w.org\/{rel}","templated":true}]}}