{"id":350094,"date":"2025-08-28T13:26:44","date_gmt":"2025-08-28T13:26:44","guid":{"rendered":"https:\/\/www.europesays.com\/fr\/350094\/"},"modified":"2025-08-28T13:26:44","modified_gmt":"2025-08-28T13:26:44","slug":"michael-delafosse-quatre-mois-a-derouler-la-transformation-de-la-ville-avant-la-decision","status":"publish","type":"post","link":"https:\/\/www.europesays.com\/fr\/350094\/","title":{"rendered":"Micha\u00ebl Delafosse, quatre mois \u00e0 d\u00e9rouler \u00ab\u00a0la transformation de la ville\u00a0\u00bb avant la d\u00e9cision"},"content":{"rendered":"<p>            Par<br \/>\n        <strong><br \/>\n            <a href=\"https:\/\/actu.fr\/auteur\/c-nithard\" title=\"Consulter tous les articles de C\u00e9dric Nithard\" rel=\"nofollow noopener\" target=\"_blank\">C\u00e9dric Nithard<\/a><br \/>\n        <\/strong><\/p>\n<p>        Publi\u00e9 le<\/p>\n<p>            28 ao\u00fbt 2025 \u00e0 9h20        <\/p>\n<p>Depuis son arriv\u00e9e au bureau du 8e \u00e9tage de la mairie, <strong>Micha\u00ebl Delafosse<\/strong> voit le compteur qu\u2019il a install\u00e9 \u00e9grainer les jours. \u00c0 197 jours de la fin de son mandat, <strong>le maire de Montpellier<\/strong> aborde les quatre mois qui viennent avec <strong>un calendrier bien pr\u00e9cis<\/strong> et un objectif clairement \u00e9tabli : <strong>montrer les transformations de la ville<\/strong>. En r\u00e9sum\u00e9, quatre mois pour progressivement faire oublier cinq ans de chantiers et prouver toute leur utilit\u00e9 avant de, peut-\u00eatre, basculer dans <strong>les \u00e9lections municipales<\/strong> dont il r\u00e9serve sa r\u00e9ponse en janvier. Si l\u2019heure n\u2019est pas encore au bilan, la s\u00e9quence qui s\u2019annonce en prend toute la forme.<\/p>\n<p>Le temps des inaugurations<\/p>\n<p class=\" wall-content\">\u00c0 quelques jours de la rentr\u00e9e des classes marquant pour beaucoup le retour aux affaires, Micha\u00ebl Delafosse a tenu un point presse pour pr\u00e9senter la calendrier des livraisons des \u00e9quipements publics de la fin d\u2019ann\u00e9e. \u00ab\u00a0C\u2019est instable au niveau national, nous ce sera tr\u00e8s stable\u00a0\u00bb avance le maire qui r\u00e9p\u00e8te son cr\u00e9do sur \u00ab\u00a0le respect des engagements pris et si on ne peut pas il faut expliquer pourquoi\u00a0\u00bb en prenant \u00e0 t\u00e9moin son programme de campagne de 2020. Et de vanter, en rappelant le covid et le choc inflationniste dans \u00ab\u00a0un contexte o\u00f9 la France peine \u00e0 avancer sur plein de sujets, nous, en l\u2019espace de cinq ans et sept mois nous avons r\u00e9ussi \u00e0 faire un certain nombre de grands travaux d\u2019am\u00e9nagement\u00a0\u00bb. Les principales, en symboles avanc\u00e9s de ce mandat, \u00e9tant la r\u00e9alisation de l\u2019extension de la Ligne 1 vers la gare Sud de France et bien s\u00fbr la Ligne 5. \u00ab\u00a0Je revendique l\u2019action, le volontarisme et surtout l\u2019efficacit\u00e9. Dire et faire pour ne pas se perdre dans l\u2019inertie\u00a0\u00bb met-il en avant en remerciant les services territoriaux et les agents qui \u00ab\u00a0se sont pleinement mobilis\u00e9s pour accompagner la transformation de Montpellier\u00a0\u00bb.<\/p>\n<p class=\" wall-content\">Car il s\u2019agit bien de cela que Micha\u00ebl Delafosse d\u00e9fend. \u00ab\u00a0Nous arrivons au terme d\u2019une s\u00e9quence qui am\u00e8ne \u00e0 une transformation de la ville. Le 20 d\u00e9cembre quand la ligne 5 sera en place, nous aurons termin\u00e9 les travaux\u00a0\u00bb. En ayant conscience que \u00ab\u00a0ce fut un moment parfois dur pour les gens et je remercie la patience de chacun et de chacune mais les choses sont faites\u00a0\u00bb. Les inaugurations vont ainsi s\u2019enchainer de septembre \u00e0 d\u00e9cembre. Parmi lesquelles deux nouvelles \u00e9coles d\u00e8s cette rentr\u00e9e, la cr\u00e8che Mireille Laget (12\/12), deux \u00e9picerie solidaires, la rue Bonnard bouclant l\u2019anneau v\u00e9lo (12\/09) et d\u2019autres art\u00e8res importantes pour les mobilit\u00e9s, la galerie cyclable de la place de la Com\u00e9die (27\/11), la v\u00e9loligne 10 et l\u2019avenue Charles Flahaut (18\/12), le parc Nino Ferrer (13\/09), les places Max Rouquette (20\/09), Saint-Denis (02\/10), Renaudel (27\/10), du 8 mai 1945 (10\/12), Daviler pour permettre aux bus de l\u2019emprunter (15\/12) et des Martyrs de la R\u00e9sistance (26\/11), l\u2019esplanade Charles de Gaulle (8 nov), le parvis de Rondelet (28\/11), le portail du jardin des Plantes (15\/12), l\u2019extension de la ligne 1 vers la gare Sud de France (18\/10) et bien s\u00fbr la ligne 5 (20\/12). Sans oublier d\u2019autres dossiers comme la fermeture du bidonville Jasse de Maurin (02\/09), les travaux de r\u00e9novation des r\u00e9sidences Saturne et Uranus (13\/10), le projet de restauration du Mikv\u00e9 (29\/10) ou des premi\u00e8res pierres avec la Cit\u00e9 de l\u2019Alimentation (03\/12) et deux \u00e9coles (10 et 12\/12).<\/p>\n<p>Le 20 d\u00e9cembre, un cap<\/p>\n<p class=\" wall-content\">\u00ab\u00a0Il me reste 197 jours dans mon mandat et chaque jour doit \u00eatre un jour utile pour le territoire de Montpellier et sa m\u00e9tropole\u00a0\u00bb lance Micha\u00ebl Delafosse qui entend prouver que \u00ab\u00a0les changements en cours sont utiles\u00a0\u00bb. Pour cela il se base d\u2019abord sur l\u2019indice Atmo. \u00ab\u00a03 600 personnes \u00e9taient expos\u00e9es \u00e0 la pollution en 2021, nous sommes maintenant \u00e0 800. La qualit\u00e9 de l\u2019air s\u2019am\u00e9liore\u00a0\u00bb avance-t-il. Autre chiffre, le pourcentage de fuite d\u2019eau pass\u00e9e de 23% en 2020 \u00e0 13% en 2025. Enfin, le Cerema (Centre d\u2019\u00e9tudes et d\u2019expertise sur les risques, l\u2019environnement, la mobilit\u00e9 et l\u2019am\u00e9nagement) finalise une \u00e9tude sur l\u2019impact des politiques de mobilit\u00e9s et les changements de comportements. Des r\u00e9sultats attendus pour octobre que Micha\u00ebl Delafosse annonce d\u00e9j\u00e0 \u00ab\u00a0tr\u00e8s encourageants\u00a0\u00bb. Pour autant, l\u2019\u00e9dile reconnait : \u00ab\u00a0Notre territoire a encore beaucoup de retard sur l\u2019emploi, le d\u00e9veloppement \u00e9conomique, les mobilit\u00e9s. Je ne minore pas ces sujets\u00a0\u00bb. Portant un regard de mani\u00e8re plus globale, il refuse de plonger dans le climat ambiant. \u00ab\u00a0Le temps est plus que jamais \u00e0 l\u2019action. Il y a une forme de d\u00e9litement au niveau national avec une situation pr\u00e9occupante. Quand il y a une temp\u00eate, il faut un cap et \u00e0 Montpellier vous avez un cap. La date du 20 d\u00e9cembre est clairement un cap qui annonce la r\u00e9alisation de tous les engagements formul\u00e9s devant les Montpelli\u00e9rains et Montpelli\u00e9raines\u00a0\u00bb.<\/p>\n<p>    <img decoding=\"async\" loading=\"lazy\" src=\"https:\/\/www.europesays.com\/fr\/wp-content\/uploads\/2025\/08\/michael-delafosse-rentree-montpellier-04-960x640.jpg\" alt=\"Micha\u00ebl Delafosse\" width=\"960\" height=\"640\"\/><br \/>\n    Micha\u00ebl Delafosse : \u00ab\u00a0Je revendique l\u2019action, le volontarisme et surtout l\u2019efficacit\u00e9. Dire et faire pour ne pas se perdre dans l\u2019inertie\u00a0\u00bb. (\u00a9CN \/ M\u00e9tropolitain)<\/p>\n<p class=\" wall-content\">Si ce n\u2019est un cap, il y a une \u00e9ch\u00e9ance dans toutes les t\u00eates, y compris la sienne. Mais Micha\u00ebl Delafosse prend le temps de la r\u00e9flexion en donnant sa d\u00e9cision quant \u00e0 sa candidature aux municipales en janvier. Le gouvernement en a d\u2019ailleurs annonc\u00e9 les dates : le 15 mars pour le premier tour et le 22 mars pour le deuxi\u00e8me tour. En attendant, le maire de Montpellier aura quatre mois pour couper les rubans, savourer les premi\u00e8res pierres, lancer des projets et esp\u00e9rer que les contestations s\u2019\u00e9teignent d\u2019elles-m\u00eames. Une forme de campagne en soit dans laquelle seront engag\u00e9s en parall\u00e8le les autres candidats qui ne se priveront pas de cibler le maire en attendant de le voir rentrer dans l\u2019ar\u00e8ne.<\/p>\n<p>Verbatim<\/p>\n<p class=\" wall-content\">Pendant deux heures, Micha\u00ebl Delafosse a d\u2019abord fait une pr\u00e9sentation exhaustive du calendrier des quatre prochains mois avant de r\u00e9pondre aux questions des journalistes. Situation du pays, la Gauche, la gratuit\u00e9 des transports, stades de rubgy et de foot, mus\u00e9e Nicollin et autres chauves-souris. Morceaux choisis.<\/p>\n<p>La situation du pays<\/p>\n<p class=\" wall-content\"><strong>Le d\u00e9ficit de la France<\/strong><\/p>\n<p class=\" wall-content\">\u00ab Notre pays connait un d\u00e9ficit de fonctionnement. Je suis pour la dette mais d\u2019investissement pour lancer les infrastructures qui vont contribuer \u00e0 la transition \u00e9cologique. Notre pays a un d\u00e9ficit \u00e0 cause des mauvais choix faits. Quand vous supprimez l\u2019ISF et la redevance, cela plombe le d\u00e9ficit. Et quand vous dites \u00e0 la France du travail que vous allez supprimer des jours f\u00e9ri\u00e9s, que les franchises m\u00e9dicales vont doubler, c\u2019est d\u2019une violence ! Et surtout, quel programme au moment de la dissolution voulue par Emmanuel Macron a d\u00e9fendu cela ? Il y a des gens pour qui la vie est dure et ces personnes n\u2019ont pas besoin d\u2019\u00eatre culpabilis\u00e9es \u00e0 cause du d\u00e9ficit public \u00bb.<\/p>\n<p class=\" wall-content\"><strong>Le vote de confiance<\/strong><\/p>\n<p class=\" wall-content\">\u00ab Je souhaite que la Gauche ne la vote pas et elle ne le fera pas. Le Premier ministre demande la confiance et il ne peut pas l\u2019avoir. Alors quel est le plan B ? C\u2019est que la gauche travaille \u00e0 un contre-budget. Ensuite, le pr\u00e9sident de la R\u00e9publique devra choisir un Premier ministre qui respecte le suffrage universel. Il faut \u00eatre s\u00e9rieux \u00bb.<\/p>\n<p class=\" wall-content\">\u00ab Les Socialistes avaient fait le choix, dans les discussions, de laisser des possibilit\u00e9s \u00e0 Fran\u00e7ois Bayrou et on se rend compte que les engagements qu\u2019il avait pris, il ne les a pas ou peu honor\u00e9s. Et maintenant il demande aux Socialistes d\u2019\u00eatre responsables mais qui n\u2019a pas \u00e9t\u00e9 responsable ? On nous dit que l\u2019on va refaire une n\u00e9gociation sur l\u2019assurance ch\u00f4mage donc on va encore taper sur les ch\u00f4meurs ? C\u2019est la quatri\u00e8me fois, ce n\u2019est pas s\u00e9rieux. L\u2019\u00c9tat s\u2019appr\u00eate \u00e0 me supprimer le soutien au dispositif Territoire Z\u00e9ro Ch\u00f4meur. Je suis en col\u00e8re car c\u2019est quelque chose qui marche qui permet \u00e0 des personnes de retrouver un chemin de l\u2019emploi et de la dignit\u00e9 \u00bb.<\/p>\n<p class=\" wall-content\"><strong>Sur une \u00e9ventuelle dissolution<\/strong><\/p>\n<p class=\" wall-content\">\u00ab Il faudrait d\u00e9j\u00e0 que l\u2019on m\u2019explique pourquoi on a dissous la derni\u00e8re fois. La d\u00e9cision appartient au pr\u00e9sident de la R\u00e9publique m\u00eame si j\u2019ai vu que Jordan Bardella demandait une dissolution. Je pense le pr\u00e9sident de la R\u00e9publique doit s\u2019adresser \u00e0 la force politique qui a le plus grand nombre de d\u00e9put\u00e9s pour nommer un Premier ministre comme le fait le roi d\u2019Angleterre, le pr\u00e9sident de l\u2019Italie et celui de l\u2019Allemagne. On doit respecter le Parlement et demander \u00e0 cette force de proposer un gouvernement et ensuite on voit avec le vote si cela passe ou pas. C\u2019est justement ce que personne n\u2019a compris lors de la pr\u00e9c\u00e9dente dissolution. Je souhaite que le pays soit gouvern\u00e9 et une dissolution n\u2019est pas la meilleure r\u00e9ponse \u00e0 nos probl\u00e8mes. On ne peut pas \u00eatre dans le d\u00e9ni. Qui gouverne depuis sept ans ? Le d\u00e9ficit est l\u00e0. Quelle efficacit\u00e9 \u00e9conomique pour la suppression de la redevance, du Pinel, de la taxe d\u2019habitation et de l\u2019ISF ? Les in\u00e9galit\u00e9s ont augment\u00e9 et les gens les plus ais\u00e9s sont devenus plus ais\u00e9s, il y a un truc qui ne va pas. C\u2019est vrai que cela va \u00eatre long jusqu\u2019\u00e0 l\u2019\u00e9lection pr\u00e9sidentielle \u00bb.<\/p>\n<p class=\" wall-content\"><strong>Sur le mouvement du 10 septembre<\/strong><\/p>\n<p class=\" wall-content\">\u00ab Notre d\u00e9mocratie sociale a \u00e9t\u00e9 sacr\u00e9ment abim\u00e9e par Emmanuel Macron. Sophie Binet (CGT) et Marylise L\u00e9on (CFDT) appellent \u00e0 une intersyndicale pour travailler et organiser la mobilisation. Je m\u2019inscris en disponibilit\u00e9 et en soutien de cette d\u00e9marche. Qu\u2019il y ait des expressions de col\u00e8re dans le pays, je ne peux que le comprendre mais il est de la responsabilit\u00e9 des formations politiques et des organisations syndicales de formuler des contre-propositions. Je salue les Socialistes comme le d\u00e9put\u00e9 Philippe Brun qui travaille \u00e0 un contre-budget. Il ne s\u2019agit pas de dire que l\u2019on n\u2019est pas d\u2019accord, il faut proposer un autre chemin. Le but est que le pays soit gouvern\u00e9 et aujourd\u2019hui il doit l\u2019\u00eatre diff\u00e9remment \u00bb.<\/p>\n<p>La Gauche<\/p>\n<p class=\" wall-content\"><strong>Sur le Nouveau Front Populaire<\/strong><\/p>\n<p class=\" wall-content\">\u00ab J\u2019ai soutenu le Nouveau Front Populaire car il y avait la menace de l\u2019extr\u00eame droite. Je suis tr\u00e8s attach\u00e9 au rassemblement de la gauche mais en fid\u00e9lit\u00e9 avec les valeurs de la gauche. D\u2019ailleurs, je conduis une majorit\u00e9 de rassemblement de la gauche et des \u00e9cologistes qui n\u2019est pas que de mon fait, c\u2019est le fait de nombreux compromis politiques et de discussions. On a fait ensemble et on s\u2019est enrichis mutuellement. Aujourd\u2019hui, il y a la volont\u00e9 d\u2019une primaire pour oeuvrer au rassemblement de la gauche et j\u2019appuie ce processus pour permettre une qualification de la gauche au second tour. Apr\u00e8s, il y a une force politique qui ici a pr\u00e9f\u00e9r\u00e9 faire alliance avec monsieur Altrad au second tour, qui a contest\u00e9 la gratuit\u00e9 des transports, qui demande de d\u00e9sarmer la police et de couper les cam\u00e9ras de vid\u00e9oprotection\u2026 or, pour moi, tout cela est non n\u00e9gociable. Plus on arrivera \u00e0 cr\u00e9er du rassemblement \u00e0 gauche, plus on cr\u00e9era une force d\u2019entrainement \u00bb.<\/p>\n<p class=\" wall-content\"><strong>Pas assez \u00e0 gauche ?<\/strong><\/p>\n<p class=\" wall-content\">\u00ab Il y a toujours eu des gens qui ont fait des proc\u00e8s en gauche. Je connais \u00e7a depuis que j\u2019ai commenc\u00e9 \u00e0 militer. On est jamais assez \u00e0 gauche. Quand on regarde ce qui se fait dans les territoires, Montpellier incarne le plus la radicalit\u00e9 transformatrice. La gratuit\u00e9 des transports est une table renvers\u00e9e, le service public de l\u2019eau pour la distribution et l\u2019assainissement, notre politique alimentaire, l\u2019\u00e9cologie dont on me reproche d\u2019en faire trop\u2026 Je ne vais pas faire ici l\u2019histoire du L\u00e9ninisme mais il y avait d\u00e9j\u00e0 le proc\u00e8s du bloc des droitiers par les staliniens dans les ann\u00e9es 30. Il y aura toujours des gens pour dire que l\u2019on n\u2019est pas assez \u00e0 gauche. Certains souhaitent la d\u00e9faite de la gauche pour esp\u00e9rer mieux prosp\u00e9rer, c\u2019est un pari qui m\u00e8ne au chaos \u00bb.<\/p>\n<p class=\" wall-content\"><strong>Sur l\u2019\u00e9cologie<\/strong><\/p>\n<p class=\" wall-content\">\u00ab\u00a0Je suis \u00e9cologiste, profond\u00e9ment \u00e9cologiste. Je circule \u00e0 v\u00e9lo, je fais passer toutes les voitures de la mairie \u00e0 l\u2019\u00e9lectrique, je demande \u00e0 ce que l\u2019on fasse des efforts\u2026 Ce qui fait du mal \u00e0 l\u2019\u00e9cologie c\u2019est quand elle commence \u00e0 faire la le\u00e7on aux gens parce qu\u2019ils se comportent mal. J\u2019invite la gauche \u00e0 faire attention \u00e0 cela. Il ne faut pas m\u00e9priser les gens, il faut les respecter. \u00c0 travers plusieurs mesures, j\u2019essaie d\u2019aider les gens \u00e0 avoir des choix dans leur mode de consommation\u00a0\u00bb.\u00a0<\/p>\n<p class=\" wall-content\"><strong>Sur la s\u00e9curit\u00e9<\/strong><\/p>\n<p class=\" wall-content\">\u00ab Je suis un maire de gauche tr\u00e8s investi dans la s\u00e9curit\u00e9. Nous avons cr\u00e9\u00e9 la plus grande police m\u00e9tropolitaine des transports de France avec 42 agents, nous allons pr\u00e9senter 50 nouveaux policiers municipaux d\u2019ici la fin de l\u2019ann\u00e9e, nous avons la brigade du GSRI dans le logement social, nous allons raser en d\u00e9cembre dix garages de blanchiment d\u2019\u00e9picerie rue de las Sorbes, nous sommes pass\u00e9s de 300 \u00e0 800 cam\u00e9ras et la coop\u00e9ration qui est \u00e0 l\u2019oeuvre entre la municipalit\u00e9 et les responsables de la s\u00e9curit\u00e9 est salu\u00e9e partout en France comme un mod\u00e8le. Je n\u2019ai pas attendu la loi narcotrafic pour expulser les dealers des logements sociaux. On ne l\u00e2che rien. La question de s\u00e9curit\u00e9 est majeure. Il y a ceux qui sont dans le d\u00e9ni et ceux qui sont dans l\u2019action, il y a ceux qui commentent et instrumentalisent la d\u00e9tresse des victimes et ceux qui s\u2019efforcent d\u2019apporter justice aux victimes. Le conseil municipal de Montpellier a \u00e9galement financ\u00e9 deux commissariats de la police nationale : un \u00e0 la Mosson pour travailler \u00e0 la coordination avec la police municipale et celui devant la gare. Quand vous voyiez les conditions de travail de nos policiers nationaux, elles \u00e9taient indignes. D\u2019ailleurs j\u2019ai \u00e9t\u00e9 chaleureusement remerci\u00e9 par le pr\u00e9fet, les policiers\u2026 Ici, nous avons le record absolu des fermetures administratives des \u00e9piceries de nuit qui sont des vitrines, pas toutes comme c\u2019est le cas de monsieur Letaief qui est un historique, pour le narcotrafic. On assume la lutte contre les marchands de sommeil et ceux de Font del Rey ont \u00e9t\u00e9 condamn\u00e9s. Aujourd\u2019hui, la justice n\u2019est pas suffisamment dot\u00e9e pour lutter contre les marchands de sommeil, c\u2019est pourquoi j\u2019appelle le Parquet \u00e0 y consacrer plus de moyens. On ne l\u00e2che rien sur la s\u00e9curit\u00e9 mais il y a un sujet global dans le pays. Comment se fait-il que des mineurs de moins de 16 ans ne soient pas scolaris\u00e9s ? J\u2019ai les pouvoirs du maire mais il y a l\u00e0 un sujet national. Si certains on pouvait leur faire reprendre les bancs de l\u2019\u00e9cole ce serait bien, d\u2019autres les bancs de l\u2019insertion et pour d\u2019autres c\u2019est l\u2019encadrement militaire. On ne peut pas laisser des jeunes en situation de d\u00e9sh\u00e9rence ou de condamnation sans avoir la moindre r\u00e9ponse. Toutes les villes et tous les maires sont confront\u00e9s \u00e0 cela. C\u2019est dur mais on vit une soci\u00e9t\u00e9 o\u00f9 ces questions l\u00e0 ont pris une certaine dimension mais je ne l\u00e2cherai rien sur les questions de s\u00e9curit\u00e9. Il faut par ailleurs un grand plan sur la sant\u00e9 mentale. La question de la psychiatrie est fondamentale. Des gens en tr\u00e8s grande vuln\u00e9rabilit\u00e9 passent du CHU \u00e0 la cellule de d\u00e9grisement. Il y a un manque de moyens consid\u00e9rable. Sans \u00e9voquer la surpopulation et les conditions de d\u00e9tention comme \u00e0 la prison de Villeneuve-l\u00e8s-Maguelone dont la directrice est formidable. Il y a de nombreux sujets, c\u2019est pourquoi il faut mettre plus d\u2019\u00e9nergie \u00e0 r\u00e9soudre les probl\u00e8mes et trouver des solutions plut\u00f4t que dans des pol\u00e9miques st\u00e9riles. Les transformations urbaines comme \u00e0 la Mosson participent \u00e0 cela. Je suis d\u2019ailleurs tr\u00e8s frapp\u00e9 de voir l\u2019extr\u00eame droite instrumentaliser tout cela alors que dans les villes qu\u2019ils g\u00e8rent ce n\u2019est pas mieux \u00bb.<\/p>\n<p>    <img decoding=\"async\" loading=\"lazy\" src=\"https:\/\/www.europesays.com\/fr\/wp-content\/uploads\/2025\/08\/michael-delafosse-rentree-montpellier-960x640.jpg\" alt=\"Micha\u00ebl Delafosse\" width=\"960\" height=\"640\"\/><br \/>\n    Micha\u00ebl Delafosse donnera sa d\u00e9cision de se repr\u00e9senter en janvier. (\u00a9CN \/ M\u00e9tropolitain)Vers un deuxi\u00e8me mandat ?<\/p>\n<p class=\" wall-content\"><strong>Sur sa candidature<\/strong><\/p>\n<p class=\" wall-content\">\u00ab Bien s\u00fbr que l\u2019action que je conduis est dans ce mandat mais elle projette la m\u00e9tropole dans le long terme. D\u2019ailleurs, le conseil du 16 juillet a \u00e9t\u00e9 un conseil important pour le territoire en r\u00e9glant trois probl\u00e8mes structurants : depuis 30 ans le dossier du COM \u00e9tait dans l\u2019impasse, les d\u00e9chets \u00e9taient une arl\u00e9sienne et le PLUI apporte une vision du territoire pour les vingt prochaines ann\u00e9es. J\u2019ai un temps qui est le temps des promesses, qui sont honor\u00e9es, et j\u2019ai un temps personnel. J\u2019essaye de tenir cette coh\u00e9rence sur un triptyque qui est ma famille, mon travail et mon engagement depuis toujours. Vendredi je ferai ma rentr\u00e9e de professeur et samedi je serai \u00e0 Blois pour les universit\u00e9 d\u2019\u00e9t\u00e9 du PS. Ma famille paye ch\u00e8re ce que je fais et je suis tr\u00e8s attentif \u00e0 cet \u00e9quilibre. Je prendrai du temps personnel en d\u00e9cembre pour savoir ce que je fais. Mon \u00e9quipe et la majorit\u00e9 de gauche et \u00e9cologiste travaille d\u00e9j\u00e0 aux id\u00e9es pour penser Montpellier. J\u2019aurai une d\u00e9cision personnelle \u00e0 prendre pour y retourner et pourquoi faire. Je m\u2019exprimerai d\u00e9but janvier. J\u2019ai tellement vu de gens faire le mandat de trop et ne vivre que pour \u00e7a. Si je ne suis plus maire, je retourne dans une salle de classe \u00e0 plein temps et je ne serai pas d\u00e9pays\u00e9 parce que j\u2019y suis toujours dans une salle de classe \u00bb.<\/p>\n<p class=\" wall-content\"><strong>Sur le calendrier judiciaire<\/strong><\/p>\n<p class=\" wall-content\">\u00ab Le SRPJ est venu sur deux sujets : le rapport de la CRC pointant 300 emplois et l\u2019action men\u00e9e par monsieur Bozonnet pour r\u00e9gler le probl\u00e8me du bidonville de Celleneuve. Je ne connais pas le calendrier judiciaire. Chaque fois que la cour des comptes nous a fait une prescription nous l\u2019avons mise en oeuvre. Si on doit r\u00e9pondre de choses, on r\u00e9pondra de choses comme on r\u00e9pond toujours. Mais c\u2019est vrai qu\u2019aujourd\u2019hui c\u2019est un nouveau ph\u00e9nom\u00e8ne que cette judiciarisation tr\u00e8s forte de l\u2019action politique. Des fois on me dit que je devrais porter plainte parce que je me fais insulter mais je ne veux pas encombrer les tribunaux parce que la priorit\u00e9 c\u2019est la lutte contre le narcotrafic. Dans les conseils, tous les \u00e9lus doivent faire attention au moment des votes. J\u2019ai mis en place un conseil de d\u00e9ontologie pour les accompagner dans le vote du PLUI. Tout nous expose. Je ne peux pas en dire plus mais ce que je ne souhaite pas c\u2019est qu\u2019il y ait une instrumentalisation. Tous les ans nous pr\u00e9sentons les bilans des rapports de la Cour des Comptes sur ce que l\u2019on met en oeuvre mais il y a des sujets qui sont d\u2019interpr\u00e9tation. C\u2019est comme \u00e7a maintenant et c\u2019est d\u2019ailleurs un sujet \u00e0 cause duquel des maires arr\u00eatent. \u00c0 l\u2019Association des Maires de France, nous demandons \u00e0 clarifier des lois comme sur le conflit d\u2019int\u00e9r\u00eat. Si je vote une subvention pour un club dans lequel est mon fils, je suis en conflit d\u2019int\u00e9r\u00eat et on peut judiciariser. C\u2019est d\u2019ailleurs ce qui est arriv\u00e9 \u00e0 Madame Jannin. Si je dois m\u2019expliquer, je m\u2019expliquerai sur tous mes choix, je ne me cacherai pas. Apr\u00e8s, ce qui est fondamental c\u2019est la lutte pour la probit\u00e9 des \u00e9lus \u00bb.<\/p>\n<p>La gratuit\u00e9 des transports<\/p>\n<p class=\" wall-content\"><strong>Une mesure \u00e0 d\u00e9fendre<br \/><\/strong><\/p>\n<p class=\" wall-content\">\u00ab La gratuit\u00e9 des transports est une mesure tr\u00e8s contest\u00e9e. Ce que je constate c\u2019est que plein de Montpelli\u00e9rains me disent \u00ab\u00a0tenez bon\u00a0\u00bb, \u00ab\u00a0vous faites du bien \u00e0 notre pouvoir d\u2019achat\u00a0\u00bb. Je disais dimanche \u00e0 un responsable d\u2019un parti politique que cela devrait \u00eatre dans le programme des municipales partout en France. Elle fait du bien socialement mais elle accompagne aussi de mani\u00e8re positive les changements de comportement. Ici, la gratuit\u00e9 sera attaqu\u00e9e pendant les municipales mais moi ou l\u2019\u00e9quipe de gauche qui oeuvrera on va la d\u00e9fendre. D\u2019ailleurs, partout en France, plein de candidats en parlent et m\u2019appellent pour leur expliquer. Nous avons re\u00e7u des dizaines d\u2019\u00e9lus. C\u2019est une grande mesure qui change les choses \u00bb.<\/p>\n<p class=\" wall-content\"><strong>Vers la gratuit\u00e9 totale des transports en commun ?<br \/><\/strong><\/p>\n<p class=\" wall-content\">\u00ab\u00a0La gratuit\u00e9 c\u2019est 27% en plus de fr\u00e9quentation. La gratuit\u00e9 c\u2019est la mesure la plus puissante pour le pouvoir d\u2019achat et l\u2019\u00e9cologie. R\u00e9trospectivement je me dis \u00ab\u00a0Yes we can\u00a0\u00bb. Alors la gratuit\u00e9 est critiqu\u00e9e mais je vois tellement de r\u00e9seaux payants qui fonctionnent moins bien que le n\u00f4tre. D\u2019autres communes, comme c\u2019est le cas de Montarnaud, peuvent nous rejoindre. Mais je le dis avec beaucoup de clart\u00e9, ce n\u2019est pas choquant que les personnes qui viennent de l\u2019ext\u00e9rieur et ne contribuent pas fiscalement sur le territoire, participent au financement du voyage. On va am\u00e9liorer un peu le syst\u00e8me car il y a eu de petits d\u00e9sagr\u00e9ments mais les gens comprennent. Je ne suis pas pour une gratuit\u00e9 totale car ceux qui contribuent fiscalement doivent pouvoir b\u00e9n\u00e9ficier de la redistribution. Ce n\u2019est pas absurde\u00a0\u00bb.<\/p>\n<p class=\" wall-content\"><strong>Pourquoi faire une campagne de pub \u00e0 Paris pour la gratuit\u00e9 ?<br \/><\/strong><\/p>\n<p class=\" wall-content\">\u00ab Je dis souvent que les forces qui travaillent le monde c\u2019est le d\u00e9nigrement et le repli. Moi je suis le maire de Montpellier et Montpellier ce n\u2019est pas rien, c\u2019est une ville qui va de l\u2019avant, qui a \u00e9t\u00e9 pionni\u00e8re dans plein de domaines. Quand on est \u00e0 Paris, la gratuit\u00e9 des transports cela veut dire cela, que l\u2019on prend des risques, que l\u2019on fait des choix. On vient dire qui nous sommes. Nous \u00e9tions 15 000 sur la place de la Com\u00e9die pour le lancement de la gratuit\u00e9 parce que les Montpelli\u00e9rains se sont dits que nous \u00e9tions en train de faire un truc incroyable. Nous devons dire qui on est, que nous ne sommes pas dans le d\u00e9nigrement mais dans l\u2019action. Il y a une crise \u00e9cologique, on fait la gratuit\u00e9 des transports. Le premier acte du pr\u00e9sident Trump a \u00e9t\u00e9 de d\u00e9noncer les accords de Paris, moi, ailleurs, je dis que nous sommes une ville qui fait des choix et c\u2019est important de le dire. Et des gens se disent que ce serait bien que, dans leur ville, on fasse comme \u00e0 Montpellier. Tout n\u2019est pas parfait \u00e0 Montpellier, il y a plein de choses \u00e0 faire encore, mais on est fiers d\u2019\u00eatre \u00e0 Montpellier. Nous devons porter un message positif de capacit\u00e9 \u00e0 faire. Il ne faut rien l\u00e2cher, nous sommes Montpellier, nous avons une culture du projet. Comme le dit Edgar Morin, tout ce qui ne se r\u00e9g\u00e9n\u00e8re pas, d\u00e9g\u00e9n\u00e8re \u00bb.<\/p>\n<p class=\" wall-content\"><strong>Une mesure applicable partout ?<\/strong><\/p>\n<p class=\" wall-content\">\u00ab Notre dynamique a \u00e9t\u00e9 celle du versement mobilit\u00e9 qui a apport\u00e9 plus 21% en recettes et a financ\u00e9 la gratuit\u00e9 des transports qui s\u2019\u00e9l\u00e8ve aux alentours de 30M\u20ac. C\u2019est pourquoi nous l\u2019avons fait par \u00e9tape. \u00c0 Dunkerque, Patrice Vergriete perdait 1 000 habitants par an donc de la recette fiscale. En faisant le pari de la gratuit\u00e9, il a chang\u00e9 l\u2019image de sa ville et il retrouve des habitants et de la dynamique fiscale. Des territoires richissimes comme Lyon ou Paris pourraient s\u2019engager dans ce choix. Gouverner c\u2019est choisir. La noblesse de la politique c\u2019est de faire des choix. On me questionne sur le co\u00fbt de la gratuit mais personne n\u2019interroge sur le co\u00fbt d\u2019entretien des routes qui elles aussi sont gratuites. D\u2019ailleurs, si on en a parl\u00e9 \u00e0 Paris, c\u2019est qu\u2019une des priorit\u00e9s du territoire est de cr\u00e9er des espaces pour les entreprises car beaucoup cherchent des territoires qui ont du sens pour leurs collaborateurs. \u00c0 Montpellier, vous \u00eates dans un territoire engag\u00e9 qui vous permet de participer \u00e0 ces transitions et c\u2019est aussi un \u00e9l\u00e9ment de rayonnement et d\u2019attractivit\u00e9 \u00bb.<\/p>\n<p>MHR et MHSC<\/p>\n<p class=\" wall-content\"><strong>Sur le stade de rugby<\/strong><\/p>\n<p class=\" wall-content\">\u00ab C\u2019est d\u2019abord un tr\u00e8s beau stade qui sera bient\u00f4t desservi par la ligne 5 ce qui d\u2019ailleurs cr\u00e9era une valorisation fonci\u00e8re pour lesquels nous prenons des mesures anti-sp\u00e9culation. Nous avons refait la pelouse ce qui nous a co\u00fbt\u00e9 500 000\u20ac. Il y a le club occupant qui a des responsabilit\u00e9s comme tout locataire. C\u2019est ce que nous avons rappel\u00e9. S\u2019il y a un probl\u00e8me, on peut nous \u00e9crire et discuter. L\u00e0, on a eu droit \u00e0 une vid\u00e9o qui a fait l\u2019objet d\u2019une instrumentalisation. Je souhaite de tr\u00e8s bons r\u00e9sultats au MHR qui re\u00e7oit 1,8M\u20ac d\u2019argent public de la M\u00e9tropole. Ce club appartient aux Montpelli\u00e9rains et merci \u00e0 ceux qui le dirigent de continuer \u00e0 le porter. J\u2019ai vu que pour tous mes pr\u00e9d\u00e9cesseurs cela a \u00e9t\u00e9 dur un an avant des \u00e9ch\u00e9ances. Je ne vais pas pol\u00e9miquer \u00bb.<\/p>\n<p class=\" wall-content\"><strong>Sur le projet de stade de foot et de mus\u00e9e<\/strong><\/p>\n<p class=\" wall-content\">\u00ab Laurent Nicollin voulait financer son stade. La situation a \u00e9t\u00e9 tr\u00e8s difficile et le MHSC a v\u00e9cu une ann\u00e9e tr\u00e8s dure. Aujourd\u2019hui, tout est fait pour continuer cette grande aventure. Nous allons faire deux choses. D\u2019abord, nous avons commenc\u00e9 \u00e0 travailler sur le projet de mus\u00e9e qui \u00e9tait une composante du stade et pour laquelle j\u2019avais dit \u00eatre pr\u00eat \u00e0 ce qu\u2019il y ait un financement public. Le sujet avance bien et nous aurons l\u2019occasion d\u2019en parler. Le lieu est trouv\u00e9. Ensuite, nous parlerons avec Laurent, \u00e0 l\u2019occasion de la photo officielle, du projet de stade. Un stade c\u2019est 250-300M\u20ac. La question est de savoir si on finance un stade public donc il faudra l\u2019\u00e9crire dans un programme \u00e9lectoral car si on finance un stade, on ne finance que \u00e7a. Ou est-ce qu\u2019on accompagne un projet priv\u00e9 ? J\u2019ai travaill\u00e9 \u00e0 cela et nous \u00e9tions pr\u00e9sents pour financer le mus\u00e9e et les am\u00e9nagements de voirie. C\u2019\u00e9tait un mod\u00e8le comme celui fait par Jean-Michel Aulas \u00e0 Lyon. Je ne change pas de position. Notre stade actuel est \u00e0 la Mosson o\u00f9 nous engageons des r\u00e9novations importantes et pour l\u2019instant c\u2019est l\u00e0 que les choses se passent. Pour le futur stade, j\u2019avais propos\u00e9 un lieu qui \u00e9tait \u00e0 la place de Shopping Promenade, il y a eu ensuite une deuxi\u00e8me discussion pour le parc des Expos en lien avec la R\u00e9gion. Quant au financement, Laurent Nicollin avait tout boucl\u00e9 et la Banque des Territoires s\u2019est d\u00e9jug\u00e9e en promettant un pr\u00eat de 115M\u20ac \u00e0 15M\u20ac. La Banque a plant\u00e9 ce projet puis le co\u00fbt des travaux a explos\u00e9 avec l\u2019inflation. Quand on est un investisseur priv\u00e9, c\u2019est normal alors de se poser des questions et avec la saison qu\u2019a v\u00e9cu Laurent, il avait la t\u00eate ailleurs \u00bb.<\/p>\n<p>\u00c9conomie<\/p>\n<p class=\" wall-content\"><strong>Qui apr\u00e8s la clinique Cl\u00e9mentville \u00e0 la Mosson ?<\/strong><\/p>\n<p class=\" wall-content\">\u00ab Cela n\u2019a pas \u00e9t\u00e9 la meilleure nouvelle de la fin de l\u2019ann\u00e9e scolaire mais je n\u2019ai pas dit mon dernier mot. La r\u00e9signation n\u2019est pas dans mon registre de sentiments. Cet \u00e9t\u00e9, je n\u2019ai pas pris v\u00e9ritablement de vacances, je me suis occup\u00e9 entre autres de ce dossier et d\u2019ici quelques semaines nous auront une r\u00e9ponse et d\u00e9j\u00e0 les groupes de travail sont en place. On tente des choses et on aimerait que \u00e7a marche mais des gens refusent, dont acte. Je ne ferai pas offense aux pharmaciens et aux m\u00e9decins qui sont encore \u00e0 la Mosson mais aujourd\u2019hui il y a un probl\u00e8me d\u2019acc\u00e8s aux soins. M\u00eame dans la ville de la m\u00e9decine c\u2019est difficile. Nous travaillons sur un autre projet. Je veux r\u00e9\u00e9quilibrer ce quartier, c\u2019est ma promesse. J\u2019ai pris des d\u00e9cisions qui ont \u00e9t\u00e9 peu comment\u00e9es mais qui \u00e0 mon sens sont importantes. Toutes les personnes qui travaillent sur le projet de r\u00e9novation sont \u00e0 la Mosson, le si\u00e8ge d\u2019Altemed va s\u2019y implanter et Fran\u00e7ois Bayrou est venu annoncer que le Centre des Imp\u00f4ts s\u2019y implante \u00e9galement. Ensuite, tous les matins, on p\u00eache pour essayer de faire venir des entreprises. Ce qui \u00e9tait int\u00e9ressant avec la clinique c\u2019est qu\u2019un acteur priv\u00e9 est venu jouer le jeu. Pour des raisons qui leur appartient ils ont finalement d\u00e9clin\u00e9, je le regrette mais ne leur en tiens pas rigueur. Cela arrive, c\u2019est la vie des projets. Tous les jours, j\u2019essaye de convaincre les gens d\u2019implanter leur entreprise \u00e0 la Mosson. On va essuyer des refus et on aura des succ\u00e8s. La clinique ne vient pas, je travaille sur un autre projet, qui ne sera pas forc\u00e9ment un \u00e9tablissement de sant\u00e9 \u00bb.<\/p>\n<p class=\" wall-content\"><strong>Sur l\u2019installation de Primark<\/strong><\/p>\n<p class=\" wall-content\">\u00ab Primark a recrut\u00e9 200 personnes dont 97% sont des jeunes de Montpellier. Je me battrai mordicus pour l\u2019emploi donc cela fait du bien. La fast fashion existe et on ne va pas \u00eatre hypocrite, on a tous des comportements\u2026 Je ne vais pas me mettre \u00e0 culpabiliser des familles qui ont des difficult\u00e9s et qui essayent d\u2019habiller correctement leurs enfants. Shein et Temu, c\u2019est un autre sujet car ce sont des mod\u00e8les mais il ne faut pas m\u00e9priser les gens. Ce sont aux lois nationales et europ\u00e9ennes de travailler sur le textile \u00bb.<\/p>\n<p class=\" wall-content\"><strong>Sur le SERM<\/strong><\/p>\n<p class=\" wall-content\">\u00ab\u00a0Nous avons fait la part du travail sur le r\u00e9seau intramuros de Montpellier. Avec la Ligne 5, nous aurons le meilleur ratio de rails par habitant, 85% de la population sera \u00e0 proximit\u00e9 d\u2019une offre de transport en commun. Le boulot se joue maintenant \u00e0 l\u2019ext\u00e9rieur de la ville et avec la r\u00e9alisation de la LGV qui nous permettra de faire le cadencement des TER vers Villeneuve-les-Maguelone, Vic-la-Gardiole et S\u00e8te pour avoir le m\u00eame r\u00e9seau que celui de Baillargues dont le p\u00f4le d\u2019\u00e9change multimodale fonctionne tr\u00e8s bien. J\u2019ai \u00e9crit \u00e0 Carole Delga pour financer le SERM de Montpellier car aujourd\u2019hui nous devons d\u00e9velopper l\u2019offre de transport en commun au-del\u00e0 de la m\u00e9tropole\u00a0\u00bb.<\/p>\n<p>Pol\u00e9mique des chauves-souris<\/p>\n<p class=\" wall-content\"><strong>Sur les chauves-souris euthanasi\u00e9es<\/strong><\/p>\n<p class=\" wall-content\">\u00ab L\u2019\u00e9quipe du zoo a men\u00e9 un travail important pour essayer de confier \u00e0 d\u2019autres zoos les chauves-souris. Certains me disent qu\u2019il fallait les rel\u00e2cher parce que cela lutte contre les moustiques mais vous avez vu le flux de virus, il y avait un vrai sujet de sant\u00e9 publique. Pour l\u2019\u00e9quipe du zoo ce n\u2019est pas simple mais ce sont des professionnels et la question sanitaire est une question majeure. C\u2019est cela qui a prim\u00e9 apr\u00e8s avoir essay\u00e9 toutes les solutions possibles. Ce n\u2019est jamais dr\u00f4le de prendre ce genre de d\u00e9cisions et je soutiens les \u00e9quipes du zoo dont la directrice Marine Baconnais est formidable. Et je sais ce que cela repr\u00e9sente pour elle, ce n\u2019est jamais de gaiet\u00e9 de coeur \u00bb.<\/p>\n<p class=\" wall-content\"><strong>Sur Eddine Arriztegui<\/strong><\/p>\n<p class=\" wall-content\">\u00ab Eddine Arriztegui est un \u00e9lu tr\u00e8s engag\u00e9 sur la cause animale qui a fait faire beaucoup de progr\u00e8s \u00e0 la Ville de Montpellier. Eddine est co-pr\u00e9sident du Parti Animaliste, il a des convictions tr\u00e8s fortes, chacun de nous avons les n\u00f4tres et il m\u2019a fait \u00e9voluer sur des sujets. Nous avons une appr\u00e9ciation diff\u00e9rente sur ce dossier et donc il s\u2019en \u00e9meut, ce que je peux comprendre. Il a fait un recours, bon\u2026 Eddine a fait boug\u00e9 beaucoup de choses sur une question que nous ne nous posions pas collectivement, il a fait boug\u00e9 les lignes. L\u2019h\u00f4pital de la faune sauvage est un projet tr\u00e8s important par exemple \u00bb.<\/p>\n<p class=\" wall-content\"><strong>Sur la fermeture de la serre amazonienne<br \/><\/strong><\/p>\n<p class=\" wall-content\">\u00ab\u00a0Il y a visiblement des nostalgiques du gaspillage d\u2019argent public. Il y a des malfa\u00e7ons d\u2019origine, cela arrive, je ne vais pas pol\u00e9miquer. La serre a un budget \u00e9nergie qui nous co\u00fbte 400 000\u20ac pour la maintenir. Il faut savoir faire les choses ailleurs. C\u2019est anachronique comme type de projet et ce n\u2019est pas une mission de service public. Soit on \u00e9tait dans une position \u00e0 d\u00e9penser des dizaines de millions d\u2019euros pour la transformer et garder un co\u00fbt de fonctionnement tr\u00e8s \u00e9lev\u00e9, soit on faisait des \u00e9conomies, que j\u2019assume, et on lancera un appel \u00e0 manifestation d\u2019int\u00e9r\u00eat pour la structure afin de voir ce que l\u2019on peut faire dans le cadre du projet du Grand Lunaret\u00a0\u00bb.<\/p>\n<p class=\" wall-content\">Personnalisez votre actualit\u00e9 en ajoutant vos villes et m\u00e9dias en favori avec <a href=\"https:\/\/moncompte.actu.fr\" title=\"D\u00e9couvez Mon Actu\" rel=\"nofollow noopener\" data-trk=\"{&quot;cta&quot;:{&quot;action&quot;:&quot;https:\\\/\\\/moncompte.actu.fr&quot;,&quot;category&quot;:&quot;mon compte&quot;,&quot;from&quot;:&quot;article footer&quot;,&quot;name&quot;:&quot;Mon actu&quot;,&quot;type&quot;:&quot;cta&quot;}}\" target=\"_blank\">Mon Actu<\/a>.<\/p>\n","protected":false},"excerpt":{"rendered":"Par C\u00e9dric Nithard Publi\u00e9 le 28 ao\u00fbt 2025 \u00e0 9h20 Depuis son arriv\u00e9e au bureau du 8e \u00e9tage&hellip;\n","protected":false},"author":2,"featured_media":350095,"comment_status":"","ping_status":"","sticky":false,"template":"","format":"standard","meta":{"footnotes":""},"categories":[9599],"tags":[1111,11,1777,674,1011,27,2208,12,2680,316,25],"class_list":{"0":"post-350094","1":"post","2":"type-post","3":"status-publish","4":"format-standard","5":"has-post-thumbnail","7":"category-montpellier","8":"tag-actu","9":"tag-actualites","10":"tag-eu","11":"tag-europe","12":"tag-fr","13":"tag-france","14":"tag-montpellier","15":"tag-news","16":"tag-occitanie","17":"tag-politique","18":"tag-republique-francaise"},"share_on_mastodon":{"url":"https:\/\/pubeurope.com\/@fr\/115106623533597855","error":""},"_links":{"self":[{"href":"https:\/\/www.europesays.com\/fr\/wp-json\/wp\/v2\/posts\/350094","targetHints":{"allow":["GET"]}}],"collection":[{"href":"https:\/\/www.europesays.com\/fr\/wp-json\/wp\/v2\/posts"}],"about":[{"href":"https:\/\/www.europesays.com\/fr\/wp-json\/wp\/v2\/types\/post"}],"author":[{"embeddable":true,"href":"https:\/\/www.europesays.com\/fr\/wp-json\/wp\/v2\/users\/2"}],"replies":[{"embeddable":true,"href":"https:\/\/www.europesays.com\/fr\/wp-json\/wp\/v2\/comments?post=350094"}],"version-history":[{"count":0,"href":"https:\/\/www.europesays.com\/fr\/wp-json\/wp\/v2\/posts\/350094\/revisions"}],"wp:featuredmedia":[{"embeddable":true,"href":"https:\/\/www.europesays.com\/fr\/wp-json\/wp\/v2\/media\/350095"}],"wp:attachment":[{"href":"https:\/\/www.europesays.com\/fr\/wp-json\/wp\/v2\/media?parent=350094"}],"wp:term":[{"taxonomy":"category","embeddable":true,"href":"https:\/\/www.europesays.com\/fr\/wp-json\/wp\/v2\/categories?post=350094"},{"taxonomy":"post_tag","embeddable":true,"href":"https:\/\/www.europesays.com\/fr\/wp-json\/wp\/v2\/tags?post=350094"}],"curies":[{"name":"wp","href":"https:\/\/api.w.org\/{rel}","templated":true}]}}