{"id":350114,"date":"2025-08-28T13:43:18","date_gmt":"2025-08-28T13:43:18","guid":{"rendered":"https:\/\/www.europesays.com\/fr\/350114\/"},"modified":"2025-08-28T13:43:18","modified_gmt":"2025-08-28T13:43:18","slug":"un-homme-blesse-par-balle-dans-le-16e-arrondissement","status":"publish","type":"post","link":"https:\/\/www.europesays.com\/fr\/350114\/","title":{"rendered":"Un homme bless\u00e9 par balle dans le 16e arrondissement"},"content":{"rendered":"<p>Un homme a \u00e9t\u00e9 bless\u00e9 par balle ce mercredi soir dans le quartier de la <a href=\"https:\/\/www.laprovence.com\/article\/faits-divers-justice\/1044874289538514\/un-jeune-homme-tue-par-balle-devant-un-snack-a-la-bricarde-cette-nuit-a-marseille\" target=\"_blank\" rel=\"noopener\">Bricarde<\/a>, dans le 16e arrondissement de <a href=\"https:\/\/www.laprovence.com\/bouches-du-rhone\/marseille-13055\" target=\"_blank\" rel=\"noopener\">Marseille<\/a>. Alert\u00e9s par un riverain, les marins-pompiers ont d\u00e9couvert la victime <a href=\"https:\/\/www.laprovence.com\/article\/faits-divers-justice\/4673323\/un-homme-de-40-ans-execute-a-la-bricarde.html\" target=\"_blank\" rel=\"noopener\">rue Georges de Beauregard<\/a>, aux alentours de 21h30.<\/p>\n<p>Bless\u00e9 par balle \u00e0 la jambe gauche, l\u2019homme \u00e2g\u00e9 de 29\u00a0ans ne s\u2019est pas montr\u00e9 prolixe aupr\u00e8s des fonctionnaires de police qui se sont rendus sur place, tant sur les circonstances dans lesquelles on lui avait tir\u00e9 dessus, que sur le ou les auteurs pr\u00e9sum\u00e9s.<\/p>\n<p>La victime a \u00e9t\u00e9 transport\u00e9e \u00e0 l\u2019h\u00f4pital sans que son pronostic vital ne soit engag\u00e9.<\/p>\n","protected":false},"excerpt":{"rendered":"Un homme a \u00e9t\u00e9 bless\u00e9 par balle ce mercredi soir dans le quartier de la Bricarde, dans le&hellip;\n","protected":false},"author":2,"featured_media":350115,"comment_status":"","ping_status":"","sticky":false,"template":"","format":"standard","meta":{"footnotes":""},"categories":[2814],"tags":[17,1111,11,6195,3916,1102,48647,1777,674,274,1011,27,4933,884,12,5912,882,5775,25],"class_list":{"0":"post-350114","1":"post","2":"type-post","3":"status-publish","4":"format-standard","5":"has-post-thumbnail","7":"category-marseille","8":"tag-17","9":"tag-actu","10":"tag-actualites","11":"tag-balle","12":"tag-blesse","13":"tag-breakingnews","14":"tag-bricarde","15":"tag-eu","16":"tag-europe","17":"tag-faits-divers-justice","18":"tag-fr","19":"tag-france","20":"tag-homme","21":"tag-marseille","22":"tag-news","23":"tag-par","24":"tag-provence-alpes-cote-dazur","25":"tag-quartier","26":"tag-republique-francaise"},"share_on_mastodon":{"url":"https:\/\/pubeurope.com\/@fr\/115106690167643260","error":""},"_links":{"self":[{"href":"https:\/\/www.europesays.com\/fr\/wp-json\/wp\/v2\/posts\/350114","targetHints":{"allow":["GET"]}}],"collection":[{"href":"https:\/\/www.europesays.com\/fr\/wp-json\/wp\/v2\/posts"}],"about":[{"href":"https:\/\/www.europesays.com\/fr\/wp-json\/wp\/v2\/types\/post"}],"author":[{"embeddable":true,"href":"https:\/\/www.europesays.com\/fr\/wp-json\/wp\/v2\/users\/2"}],"replies":[{"embeddable":true,"href":"https:\/\/www.europesays.com\/fr\/wp-json\/wp\/v2\/comments?post=350114"}],"version-history":[{"count":0,"href":"https:\/\/www.europesays.com\/fr\/wp-json\/wp\/v2\/posts\/350114\/revisions"}],"wp:featuredmedia":[{"embeddable":true,"href":"https:\/\/www.europesays.com\/fr\/wp-json\/wp\/v2\/media\/350115"}],"wp:attachment":[{"href":"https:\/\/www.europesays.com\/fr\/wp-json\/wp\/v2\/media?parent=350114"}],"wp:term":[{"taxonomy":"category","embeddable":true,"href":"https:\/\/www.europesays.com\/fr\/wp-json\/wp\/v2\/categories?post=350114"},{"taxonomy":"post_tag","embeddable":true,"href":"https:\/\/www.europesays.com\/fr\/wp-json\/wp\/v2\/tags?post=350114"}],"curies":[{"name":"wp","href":"https:\/\/api.w.org\/{rel}","templated":true}]}}