{"id":350120,"date":"2025-08-28T13:46:11","date_gmt":"2025-08-28T13:46:11","guid":{"rendered":"https:\/\/www.europesays.com\/fr\/350120\/"},"modified":"2025-08-28T13:46:11","modified_gmt":"2025-08-28T13:46:11","slug":"rhone-apres-un-acte-de-malveillance-gros-retards-de-tgv-dans-les-gares-de-lyon-part-dieu-et-saint-exupery","status":"publish","type":"post","link":"https:\/\/www.europesays.com\/fr\/350120\/","title":{"rendered":"Rh\u00f4ne. Apr\u00e8s \u00abun acte de malveillance\u00bb, gros retards de TGV dans les gares de Lyon Part-Dieu et Saint-Exup\u00e9ry"},"content":{"rendered":"<p>Si vous devez prendre un TGV ce jeudi en gare de Lyon Part-Dieu, il va falloir prendre votre mal en patience. \u00ab\u00a0Un acte de malveillance\u00a0\u00bb, rep\u00e9r\u00e9 dans la matin\u00e9e, entra\u00eene des perturbations \u00ab\u00a0sur la ligne \u00e0 grande vitesse Sud-Est, entre Paris et Lyon\u00a0\u00bb.<\/p>\n<p>En cause, \u00ab\u00a0des pannes de signalisation\u00a0\u00bb sur l\u2019axe, qui n\u00e9cessitent de faire circuler les trains \u00ab\u00a0au ralenti\u00a0\u00bb et d\u2019en \u00ab\u00a0d\u00e9tourner\u00a0\u00bb d\u2019autres, pr\u00e9cise au Progr\u00e8s  SNCF Voyageurs.<\/p>\n<p>  Jusqu\u2019\u00e0 trois heures de retard<\/p>\n<p>\u00ab\u00a0Le retour \u00e0 la normale est plut\u00f4t pr\u00e9vu pour la fin de journ\u00e9e\u00a0\u00bb. L\u2019acte de malveillance n\u2019aurait pas \u00e9t\u00e9 commis dans le d\u00e9partement du Rh\u00f4ne. La gare de <a href=\"https:\/\/www.leprogres.fr\/p\/part-dieu-lyon\" target=\"_blank\" rel=\"noopener\">la Part-Dieu<\/a> est fortement impact\u00e9e.<\/p>\n<p>Quasiment tous les TGV affichent des retards d\u2019une \u00e0 trois heures, ce jeudi \u00e0 midi. L\u2019incident a d\u00e9but\u00e9 au cours de matin\u00e9e, apr\u00e8s le pic de la circulation matinale des trains.<\/p>\n<p>La gare de Lyon Saint-Exup\u00e9ry (Colombier-Saugnieu) est aussi impact\u00e9e, avec plusieurs retards de TGV annonc\u00e9s \u00e0 la mi-journ\u00e9e, jeudi, allant jusqu\u2019\u00e0 2\u00a0h\u00a020.<\/p>\n<p>Celle de Lyon Perrache est \u00e9pargn\u00e9e pour l\u2019heure par les retards.<\/p>\n<p>Selon nos informations, l&rsquo;acte de malveillance est survenu au nord du Creusot (Sa\u00f4ne-et-Loire), il\u00a0s&rsquo;agirait d&rsquo;un vol de mat\u00e9riaux.\u00a0<\/p>\n","protected":false},"excerpt":{"rendered":"Si vous devez prendre un TGV ce jeudi en gare de Lyon Part-Dieu, il va falloir prendre votre&hellip;\n","protected":false},"author":2,"featured_media":350121,"comment_status":"","ping_status":"","sticky":false,"template":"","format":"standard","meta":{"footnotes":""},"categories":[1889],"tags":[1111,11,2430,3542,23533,3152,2757,1777,674,107,1011,27,2428,2756,12,25,2429,6003,2803],"class_list":{"0":"post-350120","1":"post","2":"type-post","3":"status-publish","4":"format-standard","5":"has-post-thumbnail","7":"category-lyon","8":"tag-actu","9":"tag-actualites","10":"tag-auvergne-rhone-alpes","11":"tag-circulation","12":"tag-colombier-saugnieu","13":"tag-edition-est-lyonnais","14":"tag-edition-lyon-villeurbanne","15":"tag-eu","16":"tag-europe","17":"tag-fil-info","18":"tag-fr","19":"tag-france","20":"tag-lyon","21":"tag-lyon-bassin","22":"tag-news","23":"tag-republique-francaise","24":"tag-rhone","25":"tag-saone-et-loire","26":"tag-transport"},"share_on_mastodon":{"url":"https:\/\/pubeurope.com\/@fr\/115106701797470088","error":""},"_links":{"self":[{"href":"https:\/\/www.europesays.com\/fr\/wp-json\/wp\/v2\/posts\/350120","targetHints":{"allow":["GET"]}}],"collection":[{"href":"https:\/\/www.europesays.com\/fr\/wp-json\/wp\/v2\/posts"}],"about":[{"href":"https:\/\/www.europesays.com\/fr\/wp-json\/wp\/v2\/types\/post"}],"author":[{"embeddable":true,"href":"https:\/\/www.europesays.com\/fr\/wp-json\/wp\/v2\/users\/2"}],"replies":[{"embeddable":true,"href":"https:\/\/www.europesays.com\/fr\/wp-json\/wp\/v2\/comments?post=350120"}],"version-history":[{"count":0,"href":"https:\/\/www.europesays.com\/fr\/wp-json\/wp\/v2\/posts\/350120\/revisions"}],"wp:featuredmedia":[{"embeddable":true,"href":"https:\/\/www.europesays.com\/fr\/wp-json\/wp\/v2\/media\/350121"}],"wp:attachment":[{"href":"https:\/\/www.europesays.com\/fr\/wp-json\/wp\/v2\/media?parent=350120"}],"wp:term":[{"taxonomy":"category","embeddable":true,"href":"https:\/\/www.europesays.com\/fr\/wp-json\/wp\/v2\/categories?post=350120"},{"taxonomy":"post_tag","embeddable":true,"href":"https:\/\/www.europesays.com\/fr\/wp-json\/wp\/v2\/tags?post=350120"}],"curies":[{"name":"wp","href":"https:\/\/api.w.org\/{rel}","templated":true}]}}