{"id":350149,"date":"2025-08-28T14:35:20","date_gmt":"2025-08-28T14:35:20","guid":{"rendered":"https:\/\/www.europesays.com\/fr\/350149\/"},"modified":"2025-08-28T14:35:20","modified_gmt":"2025-08-28T14:35:20","slug":"ain-richard-menotti-lemblematique-rugbyman-doyonnax-devenu-pizzaiolo","status":"publish","type":"post","link":"https:\/\/www.europesays.com\/fr\/350149\/","title":{"rendered":"Ain. Richard Menotti, l\u2019embl\u00e9matique rugbyman d&rsquo;Oyonnax devenu pizza\u00efolo"},"content":{"rendered":"<p>Il a fait les belles heures du rugby oyonnaxien, durant onze saisons pass\u00e9es sous le maillot rouge et noir (2000-2011). Parmi ses plus beaux souvenirs, le titre de champion de France en F\u00e9d\u00e9rale 1 (2001), la mont\u00e9e en Pro D2 (2003), la venue de Christophe Urios, la finale d\u2019accession perdue cotre Albi (2009), la victoire face au Lyon olympique universitaire (Lou) sur la pelouse de Gerland (2011). N\u00e9 \u00e0 Paris, en 1974, Richard Menotti fait ses gammes au club de Franconville (95), \u00e0 15 ans.<\/p>\n<p>Ses aptitudes physiques l\u2019orientent rapidement vers le poste de pilier gauche, puis droit, quelques ann\u00e9es plus tard. \u00ab\u00a0J\u2019ai toujours consid\u00e9r\u00e9 le rugby comme un jeu&#8230;<\/p>\n","protected":false},"excerpt":{"rendered":"Il a fait les belles heures du rugby oyonnaxien, durant onze saisons pass\u00e9es sous le maillot rouge et&hellip;\n","protected":false},"author":2,"featured_media":350150,"comment_status":"","ping_status":"","sticky":false,"template":"","format":"standard","meta":{"footnotes":""},"categories":[1416],"tags":[2738,1477,130,33,3312,1011,27,2729,5583,479,1468,517,60],"class_list":{"0":"post-350149","1":"post","2":"type-post","3":"status-publish","4":"format-standard","5":"has-post-thumbnail","7":"category-rugby","8":"tag-ain","9":"tag-artisanat","10":"tag-consommation","11":"tag-economie","12":"tag-edition-ain-est","13":"tag-fr","14":"tag-france","15":"tag-oyonnax","16":"tag-oyonnax-bassin","17":"tag-rugby","18":"tag-rugby-football","19":"tag-sport","20":"tag-sports"},"share_on_mastodon":{"url":"https:\/\/pubeurope.com\/@fr\/115106894566405516","error":""},"_links":{"self":[{"href":"https:\/\/www.europesays.com\/fr\/wp-json\/wp\/v2\/posts\/350149","targetHints":{"allow":["GET"]}}],"collection":[{"href":"https:\/\/www.europesays.com\/fr\/wp-json\/wp\/v2\/posts"}],"about":[{"href":"https:\/\/www.europesays.com\/fr\/wp-json\/wp\/v2\/types\/post"}],"author":[{"embeddable":true,"href":"https:\/\/www.europesays.com\/fr\/wp-json\/wp\/v2\/users\/2"}],"replies":[{"embeddable":true,"href":"https:\/\/www.europesays.com\/fr\/wp-json\/wp\/v2\/comments?post=350149"}],"version-history":[{"count":0,"href":"https:\/\/www.europesays.com\/fr\/wp-json\/wp\/v2\/posts\/350149\/revisions"}],"wp:featuredmedia":[{"embeddable":true,"href":"https:\/\/www.europesays.com\/fr\/wp-json\/wp\/v2\/media\/350150"}],"wp:attachment":[{"href":"https:\/\/www.europesays.com\/fr\/wp-json\/wp\/v2\/media?parent=350149"}],"wp:term":[{"taxonomy":"category","embeddable":true,"href":"https:\/\/www.europesays.com\/fr\/wp-json\/wp\/v2\/categories?post=350149"},{"taxonomy":"post_tag","embeddable":true,"href":"https:\/\/www.europesays.com\/fr\/wp-json\/wp\/v2\/tags?post=350149"}],"curies":[{"name":"wp","href":"https:\/\/api.w.org\/{rel}","templated":true}]}}