{"id":350151,"date":"2025-08-28T14:36:10","date_gmt":"2025-08-28T14:36:10","guid":{"rendered":"https:\/\/www.europesays.com\/fr\/350151\/"},"modified":"2025-08-28T14:36:10","modified_gmt":"2025-08-28T14:36:10","slug":"us-open-jasmine-paolini-sur-son-incroyable-photographie-cest-surement-la-photo-de-lannee-une-photo-pour-halloween","status":"publish","type":"post","link":"https:\/\/www.europesays.com\/fr\/350151\/","title":{"rendered":"US Open > Jasmine Paolini, sur son incroyable photographie : \u00ab\u00a0C&rsquo;est s\u00fbrement la photo de l&rsquo;ann\u00e9e, une photo pour Halloween\u00a0\u00bb"},"content":{"rendered":"<p>Qualifi\u00e9e pour le troi\u00adsi\u00e8me tour de l\u2019US Open apr\u00e8s une victoire tran\u00adquille face \u00e0 Jovic, Jasmine Paolini a \u00e9t\u00e9 inter\u00adrog\u00e9e, lors de l\u2019in\u00adter\u00adview d\u2019apr\u00e8s match sur le court, sur l\u2019in\u00adcroyable clich\u00e9 que le photo\u00adgraphe Ray Giubilo avait pris d\u2019elle au premier tour (voir ci\u2010dessous).\u00a0<\/p>\n<blockquote class=\"twitter-tweet\">\n<p lang=\"en\" dir=\"ltr\">Italian photo\u00adgra\u00adpher Ray Giubilo with a one\u2010in\u2010a\u2010million shot of Jasmine Paolini at the US Open \ud83d\udc7b<\/p>\n<p>(via raygiubilo\/IG) <a href=\"https:\/\/t.co\/XnjdjpnRK4\" data-wpel-link=\"external\" target=\"_blank\" rel=\"nofollow external noopener\">pic.twitter.com\/XnjdjpnRK4<\/a><\/p>\n<p>\u2014 Bastien Fachan (@BastienFachan) <a href=\"https:\/\/twitter.com\/BastienFachan\/status\/1960456167194583209?ref_src=twsrc%5Etfw\" data-wpel-link=\"external\" target=\"_blank\" rel=\"nofollow external noopener\">August 26,\u00a02025<\/a><\/p><\/blockquote>\n<p>Une photo assez excep\u00adtion\u00adnelle que l\u2019Italienne a forc\u00e9\u00adment appr\u00e9ci\u00e9e.\u00a0<\/p>\n<blockquote class=\"twitter-tweet\">\n<p lang=\"en\" dir=\"ltr\">Jasmine Paolini on that incre\u00addible picture of her racquet lining up with her eyes perfectly at the U.S. Open<\/p>\n<p>Jasmine\u00a0: \u201cMaybe the picture of the year.\u202f\u00bb<\/p>\n<p>\u00ab\u202fMaybe a new Halloween costume that is star\u00adring Jasmine Paolini?\u00ab\u202f<\/p>\n<p>Jasmine\u00a0: \u00ab\u202fMaybe, maybe.\u202f\u00bb \ud83d\ude02<\/p>\n<p><a href=\"https:\/\/t.co\/LLgJpMtu67\" data-wpel-link=\"external\" target=\"_blank\" rel=\"nofollow external noopener\">pic.twitter.com\/LLgJpMtu67<\/a><\/p>\n<p>\u2014 The Tennis Letter (@TheTennisLetter) <a href=\"https:\/\/twitter.com\/TheTennisLetter\/status\/1960873745851277542?ref_src=twsrc%5Etfw\" data-wpel-link=\"external\" target=\"_blank\" rel=\"nofollow external noopener\">August 28,\u00a02025<\/a><\/p><\/blockquote>\n<p><strong>\u00ab\u202fC\u2019est s\u00fbre\u00adment la photo de l\u2019ann\u00e9e. Ce sera peut\u2010\u00eatre mon prochain costume mais, effet, c\u2019est une photo d\u2019Halloween\u202f\u00bb<\/strong>, a d\u00e9clar\u00e9 l\u2019ac\u00adtuelle 8e joueuse mondiale.\u00a0<\/p>\n<p class=\"post-published-date\" style=\"color: silver; font-size: 75%; text-align: left;\">Publi\u00e9 le jeudi 28 ao\u00fbt 2025 \u00e0 15:45<\/p>\n<p><script async src=\"https:\/\/platform.twitter.com\/widgets.js\" charset=\"utf-8\"><\/script><\/p>\n","protected":false},"excerpt":{"rendered":"Qualifi\u00e9e pour le troi\u00adsi\u00e8me tour de l\u2019US Open apr\u00e8s une victoire tran\u00adquille face \u00e0 Jovic, Jasmine Paolini a&hellip;\n","protected":false},"author":2,"featured_media":350152,"comment_status":"","ping_status":"","sticky":false,"template":"","format":"standard","meta":{"footnotes":""},"categories":[1415],"tags":[1011,27,2126,60,1467],"class_list":{"0":"post-350151","1":"post","2":"type-post","3":"status-publish","4":"format-standard","5":"has-post-thumbnail","7":"category-tennis","8":"tag-fr","9":"tag-france","10":"tag-paolini","11":"tag-sports","12":"tag-tennis"},"share_on_mastodon":{"url":"https:\/\/pubeurope.com\/@fr\/115106898465692054","error":""},"_links":{"self":[{"href":"https:\/\/www.europesays.com\/fr\/wp-json\/wp\/v2\/posts\/350151","targetHints":{"allow":["GET"]}}],"collection":[{"href":"https:\/\/www.europesays.com\/fr\/wp-json\/wp\/v2\/posts"}],"about":[{"href":"https:\/\/www.europesays.com\/fr\/wp-json\/wp\/v2\/types\/post"}],"author":[{"embeddable":true,"href":"https:\/\/www.europesays.com\/fr\/wp-json\/wp\/v2\/users\/2"}],"replies":[{"embeddable":true,"href":"https:\/\/www.europesays.com\/fr\/wp-json\/wp\/v2\/comments?post=350151"}],"version-history":[{"count":0,"href":"https:\/\/www.europesays.com\/fr\/wp-json\/wp\/v2\/posts\/350151\/revisions"}],"wp:featuredmedia":[{"embeddable":true,"href":"https:\/\/www.europesays.com\/fr\/wp-json\/wp\/v2\/media\/350152"}],"wp:attachment":[{"href":"https:\/\/www.europesays.com\/fr\/wp-json\/wp\/v2\/media?parent=350151"}],"wp:term":[{"taxonomy":"category","embeddable":true,"href":"https:\/\/www.europesays.com\/fr\/wp-json\/wp\/v2\/categories?post=350151"},{"taxonomy":"post_tag","embeddable":true,"href":"https:\/\/www.europesays.com\/fr\/wp-json\/wp\/v2\/tags?post=350151"}],"curies":[{"name":"wp","href":"https:\/\/api.w.org\/{rel}","templated":true}]}}