{"id":35016,"date":"2025-04-18T22:19:24","date_gmt":"2025-04-18T22:19:24","guid":{"rendered":"https:\/\/www.europesays.com\/fr\/35016\/"},"modified":"2025-04-18T22:19:24","modified_gmt":"2025-04-18T22:19:24","slug":"nous-esperons-que-les-mineurs-des-16-ans-voteront-lors-des-prochaines-municipales","status":"publish","type":"post","link":"https:\/\/www.europesays.com\/fr\/35016\/","title":{"rendered":"\u00ab Nous esp\u00e9rons que les mineurs d\u00e8s 16 ans voteront lors des prochaines municipales\u00bb"},"content":{"rendered":"<p>La pr\u00e9sidente de l\u2019Unicef France veut profiter de la proposition de loi visant \u00e0 renforcer la d\u00e9mocratie locale, port\u00e9e par le d\u00e9put\u00e9 MoDem Emmanuel Mandon, pour relancer le d\u00e9bat sur le vote d\u00e8s 16 ans.<\/p>\n<p class=\"fig-paragraph\">Ancienne maire socialiste de Reims, Adeline Hazan est devenue pr\u00e9sidente de l\u2019Unicef France en 2022. \u00c0 un an des \u00e9lections municipales, elle veut rouvrir le d\u00e9bat sur l\u2019ouverture du droit de vote d\u00e8s 16 ans. Depuis plusieurs ann\u00e9es, les macronistes sont divis\u00e9s sur le sujet.<\/p>\n<p class=\"fig-paragraph\"><strong>LE FIGARO.- Vous d\u00e9butez une campagne en faveur de l\u2019abaissement du droit de vote \u00e0 16 ans aux municipales. Dans quel cadre\u00a0?<\/strong><\/p>\n<p class=\"fig-paragraph\"><strong>ADELINE HAZAN.-<\/strong> On entend souvent que les jeunes ne font plus confiance \u00e0 la politique. C\u2019est vrai s\u2019agissant des partis mais faux s\u2019agissant de l\u2019action politique. Ils signent des p\u00e9titions en ligne, manifestent, s\u2019impliquent pour des causes. Ils ne se d\u00e9sint\u00e9ressent pas de la vie collective et citoyenne. Nous faisons un constat\u00a0: d\u00e8s 16 ans il est d\u00e9j\u00e0 possible d\u2019apprendre \u00e0 conduire, de reconna\u00eetre un enfant et d\u2019avoir l\u2019autorit\u00e9 parentale compl\u00e8te, de travailler, d\u2019ouvrir un compte bancaire\u2026 \u00c7a n\u2019a pas de sens de donner tous ces droits mais pas celui de choisir des \u00e9lus municipaux\u2026<\/p>\n<p class=\"fig-premium-paywall__infos\">\n        Cet article est r\u00e9serv\u00e9 aux abonn\u00e9s.        Il vous reste 83% \u00e0 d\u00e9couvrir.\n    <\/p>\n<p>                <img  data- alt=\"Le Figaro\" class=\"fig-img--complete fig-img\"\/><\/p>\n<p class=\"fig-premium-paywall__title\">Vous avez envie de lire la suite ?<\/p>\n<p class=\"fig-premium-paywall__subtitle\">D\u00e9bloquez tous les articles imm\u00e9diatement.<\/p>\n<p class=\"fig-premium-paywall__connect\">\n                D\u00e9j\u00e0 abonn\u00e9\u00a0?                <a class=\"fig-premium-paywall__connect-link\" href=\"https:\/\/connect.lefigaro.fr\/login?client=horizon_web&amp;type=main&amp;redirect_uri=https%3A%2F%2Fwww.lefigaro.fr%2Fpolitique%2Fadeline-hazan-nous-esperons-que-les-mineurs-des-16-ans-voteront-lors-des-prochaines-municipales-20250416\" data-js-gtm=\"{&quot;customCategorie&quot;: &quot;conversion&quot;, &quot;customAction&quot;: &quot;before_Landing_Connexion_paywall_auto&quot;, &quot;customLabel&quot;: &quot;bGVmaWdhcm8uZnJfXzFmMDFhYzBlLTM2M2ItNmY3Yy04MzNmLTc5NTAxNmFmMzE2ZF9fQXJ0aWNsZQ==_Adeline Hazan: \u00ab Nous esp\u00e9rons que les mineurs d\u00e8s 16 ans voteront lors des prochaines municipales\u00bb_595&quot;, &quot;customIDSPE&quot;: &quot;bGVmaWdhcm8uZnJfXzFmMDFhYzBlLTM2M2ItNmY3Yy04MzNmLTc5NTAxNmFmMzE2ZF9fQXJ0aWNsZQ==&quot;, &quot;event&quot;: &quot;customEventSPE&quot;}\" target=\"_blank\" rel=\"noopener\"><br \/>\n                    Connectez-vous<br \/>\n                <\/a>\n            <\/p>\n","protected":false},"excerpt":{"rendered":"La pr\u00e9sidente de l\u2019Unicef France veut profiter de la proposition de loi visant \u00e0 renforcer la d\u00e9mocratie locale,&hellip;\n","protected":false},"author":2,"featured_media":35017,"comment_status":"","ping_status":"","sticky":false,"template":"","format":"standard","meta":{"footnotes":""},"categories":[2821],"tags":[1111,11,829,426,427,422,423,4188,1777,674,1011,27,418,424,425,420,421,12,419,316,429,584,25,428,11381],"class_list":{"0":"post-35016","1":"post","2":"type-post","3":"status-publish","4":"format-standard","5":"has-post-thumbnail","7":"category-rennes","8":"tag-actu","9":"tag-actualites","10":"tag-bretagne","11":"tag-candidat","12":"tag-candidats","13":"tag-depute","14":"tag-deputes","15":"tag-elections-municipales","16":"tag-eu","17":"tag-europe","18":"tag-fr","19":"tag-france","20":"tag-gouvernement","21":"tag-institution","22":"tag-institutions","23":"tag-loi","24":"tag-lois","25":"tag-news","26":"tag-opposition","27":"tag-politique","28":"tag-ps","29":"tag-rennes","30":"tag-republique-francaise","31":"tag-ump","32":"tag-unicef"},"share_on_mastodon":{"url":"https:\/\/pubeurope.com\/@fr\/114361294090713186","error":""},"_links":{"self":[{"href":"https:\/\/www.europesays.com\/fr\/wp-json\/wp\/v2\/posts\/35016","targetHints":{"allow":["GET"]}}],"collection":[{"href":"https:\/\/www.europesays.com\/fr\/wp-json\/wp\/v2\/posts"}],"about":[{"href":"https:\/\/www.europesays.com\/fr\/wp-json\/wp\/v2\/types\/post"}],"author":[{"embeddable":true,"href":"https:\/\/www.europesays.com\/fr\/wp-json\/wp\/v2\/users\/2"}],"replies":[{"embeddable":true,"href":"https:\/\/www.europesays.com\/fr\/wp-json\/wp\/v2\/comments?post=35016"}],"version-history":[{"count":0,"href":"https:\/\/www.europesays.com\/fr\/wp-json\/wp\/v2\/posts\/35016\/revisions"}],"wp:featuredmedia":[{"embeddable":true,"href":"https:\/\/www.europesays.com\/fr\/wp-json\/wp\/v2\/media\/35017"}],"wp:attachment":[{"href":"https:\/\/www.europesays.com\/fr\/wp-json\/wp\/v2\/media?parent=35016"}],"wp:term":[{"taxonomy":"category","embeddable":true,"href":"https:\/\/www.europesays.com\/fr\/wp-json\/wp\/v2\/categories?post=35016"},{"taxonomy":"post_tag","embeddable":true,"href":"https:\/\/www.europesays.com\/fr\/wp-json\/wp\/v2\/tags?post=35016"}],"curies":[{"name":"wp","href":"https:\/\/api.w.org\/{rel}","templated":true}]}}