{"id":350167,"date":"2025-08-28T14:43:11","date_gmt":"2025-08-28T14:43:11","guid":{"rendered":"https:\/\/www.europesays.com\/fr\/350167\/"},"modified":"2025-08-28T14:43:11","modified_gmt":"2025-08-28T14:43:11","slug":"decouvrez-le-siege-emblematique-du-journal-le-monde","status":"publish","type":"post","link":"https:\/\/www.europesays.com\/fr\/350167\/","title":{"rendered":"D\u00e9couvrez le si\u00e8ge embl\u00e9matique du journal Le Monde"},"content":{"rendered":"<p>\t\t\t\t\t\t\t\t\t\t\t\t\t\t\t\t\t\t\t\t\t\t<img loading=\"lazy\" decoding=\"async\" src=\"https:\/\/www.europesays.com\/fr\/wp-content\/uploads\/2025\/08\/1-\u00a9-MARWAN-HARMOUCHE-1024x683.jpg\" class=\"img-fluid\" alt=\"Le Monde\" width=\"1024\" height=\"683\"\/><br \/>\n\t\t\t\t\t\t\t\t\t\t\t\t\t\t\t\t\t\t\t\t\t\t\u00a9MARWAN HARMOUCHE<\/p>\n<p>Impossible de passer \u00e0 c\u00f4t\u00e9, au c\u0153ur du <b>13\u1d49 arrondissement<\/b>, entre la gare d\u2019Austerlitz et la Cit\u00e9 de la Mode et du Design, se dresse l\u2019\u00e9tonnant si\u00e8ge du <b>Monde<\/b>. B\u00e2timent <b>futuriste<\/b>, rep\u00e8re architectural et v\u00e9ritable symbole de la <b>presse fran\u00e7aise<\/b>, il intrigue autant qu\u2019il fascine. Mais au-del\u00e0 de ses lignes spectaculaires, le lieu cache une histoire, des secrets et\u2026 une <b>ouverture exceptionnelle<\/b> lors des Journ\u00e9es europ\u00e9ennes du patrimoine.<\/p>\n<p> <b>Des anciens si\u00e8ges aux bureaux futuristes du 13\u1d49 arrondissement<\/b> <\/p>\n<p><img fetchpriority=\"high\" decoding=\"async\" class=\"alignnone wp-image-197894 size-full\" src=\"https:\/\/www.europesays.com\/fr\/wp-content\/uploads\/2025\/08\/2-13.jpg\" alt=\"Le Monde\" width=\"1200\" height=\"800\"  \/>Fond\u00e9 en <b>1944 <\/b>par Hubert Beuve-M\u00e9ry, Le Monde a connu plusieurs adresses embl\u00e9matiques dans Paris : rue des Italiens, rue Falgui\u00e8re, boulevard Auguste-Blanqui\u2026 avant de s\u2019installer en 2020 dans son \u00e9crin <b>ultra moderne <\/b>du 13\u1d49 arrondissement. Con\u00e7u par l\u2019agence norv\u00e9gienne Sn\u00f8hetta, l\u2019immeuble est un v\u00e9ritable <b>pont de verre et d\u2019acier<\/b> qui enjambe les voies ferr\u00e9es de la <a href=\"https:\/\/parissecret.com\/bar-parisien-cache-gare\/\" rel=\"noopener noreferrer nofollow\" target=\"_self\" class=\"shortcode-outbound-link\" data-has-ga=\"true\" data-ga-type=\"click\" data-label=\"https:\/\/parissecret.com\/bar-parisien-cache-gare\/\" data-action=\"text_cta_0\" data-category=\"click_internal\">gare<\/a> d\u2019Austerlitz.<br \/>Sa fa\u00e7ade, compos\u00e9e de <b>20 000 plaques translucides<\/b>, change au gr\u00e9 de la lumi\u00e8re, cr\u00e9ant une atmosph\u00e8re myst\u00e9rieuse et mouvante. Ici travaillent d\u00e9sormais plus de 1 600 collaborateurs issus de toutes les r\u00e9dactions du groupe (Le Monde, T\u00e9l\u00e9rama, Courrier International, HuffPost, La Vie ou encore L\u2019Obs). Un <b>b\u00e2timent-totem<\/b> qui r\u00e9sume \u00e0 lui seul l\u2019histoire d\u2019un journal devenu r\u00e9f\u00e9rence mondiale.<\/p>\n<p> <b>Quand le <\/b><b>Festival du Monde<\/b><b> ouvre les portes du secret<\/b> <img loading=\"lazy\" decoding=\"async\" class=\"wp-image-197895 size-full\" src=\"https:\/\/www.europesays.com\/fr\/wp-content\/uploads\/2025\/08\/3-\u00a9-Camille-Millerand-Le-Monde.jpg\" alt=\"\" width=\"1200\" height=\"800\"  \/>\u00a9Camille Millerand \u2013 Le Monde <\/p>\n<p>Une fois par an, lors des <a href=\"https:\/\/parissecret.com\/que-faire-journees-du-patrimoine\/\" rel=\"noopener noreferrer nofollow\" target=\"_self\" class=\"shortcode-outbound-link\" data-has-ga=\"true\" data-ga-type=\"click\" data-label=\"https:\/\/parissecret.com\/que-faire-journees-du-patrimoine\/\" data-action=\"text_cta_1\" data-category=\"click_internal\">Journ\u00e9es europ\u00e9ennes du patrimoine<\/a>, le<b> si\u00e8ge du <\/b><b>Monde<\/b> s\u2019ouvre au public \u00e0 l\u2019occasion du <b>Festival du Monde<\/b>. Pendant un long week-end, le parvis se transforme en<b> village festif <\/b>\u2013 food court, concerts, spectacles immersifs, ateliers pour enfants et ados.<br \/>\u00c0 l\u2019int\u00e9rieur, place aux <b>coulisses <\/b>\u2013 <b>visites guid\u00e9es <\/b>des r\u00e9dactions, rencontre avec des journalistes, d\u00e9couverte du bureau historique d\u2019Hubert Beuve-M\u00e9ry, d\u00e9bats et podcasts en direct. Les visiteurs peuvent m\u00eame s\u2019essayer \u00e0 la Une du jour ou \u00e0 la v\u00e9rification des fake news, avant de fl\u00e2ner sur la terrasse panoramique.<br \/>V\u00e9ritable plong\u00e9e dans l\u2019univers du quotidien, le Festival du Monde est devenu un <b>rendez-vous incontournable<\/b> du mois de <a href=\"https:\/\/parissecret.com\/que-faire-septembre-paris\/\" rel=\"noopener noreferrer nofollow\" target=\"_self\" class=\"shortcode-outbound-link\" data-has-ga=\"true\" data-ga-type=\"click\" data-label=\"https:\/\/parissecret.com\/que-faire-septembre-paris\/\" data-action=\"text_cta_2\" data-category=\"click_internal\">septembre<\/a>, offrant aux curieux l\u2019opportunit\u00e9 unique de franchir le seuil de ce b\u00e2timent myst\u00e9rieux qui, d\u2019ordinaire, ne se livre qu\u2019\u00e0 travers ses articles (n\u2019oubliez pas de r\u00e9server vos places en ligne !).<\/p>\n","protected":false},"excerpt":{"rendered":"\u00a9MARWAN HARMOUCHE Impossible de passer \u00e0 c\u00f4t\u00e9, au c\u0153ur du 13\u1d49 arrondissement, entre la gare d\u2019Austerlitz et la&hellip;\n","protected":false},"author":2,"featured_media":350168,"comment_status":"","ping_status":"","sticky":false,"template":"","format":"standard","meta":{"footnotes":""},"categories":[1358],"tags":[1348,1384,1385,1386,58,59,1011,27],"class_list":{"0":"post-350167","1":"post","2":"type-post","3":"status-publish","4":"format-standard","5":"has-post-thumbnail","7":"category-arts-et-design","8":"tag-arts","9":"tag-arts-and-design","10":"tag-arts-et-design","11":"tag-design","12":"tag-divertissement","13":"tag-entertainment","14":"tag-fr","15":"tag-france"},"share_on_mastodon":{"url":"https:\/\/pubeurope.com\/@fr\/115106926368245767","error":""},"_links":{"self":[{"href":"https:\/\/www.europesays.com\/fr\/wp-json\/wp\/v2\/posts\/350167","targetHints":{"allow":["GET"]}}],"collection":[{"href":"https:\/\/www.europesays.com\/fr\/wp-json\/wp\/v2\/posts"}],"about":[{"href":"https:\/\/www.europesays.com\/fr\/wp-json\/wp\/v2\/types\/post"}],"author":[{"embeddable":true,"href":"https:\/\/www.europesays.com\/fr\/wp-json\/wp\/v2\/users\/2"}],"replies":[{"embeddable":true,"href":"https:\/\/www.europesays.com\/fr\/wp-json\/wp\/v2\/comments?post=350167"}],"version-history":[{"count":0,"href":"https:\/\/www.europesays.com\/fr\/wp-json\/wp\/v2\/posts\/350167\/revisions"}],"wp:featuredmedia":[{"embeddable":true,"href":"https:\/\/www.europesays.com\/fr\/wp-json\/wp\/v2\/media\/350168"}],"wp:attachment":[{"href":"https:\/\/www.europesays.com\/fr\/wp-json\/wp\/v2\/media?parent=350167"}],"wp:term":[{"taxonomy":"category","embeddable":true,"href":"https:\/\/www.europesays.com\/fr\/wp-json\/wp\/v2\/categories?post=350167"},{"taxonomy":"post_tag","embeddable":true,"href":"https:\/\/www.europesays.com\/fr\/wp-json\/wp\/v2\/tags?post=350167"}],"curies":[{"name":"wp","href":"https:\/\/api.w.org\/{rel}","templated":true}]}}