{"id":350173,"date":"2025-08-28T14:46:12","date_gmt":"2025-08-28T14:46:12","guid":{"rendered":"https:\/\/www.europesays.com\/fr\/350173\/"},"modified":"2025-08-28T14:46:12","modified_gmt":"2025-08-28T14:46:12","slug":"la-desillusion-pour-pascal-obispo-face-a-trop-de-pertes-accumulees-le-chanteur-perd-un-gros-projet","status":"publish","type":"post","link":"https:\/\/www.europesays.com\/fr\/350173\/","title":{"rendered":"La d\u00e9sillusion pour Pascal Obispo : face \u00e0 trop de \u00ab\u00a0pertes accumul\u00e9es\u00a0\u00bb, le chanteur perd un gros projet"},"content":{"rendered":"<p>            <img loading=\"lazy\" decoding=\"async\" src=\"https:\/\/www.europesays.com\/fr\/wp-content\/uploads\/2025\/04\/70-60dc2d431f18d-35x35-1.jpg\" class=\"author-article-picture\" width=\"35\" height=\"35\"\/><\/p>\n<p>                Par<br \/>\n                                    <a class=\"author-article-bio-link\" href=\"https:\/\/www.purepeople.com\/auteur\/liane-lazaar_a70\" rel=\"nofollow noopener\" target=\"_blank\">Liane Lazaar<\/a><br \/>\n                                                    | R\u00e9dactrice<\/p>\n<p>\n                Liane Lazaar est r\u00e9dactrice web rattach\u00e9e au p\u00f4le TV de Purepeople.com. Elle conna\u00eet autant le parcours de Jean-Pierre Pernaut sur TF1 que les derniers rebondissements des candidats de t\u00e9l\u00e9-r\u00e9alit\u00e9 et a un go\u00fbt prononc\u00e9 pour les histoires de coeur.\n            <\/p>\n<p>\n    C&rsquo;est la d\u00e9sillusion. Alors que Pascal Obispo avait su remettre au go\u00fbt du jour la com\u00e9die musicale \u00ab\u00a0Les 10 commandements\u00a0\u00bb et qu&rsquo;une tourn\u00e9e \u00e9tait pr\u00e9vue d&rsquo;ici la fin de l&rsquo;ann\u00e9e, celle-ci est finalement annul\u00e9e. Explications.\n<\/p>\n<p>                            <img loading=\"lazy\" decoding=\"async\" class=\"player-thumbnail\" src=\"https:\/\/www.europesays.com\/fr\/wp-content\/uploads\/2025\/08\/a19256f4c60d7511-580x326-1.jpg\" width=\"580\" height=\"326\"\/><\/p>\n<p>                    La d\u00e9sillusion pour Pascal Obispo : face \u00e0 trop de \u00ab\u00a0pertes accumul\u00e9es\u00a0\u00bb, le chanteur perd un gros projet<\/p>\n<p>La suite apr\u00e8s la publicit\u00e9<\/p>\n<p>C&rsquo;est une com\u00e9die musicale unique et qui a marqu\u00e9 des g\u00e9n\u00e9rations. En 2000, Les 10 Commandements conna\u00eet un succ\u00e8s tonitruant. Et plus de vingt ans plus tard, <a href=\"https:\/\/www.purepeople.com\/people\/pascal-obispo_p138\" rel=\"nofollow noopener\" target=\"_blank\">Pascal Obispo<\/a> a d\u00e9cid\u00e9 &#8211; avec la complicit\u00e9 de Lionel Florence et Patrice Guirao &#8211; d&rsquo;en cr\u00e9er <strong>une version renouvel\u00e9e avec un casting enti\u00e8rement revu<\/strong>, appel\u00e9e Les Dix Commandements &#8211; L\u2019envie d\u2019aimer. Une fa\u00e7on de rendre hommage \u00e0 ce spectacle incontournable ainsi qu&rsquo;\u00e0 sa star regrett\u00e9e, <strong>Daniel L\u00e9vi<\/strong> <a href=\"https:\/\/www.purepeople.com\/article\/daniel-levi-sa-femme-sandrine-devoile-sa-derniere-demeure-trois-ans-apres-son-depart-un-lieu-particulierement-symbolique_a536572\/1\" rel=\"nofollow noopener\" target=\"_blank\">emport\u00e9 en 2022 par un cancer \u00e0 l&rsquo;\u00e2ge de 60 ans.<\/a><\/p>\n<p>La grande premi\u00e8re a eu lieu le 9 mars 2024 au Millesium d&rsquo;\u00c9pernay dans la Marne et plusieurs repr\u00e9sentations se sont ensuite multipli\u00e9es, jusqu&rsquo;\u00e0 Paris en juin dernier. Les spectateurs avaient pu alors d\u00e9couvrir des progr\u00e8s technologiques pouss\u00e9s telle qu&rsquo;une imagerie 3D relief. Les Dix Commandements &#8211; L&rsquo;envie d&rsquo;aimer s&rsquo;engageait m\u00eame dans <strong>une longue tourn\u00e9e qui devait d\u00e9buter en novembre 2025 et s&rsquo;\u00e9taler jusqu&rsquo;en f\u00e9vrier 2026.\u00a0<\/strong><\/p>\n<p>Pas de mod\u00e8le \u00e9conomique viable<\/p>\n<p>Mais les organisateurs annoncent aujourd&rsquo;hui<strong> l&rsquo;annulation de toutes les dates programm\u00e9es<\/strong>. \u00ab\u00a0Les pertes accumul\u00e9es sur les premi\u00e8res exploitations et notre <strong>impossibilit\u00e9 \u00e0 trouver un mod\u00e8le \u00e9conomique viable <\/strong>avec les diff\u00e9rentes parties prenantes, nous contraignent \u00e0 prendre cette lourde et p\u00e9nible d\u00e9cision\u00a0\u00bb, justifient-ils cette d\u00e9cision. Ils pr\u00e9cisent en outre \u00ab\u00a0arr\u00eater les ventes de billets et rembourser les spectateurs ayant d\u00e9j\u00e0 acquis leurs places\u00a0\u00bb.<\/p>\n<p>Un coup dur pour Pascal Obispo qui avait r\u00e9ussi \u00e0 se sortir d&rsquo;un premier probl\u00e8me avec <a href=\"https:\/\/www.purepeople.com\/people\/elie-chouraqui_p1704\" rel=\"nofollow noopener\" target=\"_blank\">Elie Chouraqui<\/a>, le metteur en sc\u00e8ne des 10 Commandements des ann\u00e9es 2000. Ce dernier avait <strong>saisi la justice<\/strong> en 2023 <a href=\"https:\/\/www.purepeople.com\/article\/les-dix-commandements-pascal-obispo-attaque-par-elie-chouraqui-grande-victoire-apres-les-lourdes-critiques_a519283\/1\" rel=\"nofollow noopener\" target=\"_blank\">pour \u00ab\u00a0contrefa\u00e7on\u00a0\u00bb, \u00ab\u00a0parasitisme\u00a0\u00bb et \u00ab\u00a0concurrence d\u00e9loyale\u00a0\u00bb<\/a>, demandant au passage l\u2019annulation du spectacle ainsi que 352 000 euros de dommages et int\u00e9r\u00eats. Mais il avait \u00e9t\u00e9 d\u00e9bout\u00e9 en premi\u00e8re instance et <strong>condamn\u00e9 \u00e0 verser 10 000 euros<\/strong> pour avoir d\u00e9nigr\u00e9 le projet dans la presse et 25 000 euros de frais de justice.<\/p>\n","protected":false},"excerpt":{"rendered":"Par Liane Lazaar | R\u00e9dactrice Liane Lazaar est r\u00e9dactrice web rattach\u00e9e au p\u00f4le TV de Purepeople.com. Elle conna\u00eet&hellip;\n","protected":false},"author":2,"featured_media":350174,"comment_status":"","ping_status":"","sticky":false,"template":"","format":"standard","meta":{"footnotes":""},"categories":[1355],"tags":[58,59,1011,27,1361,873],"class_list":{"0":"post-350173","1":"post","2":"type-post","3":"status-publish","4":"format-standard","5":"has-post-thumbnail","7":"category-musique","8":"tag-divertissement","9":"tag-entertainment","10":"tag-fr","11":"tag-france","12":"tag-music","13":"tag-musique"},"share_on_mastodon":{"url":"https:\/\/pubeurope.com\/@fr\/115106938119568338","error":""},"_links":{"self":[{"href":"https:\/\/www.europesays.com\/fr\/wp-json\/wp\/v2\/posts\/350173","targetHints":{"allow":["GET"]}}],"collection":[{"href":"https:\/\/www.europesays.com\/fr\/wp-json\/wp\/v2\/posts"}],"about":[{"href":"https:\/\/www.europesays.com\/fr\/wp-json\/wp\/v2\/types\/post"}],"author":[{"embeddable":true,"href":"https:\/\/www.europesays.com\/fr\/wp-json\/wp\/v2\/users\/2"}],"replies":[{"embeddable":true,"href":"https:\/\/www.europesays.com\/fr\/wp-json\/wp\/v2\/comments?post=350173"}],"version-history":[{"count":0,"href":"https:\/\/www.europesays.com\/fr\/wp-json\/wp\/v2\/posts\/350173\/revisions"}],"wp:featuredmedia":[{"embeddable":true,"href":"https:\/\/www.europesays.com\/fr\/wp-json\/wp\/v2\/media\/350174"}],"wp:attachment":[{"href":"https:\/\/www.europesays.com\/fr\/wp-json\/wp\/v2\/media?parent=350173"}],"wp:term":[{"taxonomy":"category","embeddable":true,"href":"https:\/\/www.europesays.com\/fr\/wp-json\/wp\/v2\/categories?post=350173"},{"taxonomy":"post_tag","embeddable":true,"href":"https:\/\/www.europesays.com\/fr\/wp-json\/wp\/v2\/tags?post=350173"}],"curies":[{"name":"wp","href":"https:\/\/api.w.org\/{rel}","templated":true}]}}