{"id":350175,"date":"2025-08-28T14:47:21","date_gmt":"2025-08-28T14:47:21","guid":{"rendered":"https:\/\/www.europesays.com\/fr\/350175\/"},"modified":"2025-08-28T14:47:21","modified_gmt":"2025-08-28T14:47:21","slug":"le-jour-j-au-festival-dangouleme-kev-adams-jarry-et-didier-bourdon-dans-une-grande-vadrouille-tres-potache","status":"publish","type":"post","link":"https:\/\/www.europesays.com\/fr\/350175\/","title":{"rendered":"\u00ab\u00a0Le Jour J\u00a0\u00bb au Festival d\u2019Angoul\u00eame\u00a0: Kev Adams, Jarry et Didier Bourdon dans une \u00ab\u00a0Grande Vadrouille\u00a0\u00bb tr\u00e8s potache"},"content":{"rendered":"<p class=\"paragraph text_align_left lp-f-body-02\">\u00ab \u00c0 l\u2019\u00e9poque de <a href=\"https:\/\/www.leparisien.fr\/culture-loisirs\/50-ans-et-toujours-culte-50-ans-et-toujours-culte-03-09-2016-6090007.php\" target=\"_blank\" rel=\"noreferrer nofollow noopener\">La Grande Vadrouille<\/a> et de <a href=\"https:\/\/www.leparisien.fr\/yvelines-78\/hommage-a-la-septieme-compagnie-la-serie-culte-de-robert-lamoureux-fete-ses-50-ans-dans-les-yvelines-15-09-2023-NOJIGZJTQREHVAOBR3G347IDJU.php\" target=\"_blank\" rel=\"noreferrer nofollow noopener\">La Septi\u00e8me Compagnie<\/a>, Chantal Ladesou \u00e9tait d\u00e9j\u00e0 tr\u00e8s \u00e2g\u00e9e \u00bb\u2026 Ce mercredi apr\u00e8s-midi, devant 2 300 spectateurs, Kev Adams a gentiment tacl\u00e9 <a href=\"https:\/\/www.leparisien.fr\/culture-loisirs\/tv\/kev-adams-et-chantal-ladesou-vont-retrouver-laurent-ruquier-dans-mask-singer-sur-tf-1-28-01-2024-TI3UQAMPZZH47KPKD6VC7XHYKU.php\" target=\"_blank\" rel=\"noreferrer nofollow noopener\">sa fid\u00e8le complice <\/a>et assum\u00e9 l\u2019hommage que rend son dernier film aux com\u00e9dies cultes de G\u00e9rard Oury et Robert Lamoureux. A l\u2019espace Carat d\u2019Angoul\u00eame, le com\u00e9dien et producteur pr\u00e9sentait \u00ab Le Jour J \u00bb de Claude Zidi Jr., avec lequel il a d\u00e9j\u00e0 tourn\u00e9 <a href=\"https:\/\/www.leparisien.fr\/culture-loisirs\/cinema\/ca-fait-plaisir-de-les-retrouver-lalpe-dhuez-conquis-par-maison-de-retraite-2-de-kev-adams-et-sa-bande-16-01-2024-Z73NMEG44NGHBCOODJLQSIRFHI.php\" target=\"_blank\" rel=\"noreferrer nofollow noopener\">\u00ab Maison de retraite 2 \u00bb<\/a>.<\/p>\n<p class=\"paragraph text_align_left lp-f-body-02\">Entour\u00e9 du r\u00e9alisateur et de Ladesou, mais aussi des acteurs Jarry et Marie Parisot, Kev Adams a demand\u00e9 au public tr\u00e8s familial r\u00e9uni pour cette \u00ab m\u00e9ga s\u00e9ance \u00bb &#8211; la plus grosse du <a href=\"https:\/\/www.leparisien.fr\/culture-loisirs\/cinema\/on-est-victimes-de-notre-succes-le-festival-dangouleme-veut-redonner-le-moral-au-cinema-francais-24-08-2025-UBHILL4FSFE2ZCYAK7JDHD5K4M.php\" target=\"_blank\" rel=\"noreferrer nofollow noopener\">Festival du film francophone d\u2019Angoul\u00eame, qui se tient jusqu\u2019\u00e0 samedi <\/a>-, d\u2019allumer les flashs des t\u00e9l\u00e9phones portables pour une \u00ab m\u00e9ga photo souvenir \u00bb. Il s\u2019est ensuite install\u00e9 dans la salle pour regarder le long-m\u00e9trage, qui sortira en salles le 15 octobre, et savourer les rires du public.<\/p>\n","protected":false},"excerpt":{"rendered":"\u00ab \u00c0 l\u2019\u00e9poque de La Grande Vadrouille et de La Septi\u00e8me Compagnie, Chantal Ladesou \u00e9tait d\u00e9j\u00e0 tr\u00e8s \u00e2g\u00e9e&hellip;\n","protected":false},"author":2,"featured_media":350176,"comment_status":"","ping_status":"","sticky":false,"template":"","format":"standard","meta":{"footnotes":""},"categories":[1354],"tags":[650,872,58,59,1346,1011,27,1360],"class_list":{"0":"post-350175","1":"post","2":"type-post","3":"status-publish","4":"format-standard","5":"has-post-thumbnail","7":"category-films","8":"tag-cinema","9":"tag-culture-et-loisirs","10":"tag-divertissement","11":"tag-entertainment","12":"tag-films","13":"tag-fr","14":"tag-france","15":"tag-movies"},"share_on_mastodon":{"url":"https:\/\/pubeurope.com\/@fr\/115106941733711279","error":""},"_links":{"self":[{"href":"https:\/\/www.europesays.com\/fr\/wp-json\/wp\/v2\/posts\/350175","targetHints":{"allow":["GET"]}}],"collection":[{"href":"https:\/\/www.europesays.com\/fr\/wp-json\/wp\/v2\/posts"}],"about":[{"href":"https:\/\/www.europesays.com\/fr\/wp-json\/wp\/v2\/types\/post"}],"author":[{"embeddable":true,"href":"https:\/\/www.europesays.com\/fr\/wp-json\/wp\/v2\/users\/2"}],"replies":[{"embeddable":true,"href":"https:\/\/www.europesays.com\/fr\/wp-json\/wp\/v2\/comments?post=350175"}],"version-history":[{"count":0,"href":"https:\/\/www.europesays.com\/fr\/wp-json\/wp\/v2\/posts\/350175\/revisions"}],"wp:featuredmedia":[{"embeddable":true,"href":"https:\/\/www.europesays.com\/fr\/wp-json\/wp\/v2\/media\/350176"}],"wp:attachment":[{"href":"https:\/\/www.europesays.com\/fr\/wp-json\/wp\/v2\/media?parent=350175"}],"wp:term":[{"taxonomy":"category","embeddable":true,"href":"https:\/\/www.europesays.com\/fr\/wp-json\/wp\/v2\/categories?post=350175"},{"taxonomy":"post_tag","embeddable":true,"href":"https:\/\/www.europesays.com\/fr\/wp-json\/wp\/v2\/tags?post=350175"}],"curies":[{"name":"wp","href":"https:\/\/api.w.org\/{rel}","templated":true}]}}