{"id":350207,"date":"2025-08-28T15:17:15","date_gmt":"2025-08-28T15:17:15","guid":{"rendered":"https:\/\/www.europesays.com\/fr\/350207\/"},"modified":"2025-08-28T15:17:15","modified_gmt":"2025-08-28T15:17:15","slug":"le-recap-de-notre-enquete-sur-les-autoroutes-du-narcotrafic","status":"publish","type":"post","link":"https:\/\/www.europesays.com\/fr\/350207\/","title":{"rendered":"le r\u00e9cap&rsquo; de notre enqu\u00eate sur les \u00ab\u00a0autoroutes\u00a0\u00bb du narcotrafic"},"content":{"rendered":"<p>            Par<br \/>\n        <strong><br \/>\n            <a href=\"https:\/\/actu.fr\/auteur\/valentin-lebosse\" title=\"Consulter tous les articles de Valentin Leboss\u00e9\" target=\"_blank\" rel=\"noopener\">Valentin Leboss\u00e9<\/a><br \/>\n        <\/strong><\/p>\n<p>        Publi\u00e9 le<\/p>\n<p>            28 ao\u00fbt 2025 \u00e0 15h20        <\/p>\n<p>3,7 millions de Fran\u00e7ais ont d\u00e9j\u00e0 consomm\u00e9 de la <strong>coca\u00efne<\/strong>. Ils sont d\u00e9sormais 1,1 million \u00e0 en prendre au moins une fois dans l\u2019ann\u00e9e, contre 600 000 en 2017. Paru fin juillet 2025, un rapport confidentiel de l\u2019Office fran\u00e7ais anti-stup\u00e9fiants (Ofast), sur \u00ab\u00a0l\u2019\u00e9tat de la menace\u00a0\u00bb li\u00e9e au <a href=\"https:\/\/actu.fr\/tag\/narcotrafiquants\" target=\"_blank\" rel=\"noopener\"><strong>narcotrafic<\/strong><\/a>, pointe l\u2019<strong>explosion de la consommation<\/strong> de coke dans notre pays. Une demande soutenue par une production mondiale abondante et un prix au d\u00e9tail en forte baisse.<\/p>\n<p>Coca\u00efne en France\u00a0: un \u00ab\u00a0tsunami blanc\u00a0\u00bb<\/p>\n<p class=\" wall-content\">En avant-propos de cette note d\u00e9voil\u00e9e par nos confr\u00e8res du Monde et de Franceinfo, le ministre de l\u2019Int\u00e9rieur Bruno Retailleau parle d\u2019un v\u00e9ritable \u00ab\u00a0tsunami blanc\u00a0\u00bb pour qualifier les <strong>arriv\u00e9es massives<\/strong> de <a href=\"https:\/\/actu.fr\/tag\/cocaine\" target=\"_blank\" rel=\"noopener\">coca\u00efne<\/a> sur le sol fran\u00e7ais. En t\u00e9moigne le niveau record des saisies\u00a0: 37 tonnes sur le premier semestre 2025, en hausse de 50\u00a0% par rapport \u00e0 la m\u00eame p\u00e9riode en 2024, ann\u00e9e d\u00e9j\u00e0 historique.<\/p>\n<p class=\" wall-content\">Les 62 pages du rapport soulignent \u00e9galement l\u2019<strong>ing\u00e9niosit\u00e9 sans bornes<\/strong> des trafiquants pour dissimuler la <a href=\"https:\/\/actu.fr\/tag\/drogue\" target=\"_blank\" rel=\"noopener\">drogue<\/a> et lui faire traverser les fronti\u00e8res par des moyens tr\u00e8s divers. <a href=\"https:\/\/actu.fr\/enquetes-d-actu\" target=\"_blank\" rel=\"noopener\">Enqu\u00eates d\u2019actu<\/a> avait d\u00e9j\u00e0 expos\u00e9 les diff\u00e9rentes mani\u00e8res de faire circuler la coca\u00efne depuis ses zones de production en Am\u00e9rique du Sud jusque dans les campagnes fran\u00e7aises. Voici les liens vers les deux volets de notre enqu\u00eate :<\/p>\n<ul class=\" wall-content\">\n<li><a href=\"https:\/\/actu.fr\/societe\/enquete-les-autoroutes-de-la-cocaine-d-amerique-du-sud-jusqu-en-france_61033543.html\" target=\"_blank\" rel=\"noopener\">Les \u00ab autoroutes \u00bb de la coca\u00efne d\u2019Am\u00e9rique du Sud jusqu\u2019en France<\/a>. Les trafiquants d\u2019Am\u00e9rique latine, principalement, sont constamment en recherche de nouvelles routes pour acheminer la coke vers l\u2019Europe, premier march\u00e9 mondial.<\/li>\n<li><a href=\"https:\/\/actu.fr\/societe\/go-slow-mules-peniches-comment-la-cocaine-inonde-la-france-jusque-dans-nos-campagnes_61008559.html\" target=\"_blank\" rel=\"noopener\">Go-slow, \u00ab mules \u00bb, p\u00e9niches\u2026 Comment la coca\u00efne inonde la France jusque dans nos campagnes<\/a>. Une fois la drogue arriv\u00e9e sur le sol fran\u00e7ais, nous avons recens\u00e9 six m\u00e9thodes de transport utilis\u00e9es par les trafiquants. Certaines, bien connues, sont en perte de vitesse, tandis que d\u2019autres, encore confidentielles, prennent de l\u2019ampleur.<\/li>\n<\/ul>\n<p class=\" wall-content\">Personnalisez votre actualit\u00e9 en ajoutant vos villes et m\u00e9dias en favori avec <a href=\"https:\/\/moncompte.actu.fr\" title=\"D\u00e9couvez Mon Actu\" rel=\"nofollow noopener\" data-trk=\"{&quot;cta&quot;:{&quot;action&quot;:&quot;https:\\\/\\\/moncompte.actu.fr&quot;,&quot;category&quot;:&quot;mon compte&quot;,&quot;from&quot;:&quot;article footer&quot;,&quot;name&quot;:&quot;Mon actu&quot;,&quot;type&quot;:&quot;cta&quot;}}\" target=\"_blank\">Mon Actu<\/a>.<\/p>\n","protected":false},"excerpt":{"rendered":"Par Valentin Leboss\u00e9 Publi\u00e9 le 28 ao\u00fbt 2025 \u00e0 15h20 3,7 millions de Fran\u00e7ais ont d\u00e9j\u00e0 consomm\u00e9 de&hellip;\n","protected":false},"author":2,"featured_media":350208,"comment_status":"","ping_status":"","sticky":false,"template":"","format":"standard","meta":{"footnotes":""},"categories":[9587],"tags":[1111,11,3993,1052,1777,674,1011,27,813,12,5161,25,9590,104],"class_list":{"0":"post-350207","1":"post","2":"type-post","3":"status-publish","4":"format-standard","5":"has-post-thumbnail","7":"category-rouen","8":"tag-actu","9":"tag-actualites","10":"tag-cocaine","11":"tag-drogue","12":"tag-eu","13":"tag-europe","14":"tag-fr","15":"tag-france","16":"tag-narcotrafiquants","17":"tag-news","18":"tag-normandie","19":"tag-republique-francaise","20":"tag-rouen","21":"tag-societe"},"share_on_mastodon":{"url":"","error":""},"_links":{"self":[{"href":"https:\/\/www.europesays.com\/fr\/wp-json\/wp\/v2\/posts\/350207","targetHints":{"allow":["GET"]}}],"collection":[{"href":"https:\/\/www.europesays.com\/fr\/wp-json\/wp\/v2\/posts"}],"about":[{"href":"https:\/\/www.europesays.com\/fr\/wp-json\/wp\/v2\/types\/post"}],"author":[{"embeddable":true,"href":"https:\/\/www.europesays.com\/fr\/wp-json\/wp\/v2\/users\/2"}],"replies":[{"embeddable":true,"href":"https:\/\/www.europesays.com\/fr\/wp-json\/wp\/v2\/comments?post=350207"}],"version-history":[{"count":0,"href":"https:\/\/www.europesays.com\/fr\/wp-json\/wp\/v2\/posts\/350207\/revisions"}],"wp:featuredmedia":[{"embeddable":true,"href":"https:\/\/www.europesays.com\/fr\/wp-json\/wp\/v2\/media\/350208"}],"wp:attachment":[{"href":"https:\/\/www.europesays.com\/fr\/wp-json\/wp\/v2\/media?parent=350207"}],"wp:term":[{"taxonomy":"category","embeddable":true,"href":"https:\/\/www.europesays.com\/fr\/wp-json\/wp\/v2\/categories?post=350207"},{"taxonomy":"post_tag","embeddable":true,"href":"https:\/\/www.europesays.com\/fr\/wp-json\/wp\/v2\/tags?post=350207"}],"curies":[{"name":"wp","href":"https:\/\/api.w.org\/{rel}","templated":true}]}}