{"id":350210,"date":"2025-08-28T15:18:20","date_gmt":"2025-08-28T15:18:20","guid":{"rendered":"https:\/\/www.europesays.com\/fr\/350210\/"},"modified":"2025-08-28T15:18:20","modified_gmt":"2025-08-28T15:18:20","slug":"en-quelques-jours-il-est-pris-a-voler-deux-fois-dans-le-meme-magasin","status":"publish","type":"post","link":"https:\/\/www.europesays.com\/fr\/350210\/","title":{"rendered":"en quelques jours, il est pris \u00e0 voler deux fois dans le m\u00eame magasin"},"content":{"rendered":"<p>            Par<br \/>\n        <strong><br \/>\n            <a href=\"https:\/\/actu.fr\/auteur\/aurelien-delavaud\" title=\"Consulter tous les articles de Aur\u00e9lien Delavaud\" rel=\"nofollow noopener\" target=\"_blank\">Aur\u00e9lien Delavaud<\/a><br \/>\n        <\/strong><\/p>\n<p>        Publi\u00e9 le<\/p>\n<p>            28 ao\u00fbt 2025 \u00e0 14h54        <\/p>\n<p>Il est pr\u00e8s de 20\u2009h, le mercredi 27\u00a0ao\u00fbt 2025, lorsque la s\u00e9curit\u00e9 du <b>magasin Leclerc<\/b> de <a href=\"https:\/\/actu.fr\/normandie\/saint-pierre-les-elbeuf_76640\" rel=\"nofollow noopener\" target=\"_blank\">Saint-Pierre-l\u00e8s-Elbeuf (Seine-Maritime)<\/a> intervient.<\/p>\n<p class=\" wall-content\">Un homme qui porte un casque audio tente de passer les caisses. Mais selon toute vraisemblance, il n\u2019est pas arriv\u00e9 avec ce casque, qu\u2019il a pris dans un rayon.<\/p>\n<p>D\u00e9j\u00e0 pris la main dans le sac deux jours avant<\/p>\n<p class=\" wall-content\">Alert\u00e9, un \u00e9quipage de <b>police<\/b> se rend sur place et constate la tentative de <b>vol \u00e0 l\u2019\u00e9talage<\/b>, pour un pr\u00e9judice \u00e9valu\u00e9 \u00e0 299\u00a0\u20ac.<\/p>\n<p class=\" wall-content\">Ce qui attire l\u2019attention, c\u2019est que l\u2019homme n\u2019en est pas \u00e0 son coup d\u2019essai dans ce magasin. Pire encore\u2009: seulement deux jours plus t\u00f4t, il a \u00e9t\u00e9 vu en train d\u2019essayer de voler un ordinateur portable.<\/p>\n<p class=\" wall-content\">Selon la police, des images de vid\u00e9osurveillance le montrent d\u00e9j\u00e0 en train d\u2019essayer de d\u00e9rober des articles dans les semaines pr\u00e9c\u00e9dentes.<\/p>\n<p>Vid\u00e9os : en ce moment sur Actu<\/p>\n<p class=\" wall-content\">L\u2019homme de 41\u00a0ans, originaire de Rouen, a \u00e9t\u00e9 interpell\u00e9.<\/p>\n<p class=\" wall-content\">Personnalisez votre actualit\u00e9 en ajoutant vos villes et m\u00e9dias en favori avec <a href=\"https:\/\/moncompte.actu.fr\" title=\"D\u00e9couvez Mon Actu\" rel=\"nofollow noopener\" data-trk=\"{&quot;cta&quot;:{&quot;action&quot;:&quot;https:\\\/\\\/moncompte.actu.fr&quot;,&quot;category&quot;:&quot;mon compte&quot;,&quot;from&quot;:&quot;article footer&quot;,&quot;name&quot;:&quot;Mon actu&quot;,&quot;type&quot;:&quot;cta&quot;}}\" target=\"_blank\">Mon Actu<\/a>.<\/p>\n","protected":false},"excerpt":{"rendered":"Par Aur\u00e9lien Delavaud Publi\u00e9 le 28 ao\u00fbt 2025 \u00e0 14h54 Il est pr\u00e8s de 20\u2009h, le mercredi 27\u00a0ao\u00fbt&hellip;\n","protected":false},"author":2,"featured_media":350211,"comment_status":"","ping_status":"","sticky":false,"template":"","format":"standard","meta":{"footnotes":""},"categories":[9587],"tags":[1111,11,1777,674,118,1011,27,12,5161,25,9590],"class_list":{"0":"post-350210","1":"post","2":"type-post","3":"status-publish","4":"format-standard","5":"has-post-thumbnail","7":"category-rouen","8":"tag-actu","9":"tag-actualites","10":"tag-eu","11":"tag-europe","12":"tag-faits-divers","13":"tag-fr","14":"tag-france","15":"tag-news","16":"tag-normandie","17":"tag-republique-francaise","18":"tag-rouen"},"share_on_mastodon":{"url":"https:\/\/pubeurope.com\/@fr\/115107063568722526","error":""},"_links":{"self":[{"href":"https:\/\/www.europesays.com\/fr\/wp-json\/wp\/v2\/posts\/350210","targetHints":{"allow":["GET"]}}],"collection":[{"href":"https:\/\/www.europesays.com\/fr\/wp-json\/wp\/v2\/posts"}],"about":[{"href":"https:\/\/www.europesays.com\/fr\/wp-json\/wp\/v2\/types\/post"}],"author":[{"embeddable":true,"href":"https:\/\/www.europesays.com\/fr\/wp-json\/wp\/v2\/users\/2"}],"replies":[{"embeddable":true,"href":"https:\/\/www.europesays.com\/fr\/wp-json\/wp\/v2\/comments?post=350210"}],"version-history":[{"count":0,"href":"https:\/\/www.europesays.com\/fr\/wp-json\/wp\/v2\/posts\/350210\/revisions"}],"wp:featuredmedia":[{"embeddable":true,"href":"https:\/\/www.europesays.com\/fr\/wp-json\/wp\/v2\/media\/350211"}],"wp:attachment":[{"href":"https:\/\/www.europesays.com\/fr\/wp-json\/wp\/v2\/media?parent=350210"}],"wp:term":[{"taxonomy":"category","embeddable":true,"href":"https:\/\/www.europesays.com\/fr\/wp-json\/wp\/v2\/categories?post=350210"},{"taxonomy":"post_tag","embeddable":true,"href":"https:\/\/www.europesays.com\/fr\/wp-json\/wp\/v2\/tags?post=350210"}],"curies":[{"name":"wp","href":"https:\/\/api.w.org\/{rel}","templated":true}]}}