{"id":350212,"date":"2025-08-28T15:21:34","date_gmt":"2025-08-28T15:21:34","guid":{"rendered":"https:\/\/www.europesays.com\/fr\/350212\/"},"modified":"2025-08-28T15:21:34","modified_gmt":"2025-08-28T15:21:34","slug":"grenoble-lhumoriste-jarry-en-spectacle-gratuit-pour-linauguration-de-la-nouvelle-salle-dalpexpo","status":"publish","type":"post","link":"https:\/\/www.europesays.com\/fr\/350212\/","title":{"rendered":"Grenoble. L&rsquo;humoriste Jarry en spectacle gratuit pour l\u2019inauguration de la nouvelle salle d\u2019Alpexpo"},"content":{"rendered":"<p>C\u2019est l\u2019humoriste Jarry qui a \u00e9t\u00e9 choisi pour inaugurer l\u2019Auditorium la <a href=\"https:\/\/www.ledauphine.com\/culture-loisirs\/2025\/04\/17\/isere-grenoble-une-des-premieres-en-france-a-beneficier-de-ce-type-d-acoustique-l-ultramoderne-auditorium-entre-en-scene-a-alpexpo\" target=\"_blank\" rel=\"noopener\">nouvelle salle d\u2019Alpexpo<\/a> \u00e0 Grenoble. Avec une capacit\u00e9 de 600 \u00e0 2 100 places (jusqu\u2019\u00e0 1 500 places assises), cette salle, situ\u00e9e juste \u00e0 c\u00f4t\u00e9 du <a href=\"https:\/\/www.ledauphine.com\/culture-loisirs\/2025\/06\/20\/aucune-ville-dans-le-monde-ne-m-a-accueilli-20-fois-gad-elmaleh-va-battre-un-nouveau-record-au-summum-a-grenoble\" target=\"_blank\" rel=\"noopener\">Summum<\/a>, b\u00e9n\u00e9ficie des derni\u00e8res technologies en mati\u00e8re de lumi\u00e8re et de son. Outre Jarry (spectacle gratuit), on retrouvera dans la saison David Voinson, Il \u00c9tait Une Fois\u2026 Ennio Morricone &amp; Nino Rota, Moguiz, Piaf\u00a0! Le Spectacle, ABBA Gold, Roberto Alagna, Julien Clerc, Sheila\u2026<\/p>\n<p class=\"note\">Mercredi 1er\u00a0octobre \u00e0 19h30 \u00e0 l\u2019Auditorium \u00e0 Grenoble. Gratuit sur r\u00e9servation \u00e0 partir du mardi 9\u00a0septembre \u00e0 10 heures sur <a title=\"my.weezevent.com\" href=\"https:\/\/my.weezevent.com\/inauguration-auditorium.\" target=\"_blank\" rel=\"noopener\">my.weezevent.com\/inauguration-auditorium<\/a><\/p>\n","protected":false},"excerpt":{"rendered":"C\u2019est l\u2019humoriste Jarry qui a \u00e9t\u00e9 choisi pour inaugurer l\u2019Auditorium la nouvelle salle d\u2019Alpexpo \u00e0 Grenoble. Avec une&hellip;\n","protected":false},"author":2,"featured_media":350213,"comment_status":"","ping_status":"","sticky":false,"template":"","format":"standard","meta":{"footnotes":""},"categories":[9566],"tags":[1111,11,2430,1687,112,1777,674,107,1011,27,2731,2732,108,12,25,3140],"class_list":{"0":"post-350212","1":"post","2":"type-post","3":"status-publish","4":"format-standard","5":"has-post-thumbnail","7":"category-grenoble","8":"tag-actu","9":"tag-actualites","10":"tag-auvergne-rhone-alpes","11":"tag-culture-loisirs","12":"tag-edition-grenoble-agglomeration","13":"tag-eu","14":"tag-europe","15":"tag-fil-info","16":"tag-fr","17":"tag-france","18":"tag-grenoble","19":"tag-grenoble-bassin","20":"tag-isere","21":"tag-news","22":"tag-republique-francaise","23":"tag-spectacle"},"share_on_mastodon":{"url":"https:\/\/pubeurope.com\/@fr\/115107075433925405","error":""},"_links":{"self":[{"href":"https:\/\/www.europesays.com\/fr\/wp-json\/wp\/v2\/posts\/350212","targetHints":{"allow":["GET"]}}],"collection":[{"href":"https:\/\/www.europesays.com\/fr\/wp-json\/wp\/v2\/posts"}],"about":[{"href":"https:\/\/www.europesays.com\/fr\/wp-json\/wp\/v2\/types\/post"}],"author":[{"embeddable":true,"href":"https:\/\/www.europesays.com\/fr\/wp-json\/wp\/v2\/users\/2"}],"replies":[{"embeddable":true,"href":"https:\/\/www.europesays.com\/fr\/wp-json\/wp\/v2\/comments?post=350212"}],"version-history":[{"count":0,"href":"https:\/\/www.europesays.com\/fr\/wp-json\/wp\/v2\/posts\/350212\/revisions"}],"wp:featuredmedia":[{"embeddable":true,"href":"https:\/\/www.europesays.com\/fr\/wp-json\/wp\/v2\/media\/350213"}],"wp:attachment":[{"href":"https:\/\/www.europesays.com\/fr\/wp-json\/wp\/v2\/media?parent=350212"}],"wp:term":[{"taxonomy":"category","embeddable":true,"href":"https:\/\/www.europesays.com\/fr\/wp-json\/wp\/v2\/categories?post=350212"},{"taxonomy":"post_tag","embeddable":true,"href":"https:\/\/www.europesays.com\/fr\/wp-json\/wp\/v2\/tags?post=350212"}],"curies":[{"name":"wp","href":"https:\/\/api.w.org\/{rel}","templated":true}]}}